{"id":191654,"date":"2008-01-13T20:54:14","date_gmt":"2008-01-13T20:54:14","guid":{"rendered":"http:\/\/diariodominicano.ddns.net\/?p=191654"},"modified":"2008-01-13T20:54:14","modified_gmt":"2008-01-13T20:54:14","slug":"en-santo-domingo-oesteamable-encabeza-marcha-caravana-y-juramenta-dirigentes-pld-y-pap-que-apoyan-su-candidatura","status":"publish","type":"post","link":"https:\/\/diariodominicano.com\/?p=191654","title":{"rendered":"En Santo Domingo Oeste:Amable encabeza marcha-caravana y juramenta dirigentes PLD y PAP que apoyan su candidatura"},"content":{"rendered":"<p><body><\/p>\n<p align=\"justify\" class=\"titulogrande1\">En Santo Domingo Oeste: <strong>Amable encabeza marcha-caravana y juramenta<\/strong> <strong>dirigentes PLD y PAP que apoyan su candidatura<\/strong><\/p>\n<p>&#13;<\/p>\n<p align=\"justify\" class=\"text1noticias\"><strong><img loading=\"lazy\" decoding=\"async\" src=\"http:\/\/localhost:8080\/pictures\/amable caravana.jpg\" width=\"269\" height=\"362\" hspace=\"4\" align=\"left\" \/>Santo Domingo.- <\/strong>El candidato  presidencial reformista, Amable Aristy Castro, encabez\u00f3 una gigantesca marcha  caravana que recorri\u00f3 una veintena de barrios del municipio Santo Domingo  Oeste, donde recibi\u00f3 un amplio respaldo y jurament\u00f3 a centenares de dirigentes  pelede\u00edstas, del Partido Acci\u00f3n Popular (PAP) y nuevos votantes que pasaron a  respaldar sus aspiraciones presidenciales.<\/p>\n<p>&#13;<\/p>\n<p align=\"justify\" class=\"text1noticias\">La actividad se  inici\u00f3 cerca del mediod\u00eda en la avenida Isabel Aguiar esquina M\u00e9xico, del  sector de Herrera,\u00a0 donde el candidato  reformista subi\u00f3 a la parte trasera de uno de sus veh\u00edculos y comenz\u00f3 el largo  recorrido seguido de miles de seguidores que los acompa\u00f1aron por La Palma, Altagracia, Guajim\u00eda,  Libertador, Duarte, Los Arrozales y Pedro Brand.<\/p>\n<p>&#13;<\/p>\n<p align=\"justify\" class=\"text1noticias\">Las  juramentaciones de los dirigentes pelede\u00edstas, del PAP que lidera el general  retirado Pedro de Jes\u00fas Candelier y los nuevos votantes, en su mayor\u00eda  estudiantes universitarios, se llevaron a cabo en actos separados en Herrera y  Pedro Brand, en el que Aristy Castro agradeci\u00f3 el respaldo y dijo que trabajar\u00e1  a tiempo completo hasta alcanzar la Presidencia de la Rep\u00fablica para hacer  realidad el \u201cgobierno de los pobres\u201d.<\/p>\n<p>&#13;<\/p>\n<p align=\"justify\" class=\"text1noticias\">Sostuvo que no abandonar\u00e1  las calles hasta que el favor popular lo encamine hasta las escalinatas del  Palacio Nacional para iniciar una \u201crevoluci\u00f3n social\u201d contra la marginalidad,  diferencias y las brechas entre ricos y pobres.<\/p>\n<p>&#13;<\/p>\n<p align=\"justify\" class=\"text1noticias\">\u201cVamos a saldar  la enorme deuda social que tiene el Estado con los pobres de Rep\u00fablica Dominicana\u201d,  agreg\u00f3.<\/p>\n<p>&#13;<\/p>\n<p align=\"justify\" class=\"text1noticias\">Resalt\u00f3 asimismo  que trabajar\u00e1 22 horas al d\u00eda y visitar\u00e1 palmo al palmo cada rinc\u00f3n de la Patria \u201cya sea por aire,  agua, tierra, en carros, camionetas, motocicletas, a caballos o a pie\u201d.<\/p>\n<p>&#13;<\/p>\n<p align=\"justify\" class=\"text1noticias\">El aspirante a la Presidencia de la Rep\u00fablica indic\u00f3 en ese  sentido que no quedar\u00e1 un rinc\u00f3n del pa\u00eds donde no llegue la pr\u00e9dica de la  necesidad de darle un gobierno a los pobres.<\/p>\n<p>&#13;<\/p>\n<p align=\"justify\" class=\"text1noticias\">\u201cNo descansar\u00e9,  no desmayar\u00e9 e invertir\u00e9 todos mis esfuerzos para darle oportunidad a los que  nunca la han tenido\u201d, destac\u00f3.<\/p>\n<p>&#13;<\/p>\n<p align=\"justify\" class=\"text1noticias\">Aristy Castro  asegur\u00f3 que solo \u00e9l puede garantizarles ascenso social a los pobres, ampliando  la clase media y erradicando la pobreza y la indigencia.<\/p>\n<p>&#13;<\/p>\n<p align=\"justify\" class=\"text1noticias\">Durante la caravana  Aristy Castro distribuy\u00f3 gallinas, salami, canastillas, sillas de ruedas y  dinero en efectivo, adem\u00e1s de dos camiones repletos de pl\u00e1tanos y aguacate.\u00a0 <\/p>\n<p>&#13;<\/p>\n<p align=\"justify\" class=\"text1noticias\">Tambi\u00e9n visit\u00f3  varias compra-ventas, donde pag\u00f3 las deudas que ten\u00edan cientos de personas por art\u00edculos  empe\u00f1ados, como neveras, televisores, radio, estufas, planchas, ropas y otros.<\/p>\n<p>&#13;<\/p>\n<p align=\"justify\" class=\"text1noticias\">Igualmente  visit\u00f3 una veintena de salones de belleza que operan en los diferentes barrios del  municipio Santo Domingo Oeste, donde se detuvo para pagar el arreglo de pelo a  cientos de mujeres de escasos recursos, quienes agradec\u00edan al grito: \u201c!Que viva  Amable, el presidente de los pobres!\u201d.<\/p>\n<p>&#13;<\/p>\n<h6> 2008-01-13 20:54:14 <\/h6>\n<p><!--\n<link rel=\"stylesheet\" href=\"css\/bootstrap.min.css\">\n\n\n<ul class=\"pagination\">\n\t    \n\t\n\n<li >\n\t<a href='?page_no=34401'>Previous<\/a>\n\t<\/li>\n\n\n       \n    \n\n<li><a href='?page_no=1'>1<\/a><\/li>\n\n\n\n<li><a href='?page_no=2'>2<\/a><\/li>\n\n\n\n<li><a>...<\/a><\/li>\n\n\n\n<li><a href='?page_no=34400'>34400<\/a><\/li>\n\n\n\n<li><a href='?page_no=34401'>34401<\/a><\/li>\n\n\n\n<li class='active'><a>34402<\/a><\/li>\n\n\n\n<li><a href='?page_no=34403'>34403<\/a><\/li>\n\n\n\n<li><a href='?page_no=34404'>34404<\/a><\/li>\n\n\n\n<li><a>...<\/a><\/li>\n\n\n\n<li><a href='?page_no=36999'>36999<\/a><\/li>\n\n\n\n<li><a href='?page_no=37000'>37000<\/a><\/li>\n\n    \n\t\n\n<li >\n\t<a href='?page_no=34403'>Next<\/a>\n\t<\/li>\n\n\n    \n\n<li><a href='?page_no=37000'>Last &rsaquo;&rsaquo;<\/a><\/li>\n\n<\/ul>\n\n\n--><br \/>\n<\/body><\/p>\n","protected":false},"excerpt":{"rendered":"<p>En Santo Domingo Oeste: Amable encabeza marcha-caravana y juramenta dirigentes PLD y PAP que apoyan su candidatura &#13; Santo Domingo.- El candidato presidencial reformista, Amable Aristy Castro, encabez\u00f3 una gigantesca marcha caravana que recorri\u00f3 una veintena de barrios del municipio Santo Domingo Oeste, donde recibi\u00f3 un amplio respaldo y jurament\u00f3 a centenares de dirigentes pelede\u00edstas, [&hellip;]<\/p>\n","protected":false},"author":3,"featured_media":0,"comment_status":"open","ping_status":"open","sticky":false,"template":"","format":"standard","meta":{"footnotes":""},"categories":[22],"tags":[],"class_list":["post-191654","post","type-post","status-publish","format-standard","hentry","category-politica"],"_links":{"self":[{"href":"https:\/\/diariodominicano.com\/index.php?rest_route=\/wp\/v2\/posts\/191654","targetHints":{"allow":["GET"]}}],"collection":[{"href":"https:\/\/diariodominicano.com\/index.php?rest_route=\/wp\/v2\/posts"}],"about":[{"href":"https:\/\/diariodominicano.com\/index.php?rest_route=\/wp\/v2\/types\/post"}],"author":[{"embeddable":true,"href":"https:\/\/diariodominicano.com\/index.php?rest_route=\/wp\/v2\/users\/3"}],"replies":[{"embeddable":true,"href":"https:\/\/diariodominicano.com\/index.php?rest_route=%2Fwp%2Fv2%2Fcomments&post=191654"}],"version-history":[{"count":0,"href":"https:\/\/diariodominicano.com\/index.php?rest_route=\/wp\/v2\/posts\/191654\/revisions"}],"wp:attachment":[{"href":"https:\/\/diariodominicano.com\/index.php?rest_route=%2Fwp%2Fv2%2Fmedia&parent=191654"}],"wp:term":[{"taxonomy":"category","embeddable":true,"href":"https:\/\/diariodominicano.com\/index.php?rest_route=%2Fwp%2Fv2%2Fcategories&post=191654"},{"taxonomy":"post_tag","embeddable":true,"href":"https:\/\/diariodominicano.com\/index.php?rest_route=%2Fwp%2Fv2%2Ftags&post=191654"}],"curies":[{"name":"wp","href":"https:\/\/api.w.org\/{rel}","templated":true}]}}