{"id":191652,"date":"2008-01-13T23:09:22","date_gmt":"2008-01-13T23:09:22","guid":{"rendered":"http:\/\/diariodominicano.ddns.net\/?p=191652"},"modified":"2008-01-13T23:09:22","modified_gmt":"2008-01-13T23:09:22","slug":"leonel-fernandez-solo-el-pld-garantiza-democracia-y-desarrollo","status":"publish","type":"post","link":"https:\/\/diariodominicano.com\/?p=191652","title":{"rendered":"Leonel Fern\u00e1ndez: s\u00f3lo el PLD garantiza democracia y desarrollo"},"content":{"rendered":"<p><body><\/p>\n<p class=\"titulogrande1\">Leonel Fern\u00e1ndez: s\u00f3lo el PLD  garantiza democracia y desarrollo<\/p>\n<p>&#13;<\/p>\n<p>\u00a0<\/p>\n<p>&#13;<\/p>\n<ul>&#13;<\/p>\n<li>&#13;\n<div align=\"justify\" class=\"text1noticias\">Durante una  asamblea con cientos de dirigentes nacionales destac\u00f3 que el PLD es un partido  que desde el gobierno no solamente ha respetado el derecho a la disidencia,  sino que la ha promovido como forma de asegurar la vigencia del sistema  democr\u00e1tico y ha creado las condiciones econ\u00f3micas y sociales para insertar al  pa\u00eds en el marco internacional y avanzar hacia la erradicaci\u00f3n de la pobreza.<\/div>\n<p>&#13;\n  <\/li>\n<p>&#13;\n<\/ul>\n<p>&#13;<\/p>\n<div align=\"justify\">&#13;<\/p>\n<ul>&#13;<\/p>\n<li class=\"text1noticias\">Advirti\u00f3 a sus  compa\u00f1eros de partido que no ser\u00e1 un triunfo para aplastar a nadie y que, por  el contrario, deben verlo como una oportunidad para ser cada vez m\u00e1s humildes,  m\u00e1s sencillos y trabajar para cristalizar los sue\u00f1os y esperanzas de los  dominicanos.<\/li>\n<p>&#13;\n  <\/ul>\n<p>&#13;\n<\/p><\/div>\n<p>&#13;<\/p>\n<p align=\"justify\" class=\"text1noticias\"><strong><img loading=\"lazy\" decoding=\"async\" src=\"http:\/\/localhost:8080\/pictures\/leonel y maldonado nueva.jpg\" width=\"269\" height=\"239\" hspace=\"4\" align=\"left\" \/>SANTO DOMINGO.-<\/strong> El presidente  de la Rep\u00fablica  y candidato presidencial Leonel Fern\u00e1ndez proclam\u00f3 este domingo \u00a0que Partido de la Liberaci\u00f3n Dominicana  representa la \u00fanica garant\u00eda para crear un nuevo pa\u00eds que avance hacia el  desarrollo, apoyado en el fortalecimiento democr\u00e1tico, un estado de derecho que  respete las libertades p\u00fablicas, el medio ambiente, los recursos naturales y  fomente\u00a0 los valores morales, culturales  e hist\u00f3ricos del Pa\u00eds.<\/p>\n<p>&#13;<\/p>\n<p align=\"justify\" class=\"text1noticias\">Dijo que ese el principal  reto de la Rep\u00fablica Dominicana  en el actual contexto hist\u00f3rico y pol\u00edtica, al tiempo de se\u00f1alar que el PLD es  la organizaci\u00f3n que mejor entiende la necesidad de asegurar a los dominicanos  una naci\u00f3n m\u00e1s democr\u00e1tica, respetuosa de sus normas, que no caiga en abusos y en  capacidad\u00a0 de \u00a0proyectar al mundo\u00a0 la respetabilidad de sus ciudadanos, de sus  instituciones y de sus leyes.<\/p>\n<p>&#13;<\/p>\n<p align=\"justify\" class=\"text1noticias\">Durante una asamblea con  cientos de dirigentes nacionales destac\u00f3 que el PLD es un partido que desde el  gobierno no solamente ha respetado el derecho a la disidencia, sino que la ha  promovido como forma de asegurar la vigencia del sistema democr\u00e1tico y ha  creado las condiciones econ\u00f3micas y sociales para insertar al pa\u00eds en el marco  internacional y avanzar hacia la erradicaci\u00f3n de la pobreza.<\/p>\n<p>&#13;<\/p>\n<p align=\"justify\" class=\"text1noticias\">\u00a8Es eso lo que demanda el  momento hist\u00f3rico, una naci\u00f3n m\u00e1s democr\u00e1tica, un estado de derecho, respetuoso  de las normas, que no caiga en arbitrariedades, que respete y haga respetar las  leyes, las instituciones y a sus ciudadanos\u00a8, proclam\u00f3 Leonel Fern\u00e1ndez.<\/p>\n<p>&#13;<\/p>\n<p align=\"justify\" class=\"text1noticias\">Ante una multitud euf\u00f3rica,  el presidente Leonel Fern\u00e1ndez se apoy\u00f3 en esa visi\u00f3n de la actual coyuntura  pol\u00edtica para asegurar que el PLD y sus aliados \u00a0ganar\u00e1n en forma arrolladora los comicios del  16 de mayo pr\u00f3ximo para completar las transformaciones econ\u00f3micas y sociales  que coloquen a la Rep\u00fablica Dominicana  en las sendas del provenir y el progreso social para todos los ciudadanos.<\/p>\n<p>&#13;<\/p>\n<p align=\"justify\" class=\"text1noticias\">Sin embargo advirti\u00f3 a sus  compa\u00f1eros de partido que no ser\u00e1 un triunfo para aplastar a nadie y que, por  el contrario, deben verlo como una oportunidad para ser cada vez m\u00e1s humildes,  m\u00e1s sencillos y trabajar para cristalizar los sue\u00f1os y esperanzas de los  dominicanos.<\/p>\n<p>&#13;<\/p>\n<p align=\"justify\" class=\"text1noticias\">Hizo referencia al proceso de  transformaciones que ha sufrido el PLD en los \u00faltimos a\u00f1os hasta convertirse en  la primera fuerza pol\u00edtica de la Rep\u00fablica Dominicana,  pero plante\u00f3 que tras la victoria de mayo venidero es urgente trabajar hacia la  consolidaci\u00f3n y el fortalecimiento institucional,\u00a0 de modo que el pueblo encuentre en el PLD  el\u00a0 instrumento pol\u00edtico garante de un  futuro siempre mejor para todos los dominicanos.<\/p>\n<p>&#13;<\/p>\n<p align=\"justify\" class=\"text1noticias\">A modo de exhortaci\u00f3n  insisti\u00f3 en que\u00a0 \u201cNo quiero que un nuevo  triunfo desate al interior del partido la b\u00fasqueda de posiciones individuales  con miras a las elecciones del a\u00f1o que viene, ganaremos primero las elecciones  del 2008 y luego ganaremos las elecciones del 2010\u00a8<\/p>\n<p>&#13;<\/p>\n<p align=\"justify\" class=\"text1noticias\">\u00a8Nuestra reelecci\u00f3n tiene un  car\u00e1cter simb\u00f3lico porque el 2008 un triunfo electoral del PLD consolida el  ideal inicial de los precursores, de los independentistas latinoamericanos que  es la democracia latinoamericana y la democracia en la Rep\u00fablica Dominicana\u00a8.<\/p>\n<p>&#13;<\/p>\n<p align=\"justify\" class=\"text1noticias\">Leonel Fern\u00e1ndez record\u00f3 que,  inspirados en los principios y ense\u00f1anzas del profesor Juan Bosch, el PLD \u00a0siempre ha creido en el valor de las ideas en  el sentido de la historia, al asegurar que todo cuanto puedan realizar desde el  poder carece de significado si no est\u00e1 colocado \u00a0en un sentido de la historia.<\/p>\n<p>&#13;<\/p>\n<p align=\"justify\" class=\"text1noticias\">Dijo que esa la gran  diferencia que separa al PLD de otras organizaciones pol\u00edticas,  fundamentalmente de sus opositores, de quienes dijo ven la pol\u00edtica como una  forma de \u00a0llegar al poder para hacer  negocios, para hacer fortunas personales.<\/p>\n<p>&#13;<\/p>\n<p align=\"justify\" class=\"text1noticias\">Adem\u00e1s del presidente y candidato  a la reelecci\u00f3n, \u00a0Leonel Fern\u00e1ndez, hablaron  el secretario general, Reynaldo Pared P\u00e9rez, Francisco Javier Garc\u00eda,  coordinador nacional de campa\u00f1a, y \u00a0Franklin Almeyda, coordinador electoral,  quienes trazaron las l\u00edneas generales y las estrategias a seguir para asegurar  el triunfo en la contienda electoral del 16 de mayo pr\u00f3ximo que les abrir\u00e1 las  puertas al PLD de un nuevo per\u00edodo en la direcci\u00f3n del Estado.<\/p>\n<p>&#13;<\/p>\n<h6> 2008-01-13 23:09:22 <\/h6>\n<p><!--\n<link rel=\"stylesheet\" href=\"css\/bootstrap.min.css\">\n\n\n<ul class=\"pagination\">\n\t    \n\t\n\n<li >\n\t<a href='?page_no=34399'>Previous<\/a>\n\t<\/li>\n\n\n       \n    \n\n<li><a href='?page_no=1'>1<\/a><\/li>\n\n\n\n<li><a href='?page_no=2'>2<\/a><\/li>\n\n\n\n<li><a>...<\/a><\/li>\n\n\n\n<li><a href='?page_no=34398'>34398<\/a><\/li>\n\n\n\n<li><a href='?page_no=34399'>34399<\/a><\/li>\n\n\n\n<li class='active'><a>34400<\/a><\/li>\n\n\n\n<li><a href='?page_no=34401'>34401<\/a><\/li>\n\n\n\n<li><a href='?page_no=34402'>34402<\/a><\/li>\n\n\n\n<li><a>...<\/a><\/li>\n\n\n\n<li><a href='?page_no=36999'>36999<\/a><\/li>\n\n\n\n<li><a href='?page_no=37000'>37000<\/a><\/li>\n\n    \n\t\n\n<li >\n\t<a href='?page_no=34401'>Next<\/a>\n\t<\/li>\n\n\n    \n\n<li><a href='?page_no=37000'>Last &rsaquo;&rsaquo;<\/a><\/li>\n\n<\/ul>\n\n\n--><br \/>\n<\/body><\/p>\n","protected":false},"excerpt":{"rendered":"<p>Leonel Fern\u00e1ndez: s\u00f3lo el PLD garantiza democracia y desarrollo &#13; \u00a0 &#13; &#13; &#13; Durante una asamblea con cientos de dirigentes nacionales destac\u00f3 que el PLD es un partido que desde el gobierno no solamente ha respetado el derecho a la disidencia, sino que la ha promovido como forma de asegurar la vigencia del sistema [&hellip;]<\/p>\n","protected":false},"author":3,"featured_media":0,"comment_status":"open","ping_status":"open","sticky":false,"template":"","format":"standard","meta":{"footnotes":""},"categories":[22],"tags":[],"class_list":["post-191652","post","type-post","status-publish","format-standard","hentry","category-politica"],"_links":{"self":[{"href":"https:\/\/diariodominicano.com\/index.php?rest_route=\/wp\/v2\/posts\/191652","targetHints":{"allow":["GET"]}}],"collection":[{"href":"https:\/\/diariodominicano.com\/index.php?rest_route=\/wp\/v2\/posts"}],"about":[{"href":"https:\/\/diariodominicano.com\/index.php?rest_route=\/wp\/v2\/types\/post"}],"author":[{"embeddable":true,"href":"https:\/\/diariodominicano.com\/index.php?rest_route=\/wp\/v2\/users\/3"}],"replies":[{"embeddable":true,"href":"https:\/\/diariodominicano.com\/index.php?rest_route=%2Fwp%2Fv2%2Fcomments&post=191652"}],"version-history":[{"count":0,"href":"https:\/\/diariodominicano.com\/index.php?rest_route=\/wp\/v2\/posts\/191652\/revisions"}],"wp:attachment":[{"href":"https:\/\/diariodominicano.com\/index.php?rest_route=%2Fwp%2Fv2%2Fmedia&parent=191652"}],"wp:term":[{"taxonomy":"category","embeddable":true,"href":"https:\/\/diariodominicano.com\/index.php?rest_route=%2Fwp%2Fv2%2Fcategories&post=191652"},{"taxonomy":"post_tag","embeddable":true,"href":"https:\/\/diariodominicano.com\/index.php?rest_route=%2Fwp%2Fv2%2Ftags&post=191652"}],"curies":[{"name":"wp","href":"https:\/\/api.w.org\/{rel}","templated":true}]}}