{"id":191651,"date":"2008-01-13T23:13:57","date_gmt":"2008-01-13T23:13:57","guid":{"rendered":"http:\/\/diariodominicano.ddns.net\/?p=191651"},"modified":"2008-01-13T23:13:57","modified_gmt":"2008-01-13T23:13:57","slug":"vicepresidente-rafael-alburquerque-miguel-vargas-maldonado-es-un-buen-negociante-pero-un-mal-politico","status":"publish","type":"post","link":"https:\/\/diariodominicano.com\/?p=191651","title":{"rendered":"Vicepresidente Rafael Alburquerque: Miguel Vargas Maldonado es un buen negociante pero un mal pol\u00edtico"},"content":{"rendered":"<p><body><\/p>\n<p align=\"justify\" class=\"titulogrande1\">Vicepresidente Rafael Alburquerque: Miguel Vargas  Maldonado es un buen negociante pero un mal pol\u00edtico<\/p>\n<p>&#13;<\/p>\n<ul>&#13;<\/p>\n<li>&#13;\n<div align=\"justify\" class=\"text1noticias\">Afirm\u00f3 que en los cuatro a\u00f1os que se  desempe\u00f1\u00f3 como secretario de Obras p\u00fablicas, el\u00a0  hoy \u00a0candidato presidencial \u00a0perredeista tuvo la magia de hacer que su  fortuna creciera exponencialmente, mientras el sector de la construcci\u00f3n cay\u00f3 a  los niveles m\u00e1s bajos de las \u00faltimas d\u00e9cadas. <\/div>\n<p>&#13;\n  <\/li>\n<p>&#13;\n<\/ul>\n<p>&#13;<\/p>\n<div align=\"justify\">&#13;<\/p>\n<ul>&#13;<\/p>\n<li class=\"text1noticias\">Anuncia  la entrega de 100 mil nuevas tarjetas solidaridad. Record\u00f3 que adem\u00e1s  de los 500 pesos que se otorga, a las madres se le agregan 150 pesos por cada  hijo que asista a la escuela, m\u00e1s de 300 pesos en los hogares a las personas  que superen los 60 a\u00f1os de edad. <\/li>\n<p>&#13;\n  <\/ul>\n<p>&#13;\n<\/p><\/div>\n<p>&#13;<\/p>\n<p align=\"justify\" class=\"text1noticias\"><strong><img loading=\"lazy\" decoding=\"async\" src=\"http:\/\/localhost:8080\/pictures\/alburquerque foto.jpg\" width=\"269\" height=\"305\" hspace=\"4\" align=\"left\" \/>SANTO DOMINGO.- <\/strong>El vicepresidente de la Rep\u00fablica Acus\u00f3 al  candidato presidencial del Partido Revolucionario Dominicano de ser un hombre  con muchas habilidades para hacer negocios, pero que manifiesta extrema torpeza  la hora de tratar temas relacionados con la conducci\u00f3n del Estado. <br \/>&#13;<br \/>\n  <br \/>&#13;<br \/>\n  Rafael Alburquerque asegur\u00f3 que \u00a0Miguel Vargas Maldonado solamente se  desenvuelve con soltura y conocimientos de causa cuando habla de su fortuna  personal, pero ha incurrido en yerros imperdonables a la hora de opinar sobre  pol\u00edticas p\u00fablicas que beneficien a la poblaci\u00f3n. <br \/>&#13;<br \/>\n  <br \/>&#13;<br \/>\n  Record\u00f3 que en los cuatro a\u00f1os que se desempe\u00f1\u00f3  como secretario de Obras p\u00fablicas, el\u00a0  hoy candidato presidencial \u00a0perredeista tuvo la magia de hacer que su  fortuna creciera exponencialmente, mientras el sector de la construcci\u00f3n cay\u00f3 a  los niveles m\u00e1s bajos de las \u00faltimas d\u00e9cadas. <br \/>&#13;<br \/>\n  <br \/>&#13;<br \/>\n  Entrevistado por H\u00e9ctor Herrera Cabral en el  programa D\u00b4AGENDA que cada domingo se difunde por Telesistema Canal 11,  Alburquerque dijo que eso demuestra que Vargas Maldonado es un buen negociante  pero un mal pol\u00edtico. <br \/>&#13;<br \/>\n  <br \/>&#13;<br \/>\n  Sostuvo que una muestra de la poca capacidad que  tiene Miguel Vargas \u00a0Maldonado en  cuestiones de Estado lo puso de manifiesto cuando afirm\u00f3 que de llegar a la  presidencia de la Rep\u00fablica  eliminar\u00eda el ITBIS a\u00a0 la comida desconociendo que los alimentos no  son gravados con ese tributo. <br \/>&#13;<br \/>\n  <br \/>&#13;<br \/>\n\u201cEso demuestra que este se\u00f1or exhibe una  gran torpeza a la hora de manejar temas del quehacer cotidiano en el debate  pol\u00edtico nacional\u201d, insisti\u00f3 el vicemandatario de la naci\u00f3n. <br \/>&#13;<br \/>\n<br \/>&#13;<br \/>\nDijo que otra  muestra de incapacidad de Vargas Maldonado para tratar temas cruciales lo puso  de manifiesto cuando dijo el pasado a\u00f1o que el R\u00e9gimen Contributivo de la Seguridad Social  no hab\u00eda arrancado porque el gobierno no hab\u00eda aportado los recursos  necesarios, desconociendo con ellos que la responsabilidad del gobierno era con  el Seguro Familiar de Salud que ya estaba en marcha. <br \/>&#13;<br \/>\n<br \/>&#13;<br \/>\nExplic\u00f3 que el aspirante\u00a0 a la primera  magistratura de la naci\u00f3n por el PRD, no s\u00f3lo carece de capacidad para opinar  de asuntos de Estado sino que adem\u00e1s se ha buscado a dos asesores que son los  autores del desastre econ\u00f3mico del pasado gobierno. <br \/>&#13;<br \/>\n<br \/>&#13;<br \/>\nRafael Alburquerque dijo que por eso es que Vargas  Maldonado no crece en las encuestas y esa es la raz\u00f3n fundamental por la que el  doctor Leonel Fern\u00e1ndez le dar\u00e1 una \u201cpela de calz\u00f3n quitao\u201d el pr\u00f3ximo 16 de  mayo. <br \/>&#13;<br \/>\n<br \/>&#13;<br \/>\nDijo  que por m\u00e1s que se quiera disfrazar, Miguel Vargas \u00a0Maldonado es el candidato del PRD-PPH, que el  \u00fanico merito que tiene\u00a0 esa organizaci\u00f3n en sus tres periodos de gobierno  es haberle permitido a los conductores de veh\u00edculos doblar a la derecha cuando  el sem\u00e1foro est\u00e1 en rojo. <\/p>\n<p>&#13;<\/p>\n<p align=\"justify\" class=\"text1noticias\"><strong>Gobierno entrega 100 nuevas tarjetas de  solidaridad<\/strong><\/p>\n<p>&#13;<\/p>\n<p align=\"justify\" class=\"text1noticias\">El  vicepresidente Alburquerque, quien es el coordinador del  Gabinete Social del gobierno asegur\u00f3 que en los pr\u00f3ximos d\u00edas el presidente  Leonel Fern\u00e1ndez estar\u00e1 entregando 100 mil nuevas tarjetas solidaridad a igual  n\u00famero de familia. <br \/>&#13;<br \/>\n  <br \/>&#13;<br \/>\n  Dijo  que con esa cifra llegan a 400 mil las familias que se beneficial con  ese programa lo que equivale a decir que dos millones de personas son  impactadas favorablemente si se toma en cuenta que cada hogar est\u00e1 compuesto en  promedio por cinco personas. <br \/>&#13;<br \/>\n  <br \/>&#13;<br \/>\nRecord\u00f3 que adem\u00e1s de los 500 pesos que se  otorga, a las madres se le agregan 150 pesos por cada hijo que asista a la  escuela, m\u00e1s de 300 pesos en los hogares a las personas que superen los 60 a\u00f1os  de edad. <\/p>\n<p>&#13;<\/p>\n<p align=\"justify\" class=\"text1noticias\">\u201cPero adem\u00e1s de  eso en los pr\u00f3ximos d\u00edas tambi\u00e9n se ampliar\u00e1 la cobertura del Seguro Familiar  de Salud a m\u00e1s de un mill\u00f3n de personas y la meta es que todos los pobres de  este pa\u00eds tengan la cobertura m\u00e9dica garantizada\u201d, explic\u00f3. <br \/>&#13;<br \/>\n  <br \/>&#13;<br \/>\n  Dijo que esa cobertura abarca cualquier tipo de  cobertura sin importar si la enfermedad que afecte al paciente sea catastr\u00f3fica  o no. <br \/>&#13;<br \/>\n  <br \/>&#13;<br \/>\n  Sostuvo que a eso se agrega los dem\u00e1s planes  asistenciales que tiene el gobierno entre ellos los comedores econ\u00f3micos que  ofrece comida a la poblaci\u00f3n por cinco pesos, la labor que realiza el Plan  Social de la Presidencia  y otras agencias gubernamentales que asisten a los sectores de menores  ingresos. <br \/>&#13;<br \/>\n  <br \/>&#13;<br \/>\n\u201cEsa es nuestra meta para el pr\u00f3ximo gobierno  ampliar todos estos planes para que el crecimiento y la estabilidad de la  econom\u00eda sigan llegando a los desheredados de la fortuna\u201d, concluy\u00f3 el  mandatario. <\/p>\n<p>&#13;<\/p>\n<h6> 2008-01-13 23:13:57 <\/h6>\n<p><!--\n<link rel=\"stylesheet\" href=\"css\/bootstrap.min.css\">\n\n\n<ul class=\"pagination\">\n\t    \n\t\n\n<li >\n\t<a href='?page_no=34398'>Previous<\/a>\n\t<\/li>\n\n\n       \n    \n\n<li><a href='?page_no=1'>1<\/a><\/li>\n\n\n\n<li><a href='?page_no=2'>2<\/a><\/li>\n\n\n\n<li><a>...<\/a><\/li>\n\n\n\n<li><a href='?page_no=34397'>34397<\/a><\/li>\n\n\n\n<li><a href='?page_no=34398'>34398<\/a><\/li>\n\n\n\n<li class='active'><a>34399<\/a><\/li>\n\n\n\n<li><a href='?page_no=34400'>34400<\/a><\/li>\n\n\n\n<li><a href='?page_no=34401'>34401<\/a><\/li>\n\n\n\n<li><a>...<\/a><\/li>\n\n\n\n<li><a href='?page_no=36999'>36999<\/a><\/li>\n\n\n\n<li><a href='?page_no=37000'>37000<\/a><\/li>\n\n    \n\t\n\n<li >\n\t<a href='?page_no=34400'>Next<\/a>\n\t<\/li>\n\n\n    \n\n<li><a href='?page_no=37000'>Last &rsaquo;&rsaquo;<\/a><\/li>\n\n<\/ul>\n\n\n--><br \/>\n<\/body><\/p>\n","protected":false},"excerpt":{"rendered":"<p>Vicepresidente Rafael Alburquerque: Miguel Vargas Maldonado es un buen negociante pero un mal pol\u00edtico &#13; &#13; &#13; Afirm\u00f3 que en los cuatro a\u00f1os que se desempe\u00f1\u00f3 como secretario de Obras p\u00fablicas, el\u00a0 hoy \u00a0candidato presidencial \u00a0perredeista tuvo la magia de hacer que su fortuna creciera exponencialmente, mientras el sector de la construcci\u00f3n cay\u00f3 a los [&hellip;]<\/p>\n","protected":false},"author":3,"featured_media":0,"comment_status":"open","ping_status":"open","sticky":false,"template":"","format":"standard","meta":{"footnotes":""},"categories":[22],"tags":[],"class_list":["post-191651","post","type-post","status-publish","format-standard","hentry","category-politica"],"_links":{"self":[{"href":"https:\/\/diariodominicano.com\/index.php?rest_route=\/wp\/v2\/posts\/191651","targetHints":{"allow":["GET"]}}],"collection":[{"href":"https:\/\/diariodominicano.com\/index.php?rest_route=\/wp\/v2\/posts"}],"about":[{"href":"https:\/\/diariodominicano.com\/index.php?rest_route=\/wp\/v2\/types\/post"}],"author":[{"embeddable":true,"href":"https:\/\/diariodominicano.com\/index.php?rest_route=\/wp\/v2\/users\/3"}],"replies":[{"embeddable":true,"href":"https:\/\/diariodominicano.com\/index.php?rest_route=%2Fwp%2Fv2%2Fcomments&post=191651"}],"version-history":[{"count":0,"href":"https:\/\/diariodominicano.com\/index.php?rest_route=\/wp\/v2\/posts\/191651\/revisions"}],"wp:attachment":[{"href":"https:\/\/diariodominicano.com\/index.php?rest_route=%2Fwp%2Fv2%2Fmedia&parent=191651"}],"wp:term":[{"taxonomy":"category","embeddable":true,"href":"https:\/\/diariodominicano.com\/index.php?rest_route=%2Fwp%2Fv2%2Fcategories&post=191651"},{"taxonomy":"post_tag","embeddable":true,"href":"https:\/\/diariodominicano.com\/index.php?rest_route=%2Fwp%2Fv2%2Ftags&post=191651"}],"curies":[{"name":"wp","href":"https:\/\/api.w.org\/{rel}","templated":true}]}}