{"id":191650,"date":"2008-01-14T02:29:58","date_gmt":"2008-01-14T02:29:58","guid":{"rendered":"http:\/\/diariodominicano.ddns.net\/?p=191650"},"modified":"2008-01-14T02:29:58","modified_gmt":"2008-01-14T02:29:58","slug":"rodriguez-pimentel-afirma-prd-representa-retroceso","status":"publish","type":"post","link":"https:\/\/diariodominicano.com\/?p=191650","title":{"rendered":"Rodr\u00edguez Pimentel afirma PRD representa retroceso"},"content":{"rendered":"<p><body><\/p>\n<p align=\"center\" class=\"titulogrande1\"><strong>Rodr\u00edguez  Pimentel afirma PRD representa retroceso<\/strong> <\/p>\n<p>&#13;<\/p>\n<p align=\"justify\" class=\"text1noticias\"><strong><img loading=\"lazy\" decoding=\"async\" src=\"http:\/\/localhost:8080\/pictures\/rodriguez pimentel campana.jpg\" width=\"269\" height=\"180\" hspace=\"4\" align=\"left\" \/>AZUA.-<\/strong> El Coordinador  General del Movimiento Leonel en Primera Vuelta, ingeniero H\u00e9ctor Rodr\u00edguez  Pimentel, declar\u00f3 aqu\u00ed que cada vez que el Partido Revolucionario Dominicano  (PRD) asciende al poder para gobernar cuatro a\u00f1os el pa\u00eds retrocede 10 en todos  los \u00f3rdenes. <\/p>\n<p>&#13;<\/p>\n<p align=\"justify\" class=\"text1noticias\"> Precis\u00f3  que el PRD hist\u00f3ricamente ha representado el atraso, el desorden, la quiebra  econ\u00f3mica del pa\u00eds y resquebrajamiento de la institucionalidad democr\u00e1tica en  Rep\u00fablica Dominicana. <\/p>\n<p>&#13;<\/p>\n<p align=\"justify\" class=\"text1noticias\">&#13;<br \/>\n\u201cCada  vez que el PRD gobernaba el doctor Joaqu\u00edn Balaguer se convert\u00eda en la tabla de  salvaci\u00f3n de los dominicanos, ahora ese papel lo desempe\u00f1a el doctor Leonel  Fern\u00e1ndez\u201d, asever\u00f3. <\/p>\n<p>&#13;<\/p>\n<p align=\"justify\" class=\"text1noticias\">Ratific\u00f3 que  Fern\u00e1ndez es el pol\u00edtico que m\u00e1s similitud tiene con el doctor Balaguer,  se\u00f1alando que eso explica las razones por las que el l\u00edder reformista le  levant\u00f3 los brazos se\u00f1al\u00e1ndole el camino a los balagueristas de quien era su  nuevo l\u00edder. <\/p>\n<p>&#13;<\/p>\n<p align=\"justify\" class=\"text1noticias\">El ex senador  por Montecristi habl\u00f3 en esos t\u00e9rminos al juramentar a 1,500 azuanos en el  Movimiento Leonel en Primera Vuelta, quienes decidieron respaldar la reelecci\u00f3n  del candidato pelede\u00edsta con el prop\u00f3sito de que siga la estabilidad y el  progreso por los que transita la naci\u00f3n a partir de agosto del 2004. <\/p>\n<p>&#13;<\/p>\n<p align=\"justify\" class=\"text1noticias\">La  juramentaci\u00f3n de reformistas y perrede\u00edstas que apoyan la repostulaci\u00f3n del  doctor Fern\u00e1ndez tuvo lugar en la cancha deportiva Jos\u00e9 Augusto Garc\u00eda Saleta y\u00a0 cont\u00f3 con la  presencia de una nutrida delegaci\u00f3n de la direcci\u00f3n local del Partido de la Liberaci\u00f3n Dominicana  (PLD). <\/p>\n<p>&#13;<\/p>\n<p align=\"justify\" class=\"text1noticias\">Entre los  dirigentes del PLD que participaron y hablaron en la actividad los miembros del  Comit\u00e9 Central, Niurka Nieve Luciano de Galv\u00e1n, Gobernadora Provincial,  Raymundo Ram\u00edrez, Rafael Hidalgo, los diputados Quisqueya Lantigua y Julio  Brito, as\u00ed como tambi\u00e9n Daniel Mari\u00f1ez, presidente del Comit\u00e9 Municipal en  Padre Las Casas.<br \/>&#13;<br \/>\n  <br \/>&#13;<br \/>\nEl ingeniero Rodr\u00edguez Pimentel  manifest\u00f3 que con los 1,500 azuanos juramentados en la actividad suman 3,500  los inscritos en el Movimiento Leonel en Primera Vuelta en esa demarcaci\u00f3n y  que representan una parte de los 500 mil votos que los  reformistas-balagueristas aportar\u00e1n a la reelecci\u00f3n del doctor Leonel  Fern\u00e1ndez. <\/p>\n<p>&#13;<\/p>\n<p align=\"justify\" class=\"text1noticias\"> Cit\u00f3 los nombres de los coordinadores del Movimiento  en los municipios de Azua, entre ellos Demetrio S\u00e1nchez y Freddy Calder\u00f3n, en  la ciudad cabecera, Luis D\u00edaz Beltr\u00e9, en Peralta, Antonio Brioso Mer\u00e1n y  Mercedes Calero, en Padre Las Casas,\u00a0 Juan Antonio  Guerrero, en Esteban\u00eda, Juan Vargas, en Pueblo Viejo, Augusto Peralta del  Rosario, Sabana Yegua, Gerinaldo de los Santos, en T\u00e1bara Arriba, Gabriel  Tob\u00edas Pereyra, en Las Yayas y Miguel de Jes\u00fas Alc\u00e1ntara, en Guayabal, entre  otros. <\/p>\n<p>&#13;<\/p>\n<p align=\"justify\" class=\"text1noticias\"> En el encuentro se guard\u00f3 un minuto de silencio a la  memoria de Ram\u00f3n Reyes un connotado dirigente del Movimiento Leonel en Primera  Vuelta en Azua que falleci\u00f3 recientemente. <\/p>\n<p>&#13;<\/p>\n<p align=\"justify\" class=\"text1noticias\">\u201cSin lugar a dudas que el Movimiento Leonel en  Primera Vuelta es como una bola de nieve que va creciendo en la medida en que  nos vamos desplazando por el pa\u00eds y que aportar\u00e1 los votos necesarios para que  ganemos en el primer roung\u00a0 de las  elecciones presidenciales del 16 de mayo pr\u00f3ximo\u201d, sentenci\u00f3 Rodr\u00edguez  Pimentel. <br \/>&#13;<br \/>\n  <br \/>&#13;<br \/>\nLos dirigentes nacionales del Movimiento que  acompa\u00f1aron a su Coordinador General est\u00e1n Salvador G\u00f3mez Gil, Napole\u00f3n L\u00f3pez  Rodr\u00edguez, Mercedes Sol\u00eds, Leonor Zacar\u00edas, Ruddy Nelson Fr\u00edas, Juan Rodr\u00edguez,  Ambrioso N\u00fa\u00f1ez, Gisela Mer\u00e1n, Ram\u00f3n Rosario, Rafael Infante, Rafael de Le\u00f3n  Sonia Mer\u00e1n y Pedro Cuevas, entre otros. <\/p>\n<p>&#13;<\/p>\n<h6> 2008-01-14 02:29:58 <\/h6>\n<p><!--\n<link rel=\"stylesheet\" href=\"css\/bootstrap.min.css\">\n\n\n<ul class=\"pagination\">\n\t    \n\t\n\n<li >\n\t<a href='?page_no=34397'>Previous<\/a>\n\t<\/li>\n\n\n       \n    \n\n<li><a href='?page_no=1'>1<\/a><\/li>\n\n\n\n<li><a href='?page_no=2'>2<\/a><\/li>\n\n\n\n<li><a>...<\/a><\/li>\n\n\n\n<li><a href='?page_no=34396'>34396<\/a><\/li>\n\n\n\n<li><a href='?page_no=34397'>34397<\/a><\/li>\n\n\n\n<li class='active'><a>34398<\/a><\/li>\n\n\n\n<li><a href='?page_no=34399'>34399<\/a><\/li>\n\n\n\n<li><a href='?page_no=34400'>34400<\/a><\/li>\n\n\n\n<li><a>...<\/a><\/li>\n\n\n\n<li><a href='?page_no=36999'>36999<\/a><\/li>\n\n\n\n<li><a href='?page_no=37000'>37000<\/a><\/li>\n\n    \n\t\n\n<li >\n\t<a href='?page_no=34399'>Next<\/a>\n\t<\/li>\n\n\n    \n\n<li><a href='?page_no=37000'>Last &rsaquo;&rsaquo;<\/a><\/li>\n\n<\/ul>\n\n\n--><br \/>\n<\/body><\/p>\n","protected":false},"excerpt":{"rendered":"<p>Rodr\u00edguez Pimentel afirma PRD representa retroceso &#13; AZUA.- El Coordinador General del Movimiento Leonel en Primera Vuelta, ingeniero H\u00e9ctor Rodr\u00edguez Pimentel, declar\u00f3 aqu\u00ed que cada vez que el Partido Revolucionario Dominicano (PRD) asciende al poder para gobernar cuatro a\u00f1os el pa\u00eds retrocede 10 en todos los \u00f3rdenes. &#13; Precis\u00f3 que el PRD hist\u00f3ricamente ha representado [&hellip;]<\/p>\n","protected":false},"author":3,"featured_media":0,"comment_status":"open","ping_status":"open","sticky":false,"template":"","format":"standard","meta":{"footnotes":""},"categories":[22],"tags":[],"class_list":["post-191650","post","type-post","status-publish","format-standard","hentry","category-politica"],"_links":{"self":[{"href":"https:\/\/diariodominicano.com\/index.php?rest_route=\/wp\/v2\/posts\/191650","targetHints":{"allow":["GET"]}}],"collection":[{"href":"https:\/\/diariodominicano.com\/index.php?rest_route=\/wp\/v2\/posts"}],"about":[{"href":"https:\/\/diariodominicano.com\/index.php?rest_route=\/wp\/v2\/types\/post"}],"author":[{"embeddable":true,"href":"https:\/\/diariodominicano.com\/index.php?rest_route=\/wp\/v2\/users\/3"}],"replies":[{"embeddable":true,"href":"https:\/\/diariodominicano.com\/index.php?rest_route=%2Fwp%2Fv2%2Fcomments&post=191650"}],"version-history":[{"count":0,"href":"https:\/\/diariodominicano.com\/index.php?rest_route=\/wp\/v2\/posts\/191650\/revisions"}],"wp:attachment":[{"href":"https:\/\/diariodominicano.com\/index.php?rest_route=%2Fwp%2Fv2%2Fmedia&parent=191650"}],"wp:term":[{"taxonomy":"category","embeddable":true,"href":"https:\/\/diariodominicano.com\/index.php?rest_route=%2Fwp%2Fv2%2Fcategories&post=191650"},{"taxonomy":"post_tag","embeddable":true,"href":"https:\/\/diariodominicano.com\/index.php?rest_route=%2Fwp%2Fv2%2Ftags&post=191650"}],"curies":[{"name":"wp","href":"https:\/\/api.w.org\/{rel}","templated":true}]}}