{"id":191649,"date":"2008-01-14T05:10:10","date_gmt":"2008-01-14T05:10:10","guid":{"rendered":"http:\/\/diariodominicano.ddns.net\/?p=191649"},"modified":"2008-01-14T05:10:10","modified_gmt":"2008-01-14T05:10:10","slug":"leonel-advierte-candidatura-perredeista-pepehachista-busca-enriquecerse-a-costa-de-la-funcion-publica","status":"publish","type":"post","link":"https:\/\/diariodominicano.com\/?p=191649","title":{"rendered":"Leonel advierte candidatura perredeista-pepehachista busca enriquecerse a costa de la funci\u00f3n p\u00fablica"},"content":{"rendered":"<p><body><\/p>\n<p align=\"justify\" class=\"titulogrande1\">Leonel advierte candidatura  perredeista-pepehachista busca enriquecerse a costa de la funci\u00f3n p\u00fablica<\/p>\n<p>&#13;<\/p>\n<p align=\"justify\" class=\"text1noticias\"><strong>SANTO DOMINGO.-<\/strong> Al inter\u00e9s de enriquecerse  a costa de la funci\u00f3n p\u00fablica que representa la candidatura  perredeista-pepehachista se contrapone la orientaci\u00f3n de vocaci\u00f3n pol\u00edtica y  compromiso hist\u00f3rico inherentes al Partido de la Liberaci\u00f3n Dominicana  (PLD) y sus actuaciones desde el ejercicio del Poder. <\/p>\n<p>&#13;<\/p>\n<p align=\"justify\" class=\"text1noticias\">La comparaci\u00f3n fue establecida por el  presidente y candidato del partido morado, Leonel Fern\u00e1ndez, durante el  discurso de cierre de \u00a0\u00a0una asamblea general de la organizaci\u00f3n  para trazar los lineamientos de campa\u00f1a hasta las v\u00edsperas previas al 16 de  mayo. <\/p>\n<p>&#13;<\/p>\n<p align=\"justify\" class=\"text1noticias\">\u00abNosotros tenemos una convicci\u00f3n  \u00e9tica, un principio filos\u00f3fico, que es lo que norma la conducta pol\u00edtica en el  Partido de la   Liberaci\u00f3n Dominicana, que se resume en su lema &#8216;Servir al  Partido para Servir al Pueblo'\u00bb, enfatiz\u00f3 Fern\u00e1ndez citado en una rese\u00f1a  del acto divulgada por la   Secretar\u00eda de Comunicaciones del PLD. <\/p>\n<p>&#13;<\/p>\n<p align=\"justify\" class=\"text1noticias\">Insisti\u00f3 que esa m\u00edstica es lo que mueve  el inter\u00e9s del partido fundado por el Profesor Juan Bosch para permanecer  frente a la administraci\u00f3n p\u00fablica m\u00e1s all\u00e1 de agosto del presente a\u00f1o;  resaltando el significado hist\u00f3rico del actual proceso electoral por coincidir  con el bicentenario del inicio del proceso de independencia latinoamericano en  M\u00e9xico. <\/p>\n<p>&#13;<\/p>\n<p align=\"justify\" class=\"text1noticias\">El Jefe de Estado y candidato presidencial  del Partido de la   Liberaci\u00f3n Dominicana calific\u00f3 de \u00abplebiscitario\u00bb,  el recorrido que encabez\u00f3 el pasado s\u00e1bado por diferentes municipios y sectores  de la Provincia Santo  Domingo. <\/p>\n<p>&#13;<\/p>\n<p align=\"justify\" class=\"text1noticias\">Dijo que al igual que en el resto del  pa\u00eds, el perredeismo-pepehachismo no tiene nada que buscar en Boca Chica, Los  Mina, Los Tres Brazos y dem\u00e1s sectores del Municipio Santo Domingo Este. <\/p>\n<p>&#13;<\/p>\n<p align=\"justify\" class=\"text1noticias\">Al clausurar la referida Asamblea General,  afirm\u00f3 que el PRD no tiene calidad para hablar de creaci\u00f3n de empleos, ya que  en su reciente gobierno m\u00e1s de\u00a0  medio\u00a0 mill\u00f3n de dominicanos  perdieron sus puestos de trabajo.<br \/>&#13;<br \/>\n  \u00a0 <br \/>&#13;<br \/>\n  Afirm\u00f3 asimismo que s\u00f3lo el Partido de la Liberaci\u00f3n Dominicana,  garantiza prosperidad estabilidad crecimiento econ\u00f3mico y tranquilidad en la Rep\u00fablica Dominicana. <\/p>\n<p>&#13;<\/p>\n<p align=\"justify\" class=\"text1noticias\">Reiter\u00f3 que la diferencia m\u00e1s importante  que hace al PLD distinto a los dem\u00e1s partidos pol\u00edticos, es \u00absu sentido  hist\u00f3rico\u00bb, que tiene del compromiso de enrumbar al pa\u00eds, por senderos de  mayor democracia, y donde el bienestar sea mejor redistribuido, en beneficio de  las grandes mayor\u00edas. <\/p>\n<p>&#13;<\/p>\n<p align=\"justify\" class=\"text1noticias\">El Presidente  Fern\u00e1ndez\u00a0 dijo que el objetivo de un  partido pol\u00edtico no es s\u00f3lo ganar un proceso electoral, ya que eso valdr\u00eda de  poco si no se tienen claro los principios que se trazaran en la ejecuci\u00f3n de la  administraci\u00f3n gubernamental. <\/p>\n<p>&#13;<\/p>\n<p align=\"justify\" class=\"text1noticias\">En la actividad encabezada por el  presidente Fern\u00e1ndez y el Comit\u00e9 Nacional de Campa\u00f1a del PLD, participaron\u00a0 l\u00edderes y representantes de los partidos  aliados y de los movimientos de apoyo. <\/p>\n<p>&#13;<\/p>\n<h6> 2008-01-14 05:10:10 <\/h6>\n<p><!--\n<link rel=\"stylesheet\" href=\"css\/bootstrap.min.css\">\n\n\n<ul class=\"pagination\">\n\t    \n\t\n\n<li >\n\t<a href='?page_no=34396'>Previous<\/a>\n\t<\/li>\n\n\n       \n    \n\n<li><a href='?page_no=1'>1<\/a><\/li>\n\n\n\n<li><a href='?page_no=2'>2<\/a><\/li>\n\n\n\n<li><a>...<\/a><\/li>\n\n\n\n<li><a href='?page_no=34395'>34395<\/a><\/li>\n\n\n\n<li><a href='?page_no=34396'>34396<\/a><\/li>\n\n\n\n<li class='active'><a>34397<\/a><\/li>\n\n\n\n<li><a href='?page_no=34398'>34398<\/a><\/li>\n\n\n\n<li><a href='?page_no=34399'>34399<\/a><\/li>\n\n\n\n<li><a>...<\/a><\/li>\n\n\n\n<li><a href='?page_no=36999'>36999<\/a><\/li>\n\n\n\n<li><a href='?page_no=37000'>37000<\/a><\/li>\n\n    \n\t\n\n<li >\n\t<a href='?page_no=34398'>Next<\/a>\n\t<\/li>\n\n\n    \n\n<li><a href='?page_no=37000'>Last &rsaquo;&rsaquo;<\/a><\/li>\n\n<\/ul>\n\n\n--><br \/>\n<\/body><\/p>\n","protected":false},"excerpt":{"rendered":"<p>Leonel advierte candidatura perredeista-pepehachista busca enriquecerse a costa de la funci\u00f3n p\u00fablica &#13; SANTO DOMINGO.- Al inter\u00e9s de enriquecerse a costa de la funci\u00f3n p\u00fablica que representa la candidatura perredeista-pepehachista se contrapone la orientaci\u00f3n de vocaci\u00f3n pol\u00edtica y compromiso hist\u00f3rico inherentes al Partido de la Liberaci\u00f3n Dominicana (PLD) y sus actuaciones desde el ejercicio del [&hellip;]<\/p>\n","protected":false},"author":3,"featured_media":0,"comment_status":"open","ping_status":"open","sticky":false,"template":"","format":"standard","meta":{"footnotes":""},"categories":[22],"tags":[],"class_list":["post-191649","post","type-post","status-publish","format-standard","hentry","category-politica"],"_links":{"self":[{"href":"https:\/\/diariodominicano.com\/index.php?rest_route=\/wp\/v2\/posts\/191649","targetHints":{"allow":["GET"]}}],"collection":[{"href":"https:\/\/diariodominicano.com\/index.php?rest_route=\/wp\/v2\/posts"}],"about":[{"href":"https:\/\/diariodominicano.com\/index.php?rest_route=\/wp\/v2\/types\/post"}],"author":[{"embeddable":true,"href":"https:\/\/diariodominicano.com\/index.php?rest_route=\/wp\/v2\/users\/3"}],"replies":[{"embeddable":true,"href":"https:\/\/diariodominicano.com\/index.php?rest_route=%2Fwp%2Fv2%2Fcomments&post=191649"}],"version-history":[{"count":0,"href":"https:\/\/diariodominicano.com\/index.php?rest_route=\/wp\/v2\/posts\/191649\/revisions"}],"wp:attachment":[{"href":"https:\/\/diariodominicano.com\/index.php?rest_route=%2Fwp%2Fv2%2Fmedia&parent=191649"}],"wp:term":[{"taxonomy":"category","embeddable":true,"href":"https:\/\/diariodominicano.com\/index.php?rest_route=%2Fwp%2Fv2%2Fcategories&post=191649"},{"taxonomy":"post_tag","embeddable":true,"href":"https:\/\/diariodominicano.com\/index.php?rest_route=%2Fwp%2Fv2%2Ftags&post=191649"}],"curies":[{"name":"wp","href":"https:\/\/api.w.org\/{rel}","templated":true}]}}