{"id":191647,"date":"2008-01-14T05:15:25","date_gmt":"2008-01-14T05:15:25","guid":{"rendered":"http:\/\/diariodominicano.ddns.net\/?p=191647"},"modified":"2008-01-14T05:15:25","modified_gmt":"2008-01-14T05:15:25","slug":"chavez-pide-que-se-considere-a-las-farc-fuerza-beligerante","status":"publish","type":"post","link":"https:\/\/diariodominicano.com\/?p=191647","title":{"rendered":"Ch\u00e1vez pide que se considere a las FARC fuerza beligerante"},"content":{"rendered":"<p><body><\/p>\n<p class=\"titulogrande1\"><strong>Ch\u00e1vez pide  que se considere a las FARC fuerza beligerante<\/strong><\/p>\n<p>&#13;<\/p>\n<p align=\"justify\" class=\"text1noticias\"><strong><img loading=\"lazy\" decoding=\"async\" src=\"http:\/\/localhost:8080\/pictures\/hugo chavez pict.jpg\" width=\"269\" height=\"198\" hspace=\"4\" align=\"left\" \/>CARACAS.-<\/strong> El presidente venezolano, Hugo Ch\u00e1vez, asegur\u00f3 ayer  que no aboga \u201cpor la guerrilla sino por la paz de Colombia\u201d y argument\u00f3 que, si  se reconociera el estatus de beligerancia a las Fuerzas Armadas Revolucionarias  de Colombia (FARC), \u00e9stas tendr\u00edan que renunciar al secuestro como instrumento  de lucha.<br \/>&#13;<br \/>\n  <br \/>&#13;<br \/>\n  Ch\u00e1vez, quien desat\u00f3 la pol\u00e9mica al plantear el viernes a  Colombia y a la comunidad internacional que retiren la calificaci\u00f3n de  terrorista al grupo irregular, manifest\u00f3 que esto permitir\u00eda someter el  conflicto interno colombiano a las regulaciones establecidas en el Convenio de  Ginebra.<br \/>&#13;<br \/>\n  <br \/>&#13;<br \/>\n  El jefe de Estado aclar\u00f3 que deplora que se utilice el  secuestro, delito al que calific\u00f3 de \u201chorrible y contrario a la naturaleza  humana\u201d. Puntualiz\u00f3 que le ha hecho saber este punto de vista a los  representantes de las FARC con quienes ha hablado.<br \/>&#13;<br \/>\n  <br \/>&#13;<br \/>\n  \u201cLe dije a Iv\u00e1n M\u00e1rquez portavoz del alto mando de las FARC que  estuvo en Caracas en 2007, durante la etapa de mediaci\u00f3n] que estoy en  desacuerdo con el secuestro y con la v\u00eda armada\u201d, dijo el mandatario durante su  programa dominical Al\u00f3, presidente, al que asisti\u00f3 como invitada especial la ex  reh\u00e9n Consuelo Gonz\u00e1lez de Perdomo, liberada el pasado jueves junto a Clara  Rojas, en una operaci\u00f3n encabezada por el Gobierno de Venezuela.<br \/>&#13;<br \/>\n  <br \/>&#13;<br \/>\n  Gonz\u00e1lez, a su vez, pidi\u00f3 a Ch\u00e1vez que convenza a las FARC para  que renuncien al uso del secuestro. <br \/>&#13;<br \/>\n  <br \/>&#13;<br \/>\n  \u201cH\u00e1gales entender, presidente, que eso no  conduce a nada\u201d, dijo, tras subrayar su agradecimiento por las gestiones  realizadas para su liberaci\u00f3n y las que se han de ejecutar para liberar al  resto de los secuestrados.<br \/>&#13;<br \/>\n  <br \/>&#13;<br \/>\n  <strong>C. HERN\u00c1NDEZ<\/strong> &#8211; Caracas &#8211; 14\/01\/2008 \/El Pa\u00eds<\/p>\n<p>&#13;<\/p>\n<h6> 2008-01-14 05:15:25 <\/h6>\n<p><!--\n<link rel=\"stylesheet\" href=\"css\/bootstrap.min.css\">\n\n\n<ul class=\"pagination\">\n\t    \n\t\n\n<li >\n\t<a href='?page_no=34394'>Previous<\/a>\n\t<\/li>\n\n\n       \n    \n\n<li><a href='?page_no=1'>1<\/a><\/li>\n\n\n\n<li><a href='?page_no=2'>2<\/a><\/li>\n\n\n\n<li><a>...<\/a><\/li>\n\n\n\n<li><a href='?page_no=34393'>34393<\/a><\/li>\n\n\n\n<li><a href='?page_no=34394'>34394<\/a><\/li>\n\n\n\n<li class='active'><a>34395<\/a><\/li>\n\n\n\n<li><a href='?page_no=34396'>34396<\/a><\/li>\n\n\n\n<li><a href='?page_no=34397'>34397<\/a><\/li>\n\n\n\n<li><a>...<\/a><\/li>\n\n\n\n<li><a href='?page_no=36999'>36999<\/a><\/li>\n\n\n\n<li><a href='?page_no=37000'>37000<\/a><\/li>\n\n    \n\t\n\n<li >\n\t<a href='?page_no=34396'>Next<\/a>\n\t<\/li>\n\n\n    \n\n<li><a href='?page_no=37000'>Last &rsaquo;&rsaquo;<\/a><\/li>\n\n<\/ul>\n\n\n--><br \/>\n<\/body><\/p>\n","protected":false},"excerpt":{"rendered":"<p>Ch\u00e1vez pide que se considere a las FARC fuerza beligerante &#13; CARACAS.- El presidente venezolano, Hugo Ch\u00e1vez, asegur\u00f3 ayer que no aboga \u201cpor la guerrilla sino por la paz de Colombia\u201d y argument\u00f3 que, si se reconociera el estatus de beligerancia a las Fuerzas Armadas Revolucionarias de Colombia (FARC), \u00e9stas tendr\u00edan que renunciar al secuestro [&hellip;]<\/p>\n","protected":false},"author":3,"featured_media":0,"comment_status":"open","ping_status":"open","sticky":false,"template":"","format":"standard","meta":{"footnotes":""},"categories":[22],"tags":[],"class_list":["post-191647","post","type-post","status-publish","format-standard","hentry","category-politica"],"_links":{"self":[{"href":"https:\/\/diariodominicano.com\/index.php?rest_route=\/wp\/v2\/posts\/191647","targetHints":{"allow":["GET"]}}],"collection":[{"href":"https:\/\/diariodominicano.com\/index.php?rest_route=\/wp\/v2\/posts"}],"about":[{"href":"https:\/\/diariodominicano.com\/index.php?rest_route=\/wp\/v2\/types\/post"}],"author":[{"embeddable":true,"href":"https:\/\/diariodominicano.com\/index.php?rest_route=\/wp\/v2\/users\/3"}],"replies":[{"embeddable":true,"href":"https:\/\/diariodominicano.com\/index.php?rest_route=%2Fwp%2Fv2%2Fcomments&post=191647"}],"version-history":[{"count":0,"href":"https:\/\/diariodominicano.com\/index.php?rest_route=\/wp\/v2\/posts\/191647\/revisions"}],"wp:attachment":[{"href":"https:\/\/diariodominicano.com\/index.php?rest_route=%2Fwp%2Fv2%2Fmedia&parent=191647"}],"wp:term":[{"taxonomy":"category","embeddable":true,"href":"https:\/\/diariodominicano.com\/index.php?rest_route=%2Fwp%2Fv2%2Fcategories&post=191647"},{"taxonomy":"post_tag","embeddable":true,"href":"https:\/\/diariodominicano.com\/index.php?rest_route=%2Fwp%2Fv2%2Ftags&post=191647"}],"curies":[{"name":"wp","href":"https:\/\/api.w.org\/{rel}","templated":true}]}}