{"id":191646,"date":"2008-01-14T05:21:08","date_gmt":"2008-01-14T05:21:08","guid":{"rendered":"http:\/\/diariodominicano.ddns.net\/?p=191646"},"modified":"2008-01-14T05:21:08","modified_gmt":"2008-01-14T05:21:08","slug":"paraguay-oviedo-sera-el-candidato-presidencial-de-la-oposicion","status":"publish","type":"post","link":"https:\/\/diariodominicano.com\/?p=191646","title":{"rendered":"Paraguay: Oviedo ser\u00e1 el candidato presidencial de la oposici\u00f3n"},"content":{"rendered":"<p><body><\/p>\n<h1 class=\"titulogrande1\">Paraguay: Oviedo ser\u00e1 el candidato presidencial de la oposici\u00f3n<\/h1>\n<p>&#13;<\/p>\n<p align=\"justify\"><strong>El ex comandante de la milicia paraguaya se encuentra en libertad desde  septiembre tras pasar m\u00e1s de tres a\u00f1os en prisi\u00f3n por el delito de sublevaci\u00f3n  contra el presidente Wasmosy en 1996.<\/strong><\/p>\n<p>&#13;<\/p>\n<p align=\"justify\" class=\"text1noticias\"><img loading=\"lazy\" decoding=\"async\" src=\"http:\/\/localhost:8080\/pictures\/lino cesar oviedo.jpg\" width=\"269\" height=\"326\" hspace=\"4\" align=\"left\" \/>El ex comandante del ej\u00e9rcito paraguayo, general <strong>Lino C\u00e9sar Oviedo<\/strong>,  que dej\u00f3 la c\u00e1rcel en septiembre pasado, fue confirmado el domingo como  candidato presidencial por el opositor partido <strong>Uni\u00f3n Nacional de  Ciudadanos Eticos (Unace)<\/strong> tras la realizaci\u00f3n de sus elecciones  primarias.<br \/>&#13;<br \/>\n  <br \/>&#13;<br \/>\n  Las elecciones presidenciales se realizar\u00e1n el 20 de abril. <br \/>&#13;<br \/>\n  <br \/>&#13;<br \/>\n  Luego de las  votaciones, Oviedo declar\u00f3 brevemente que \u00abhoy comenz\u00f3 oficialmente mi  campa\u00f1a para las elecciones de abril\u00bb.<br \/>&#13;<br \/>\n  <br \/>&#13;<br \/>\n  Oviedo, \u00fanico postulante a la jefatura del estado por su agrupaci\u00f3n  pol\u00edtica, naci\u00f3 el 23 de septiembre de 1943 en el pueblo rural Juan de Mena, a  unos 90 kil\u00f3metros  al noreste de Asunci\u00f3n.<br \/>&#13;<br \/>\n  <br \/>&#13;<br \/>\n  El ex jefe militar estuvo encarcelado desde junio de 2004 hasta el 5 de  septiembre de 2007, fecha en que recuper\u00f3 su libertad luego de que la justicia  militar entendiera que cumpli\u00f3 m\u00e1s del 50% de una condena de 10 a\u00f1os dictada en  1998 por el delito de sublevaci\u00f3n contra el presidente Juan Carlos Wasmosy en  abril de 1996.<br \/>&#13;<br \/>\n  <br \/>&#13;<br \/>\n  Antes de su reclusi\u00f3n, vivi\u00f3 pr\u00f3fugo de la justicia en Argentina y Brasil.<br \/>&#13;<br \/>\n  <br \/>&#13;<br \/>\n  Unos 310.000 afiliados estuvieron habilitados para sufragar el domingo pero  la asistencia a las urnas no super\u00f3 el 18%, seg\u00fan el candidato a diputado Ra\u00fal  Melamed: \u00abHubo mucha apat\u00eda porque Oviedo no compet\u00eda con nadie, fue  candidato \u00fanico\u00bb, dijo.<br \/>&#13;<br \/>\n  <br \/>&#13;<br \/>\n  La Justicia   Electoral, a pedido de Unace, administr\u00f3 la jornada de  votaci\u00f3n que cerca de la medianoche del domingo difundir\u00e1 los resultados  finales, principalmente de los candidatos a diputados, senadores y gobernadores  departamentales.<br \/>&#13;<br \/>\n  <br \/>&#13;<br \/>\n  Oviedo competir\u00e1 por la presidencia de la rep\u00fablica con los opositores  Fernando Lugo, ex obispo cat\u00f3lico, de la Alianza Patri\u00f3tica  para el Cambio; Pedro Fadul del partido Patria Querida, y el ganador de las  primarias del oficialista Partido Colorado que, justamente, el domingo cumpli\u00f3  61 a\u00f1os en el poder.<br \/>&#13;<br \/>\n  <br \/>&#13;<br \/>\n  <em>AP<\/em><\/p>\n<p>&#13;<\/p>\n<h6> 2008-01-14 05:21:08 <\/h6>\n<p><!--\n<link rel=\"stylesheet\" href=\"css\/bootstrap.min.css\">\n\n\n<ul class=\"pagination\">\n\t    \n\t\n\n<li >\n\t<a href='?page_no=34393'>Previous<\/a>\n\t<\/li>\n\n\n       \n    \n\n<li><a href='?page_no=1'>1<\/a><\/li>\n\n\n\n<li><a href='?page_no=2'>2<\/a><\/li>\n\n\n\n<li><a>...<\/a><\/li>\n\n\n\n<li><a href='?page_no=34392'>34392<\/a><\/li>\n\n\n\n<li><a href='?page_no=34393'>34393<\/a><\/li>\n\n\n\n<li class='active'><a>34394<\/a><\/li>\n\n\n\n<li><a href='?page_no=34395'>34395<\/a><\/li>\n\n\n\n<li><a href='?page_no=34396'>34396<\/a><\/li>\n\n\n\n<li><a>...<\/a><\/li>\n\n\n\n<li><a href='?page_no=36999'>36999<\/a><\/li>\n\n\n\n<li><a href='?page_no=37000'>37000<\/a><\/li>\n\n    \n\t\n\n<li >\n\t<a href='?page_no=34395'>Next<\/a>\n\t<\/li>\n\n\n    \n\n<li><a href='?page_no=37000'>Last &rsaquo;&rsaquo;<\/a><\/li>\n\n<\/ul>\n\n\n--><br \/>\n<\/body><\/p>\n","protected":false},"excerpt":{"rendered":"<p>Paraguay: Oviedo ser\u00e1 el candidato presidencial de la oposici\u00f3n &#13; El ex comandante de la milicia paraguaya se encuentra en libertad desde septiembre tras pasar m\u00e1s de tres a\u00f1os en prisi\u00f3n por el delito de sublevaci\u00f3n contra el presidente Wasmosy en 1996. &#13; El ex comandante del ej\u00e9rcito paraguayo, general Lino C\u00e9sar Oviedo, que dej\u00f3 [&hellip;]<\/p>\n","protected":false},"author":3,"featured_media":0,"comment_status":"open","ping_status":"open","sticky":false,"template":"","format":"standard","meta":{"footnotes":""},"categories":[22],"tags":[],"class_list":["post-191646","post","type-post","status-publish","format-standard","hentry","category-politica"],"_links":{"self":[{"href":"https:\/\/diariodominicano.com\/index.php?rest_route=\/wp\/v2\/posts\/191646","targetHints":{"allow":["GET"]}}],"collection":[{"href":"https:\/\/diariodominicano.com\/index.php?rest_route=\/wp\/v2\/posts"}],"about":[{"href":"https:\/\/diariodominicano.com\/index.php?rest_route=\/wp\/v2\/types\/post"}],"author":[{"embeddable":true,"href":"https:\/\/diariodominicano.com\/index.php?rest_route=\/wp\/v2\/users\/3"}],"replies":[{"embeddable":true,"href":"https:\/\/diariodominicano.com\/index.php?rest_route=%2Fwp%2Fv2%2Fcomments&post=191646"}],"version-history":[{"count":0,"href":"https:\/\/diariodominicano.com\/index.php?rest_route=\/wp\/v2\/posts\/191646\/revisions"}],"wp:attachment":[{"href":"https:\/\/diariodominicano.com\/index.php?rest_route=%2Fwp%2Fv2%2Fmedia&parent=191646"}],"wp:term":[{"taxonomy":"category","embeddable":true,"href":"https:\/\/diariodominicano.com\/index.php?rest_route=%2Fwp%2Fv2%2Fcategories&post=191646"},{"taxonomy":"post_tag","embeddable":true,"href":"https:\/\/diariodominicano.com\/index.php?rest_route=%2Fwp%2Fv2%2Ftags&post=191646"}],"curies":[{"name":"wp","href":"https:\/\/api.w.org\/{rel}","templated":true}]}}