{"id":191645,"date":"2008-01-14T05:23:53","date_gmt":"2008-01-14T05:23:53","guid":{"rendered":"http:\/\/diariodominicano.ddns.net\/?p=191645"},"modified":"2008-01-14T05:23:53","modified_gmt":"2008-01-14T05:23:53","slug":"francisco-javier-garcia-afirma-el-pld-tiene-las-condiciones-para-ganar-en-primera-vuelta","status":"publish","type":"post","link":"https:\/\/diariodominicano.com\/?p=191645","title":{"rendered":"Francisco Javier Garc\u00eda afirma el PLD tiene las condiciones para ganar en primera vuelta"},"content":{"rendered":"<p><body><\/p>\n<p align=\"justify\" class=\"titulogrande1\"><strong>Francisco Javier  Garc\u00eda afirma el PLD tiene las condiciones para\u00a0  ganar en primera vuelta<\/strong><\/p>\n<p>&#13;<\/p>\n<p align=\"justify\" class=\"text1noticias\"><strong>SANTO DOMINGO.- Francisco  Javier Garc\u00eda, <\/strong>miembro del Comit\u00e9 Pol\u00edtico y coordinador  general del Comit\u00e9 \u00a0Nacional de Campa\u00f1a del Partido de la Liberaci\u00f3n Dominicana  (PLD), asegur\u00f3 que esa organizaci\u00f3n pol\u00edtica tiene las tres condiciones  fundamentales para ganar las elecciones en la primera vuelta: \u00abel mejor  candidato a la presidencia, el mejor partido y el mejor gobierno\u00bb que ha  tenido el pa\u00eds. <\/p>\n<p>&#13;<\/p>\n<p align=\"justify\" class=\"text1noticias\">Las declaraciones fueron ofrecidas por Garc\u00eda durante la Asamblea General  encabezada por el Comit\u00e9 Pol\u00edtico y Comit\u00e9 Nacional de Campa\u00f1a este domingo. <\/p>\n<p>&#13;<\/p>\n<p align=\"justify\" class=\"text1noticias\">No obstante, inst\u00f3 a la militancia pelede\u00edsta y sus aliados a  trabajar a toda capacidad para lograr el objetivo de ganar las elecciones en  primera vuelta. <\/p>\n<p>&#13;<\/p>\n<p align=\"justify\" class=\"text1noticias\">Manifest\u00f3 que en lo que resta del per\u00edodo electoral es demostrar  que actualmente el PLD es la fuerza mayoritaria de la Rep\u00fablica Dominicana  y que como fuerza mayoritaria ganar\u00e1 las elecciones y continuar\u00e1 gobernando el pa\u00eds. <\/p>\n<p>&#13;<\/p>\n<p align=\"justify\" class=\"text1noticias\">Francisco Javier Garc\u00eda indic\u00f3 que antes de las elecciones de mayo  pr\u00f3ximo faltan 17 semanas de actividades proselitistas, 16 exceptuando la  semana Santa, por lo que los Comit\u00e9s provinciales y municipales de campa\u00f1a y  las direcciones de circunscripciones electorales y todos los dirigentes y  miembros que tengan responsabilidad, incluso sectorial, \u00a0\u00a0\u00a0deben abocarse a la elaboraci\u00f3n de un plan  de trabajo que incluya las estrategias de trabajo d\u00eda por d\u00eda. <\/p>\n<p>&#13;<\/p>\n<p align=\"justify\" class=\"text1noticias\">\u00abEs necesario que cada pelede\u00edsta asuma el lugar que le  corresponda, el que sea enlace una provincia que asuma dicha responsabilidad ,  advirti\u00f3 \u00a0\u00a0Francisco Javier Garc\u00eda en una exposici\u00f3n rese\u00f1ada por la Secretar\u00eda de  Comunicaciones del PLD. <\/p>\n<p>&#13;<\/p>\n<p align=\"justify\" class=\"text1noticias\">Exhort\u00f3 a la dirigencia pelede\u00edsta a concentrar todos sus  esfuerzos a trabajar sin descanso en las pr\u00f3ximas 17 semanas para sellar el \u00a0triunfo electoral del candidato  presidencial pelede\u00edsta. <br \/>&#13;<br \/>\n  <br \/>&#13;<br \/>\nExplic\u00f3 a la dirigencia reunida en asamblea  \u00a0que \u00a0en el plan de campa\u00f1a del PLD \u00abpartimos de un excelente  diagnostico en el que el PLD y su candidato, doctor Leonel Fern\u00e1ndez, sobrepasa  con crece la candidatura de sus competidores\u00bb. \u00a0\u00a0 <\/p>\n<p>&#13;<\/p>\n<p align=\"justify\" class=\"text1noticias\">Defini\u00f3 que objetivo general del PLD es que Leonel Fern\u00e1ndez  ganar\u00e1 abrumadoramente las elecciones en la primera vuelta y que todo el escenario  pol\u00edtico est\u00e1 dado para que el mismo sea alcanzado con \u00e9xito. <\/p>\n<p>&#13;<\/p>\n<p align=\"justify\" class=\"text1noticias\">Indic\u00f3 que este lunes a las 5:00 de la tarde se distribuir\u00e1 entre  los enlaces y supervisores de las provincias los resultados de una encuesta a  profundidad aplicada por el Comit\u00e9 \u00a0Nacional de Campa\u00f1a, con el objetivo de  que puedan optimizar el trabajo en las diferentes localidades del pa\u00eds. <\/p>\n<p>&#13;<\/p>\n<p align=\"justify\" class=\"text1noticias\">Se\u00f1al\u00f3 que en las mediciones realizadas al inicio de mes en curso \u00a0el presidente \u00a0\u00a0Leonel Fern\u00e1ndez acumula \u00a0el 54.5 por ciento de intenci\u00f3n del voto  en tanto que\u00a0 \u00a0el candidato del PRD, acumula el \u00a031.2 por ciento. <\/p>\n<p>&#13;<\/p>\n<h6> 2008-01-14 05:23:53 <\/h6>\n<p><!--\n<link rel=\"stylesheet\" href=\"css\/bootstrap.min.css\">\n\n\n<ul class=\"pagination\">\n\t    \n\t\n\n<li >\n\t<a href='?page_no=34392'>Previous<\/a>\n\t<\/li>\n\n\n       \n    \n\n<li><a href='?page_no=1'>1<\/a><\/li>\n\n\n\n<li><a href='?page_no=2'>2<\/a><\/li>\n\n\n\n<li><a>...<\/a><\/li>\n\n\n\n<li><a href='?page_no=34391'>34391<\/a><\/li>\n\n\n\n<li><a href='?page_no=34392'>34392<\/a><\/li>\n\n\n\n<li class='active'><a>34393<\/a><\/li>\n\n\n\n<li><a href='?page_no=34394'>34394<\/a><\/li>\n\n\n\n<li><a href='?page_no=34395'>34395<\/a><\/li>\n\n\n\n<li><a>...<\/a><\/li>\n\n\n\n<li><a href='?page_no=36999'>36999<\/a><\/li>\n\n\n\n<li><a href='?page_no=37000'>37000<\/a><\/li>\n\n    \n\t\n\n<li >\n\t<a href='?page_no=34394'>Next<\/a>\n\t<\/li>\n\n\n    \n\n<li><a href='?page_no=37000'>Last &rsaquo;&rsaquo;<\/a><\/li>\n\n<\/ul>\n\n\n--><br \/>\n<\/body><\/p>\n","protected":false},"excerpt":{"rendered":"<p>Francisco Javier Garc\u00eda afirma el PLD tiene las condiciones para\u00a0 ganar en primera vuelta &#13; SANTO DOMINGO.- Francisco Javier Garc\u00eda, miembro del Comit\u00e9 Pol\u00edtico y coordinador general del Comit\u00e9 \u00a0Nacional de Campa\u00f1a del Partido de la Liberaci\u00f3n Dominicana (PLD), asegur\u00f3 que esa organizaci\u00f3n pol\u00edtica tiene las tres condiciones fundamentales para ganar las elecciones en la [&hellip;]<\/p>\n","protected":false},"author":3,"featured_media":0,"comment_status":"open","ping_status":"open","sticky":false,"template":"","format":"standard","meta":{"footnotes":""},"categories":[22],"tags":[],"class_list":["post-191645","post","type-post","status-publish","format-standard","hentry","category-politica"],"_links":{"self":[{"href":"https:\/\/diariodominicano.com\/index.php?rest_route=\/wp\/v2\/posts\/191645","targetHints":{"allow":["GET"]}}],"collection":[{"href":"https:\/\/diariodominicano.com\/index.php?rest_route=\/wp\/v2\/posts"}],"about":[{"href":"https:\/\/diariodominicano.com\/index.php?rest_route=\/wp\/v2\/types\/post"}],"author":[{"embeddable":true,"href":"https:\/\/diariodominicano.com\/index.php?rest_route=\/wp\/v2\/users\/3"}],"replies":[{"embeddable":true,"href":"https:\/\/diariodominicano.com\/index.php?rest_route=%2Fwp%2Fv2%2Fcomments&post=191645"}],"version-history":[{"count":0,"href":"https:\/\/diariodominicano.com\/index.php?rest_route=\/wp\/v2\/posts\/191645\/revisions"}],"wp:attachment":[{"href":"https:\/\/diariodominicano.com\/index.php?rest_route=%2Fwp%2Fv2%2Fmedia&parent=191645"}],"wp:term":[{"taxonomy":"category","embeddable":true,"href":"https:\/\/diariodominicano.com\/index.php?rest_route=%2Fwp%2Fv2%2Fcategories&post=191645"},{"taxonomy":"post_tag","embeddable":true,"href":"https:\/\/diariodominicano.com\/index.php?rest_route=%2Fwp%2Fv2%2Ftags&post=191645"}],"curies":[{"name":"wp","href":"https:\/\/api.w.org\/{rel}","templated":true}]}}