{"id":191644,"date":"2008-01-14T05:26:16","date_gmt":"2008-01-14T05:26:16","guid":{"rendered":"http:\/\/diariodominicano.ddns.net\/?p=191644"},"modified":"2008-01-14T05:26:16","modified_gmt":"2008-01-14T05:26:16","slug":"exhortan-a-peledeistas-a-trabajar-sin-descanso","status":"publish","type":"post","link":"https:\/\/diariodominicano.com\/?p=191644","title":{"rendered":"Exhortan a peledeistas a trabajar sin descanso"},"content":{"rendered":"<p><body><\/p>\n<p class=\"titulogrande1\">Exhortan a peledeistas a  trabajar sin descanso<\/p>\n<p>&#13;<\/p>\n<p align=\"justify\" class=\"text1noticias\"><strong>SANTO DOMINGO.- <\/strong>Exhortando  a la dirigencia de la organizaci\u00f3n a trabajar sin descanso en las restantes  diecisiete\u00a0 semanas\u00a0 para la celebraci\u00f3n de las elecciones  nacionales,\u00a0 el Comit\u00e9 Nacional de Campa\u00f1a del Partido de la Liberaci\u00f3n Dominicana  (PLD) traz\u00f3 sus l\u00edneas de estrat\u00e9gicas con miras a la obtenci\u00f3n de un  contundente triunfo en los comicios de este a\u00f1o. <\/p>\n<p>&#13;<\/p>\n<p align=\"justify\" class=\"text1noticias\">Las orientaciones  generales a cargo del Secretario General del PLD, Reinaldo Pared P\u00e9rez; del Director  Electoral, Franklin Almeyda; del Coordinador General de la Campa\u00f1a, Francisco Javier  Garc\u00eda y del propio presidente de la Republica y candidato presidencial, \u00a0Leonel Fern\u00e1ndez, se realizaron en el marco de  una asamblea general realizada en la ciudad capital este domingo. <\/p>\n<p>&#13;<\/p>\n<p align=\"justify\" class=\"text1noticias\">El Sal\u00f3n principal del  Hotel Dominicana Fiesta congreg\u00f3 a miembros del Comit\u00e9 Pol\u00edtico, del Comit\u00e9  Nacional de Campa\u00f1a, del Comit\u00e9 Central, integrantes de los equipos  Provinciales y Municipales de Campa\u00f1a, autoridades electas y representaci\u00f3n de  partidos aliados y movimientos de apoyo, en cuyo escenario recibieron las  orientaciones para el trabajo pol\u00edtico electoral. <\/p>\n<p>&#13;<\/p>\n<p align=\"justify\" class=\"text1noticias\">Un parte de la Secretar\u00eda de Comunicaciones  del partido morado rese\u00f1\u00f3 que la actividad inici\u00f3 minutos antes de las once de  la ma\u00f1ana y concluy\u00f3 a las 1:40 de la tarde con la proclama reiterada del  Presidente Leonel Fern\u00e1ndez de que \u00abafuera est\u00e1n y afuera se  quedaran\u00bb. <\/p>\n<p>&#13;<\/p>\n<p align=\"justify\" class=\"text1noticias\">Se reclam\u00f3 de la dirigencia partidaria e  integrante de los equipos de la campa\u00f1a todos los esfuerzos y sacrificios para  refrendar el triunfo en las venideras elecciones. <\/p>\n<p>&#13;<\/p>\n<p align=\"justify\" class=\"text1noticias\">Se inform\u00f3 que ya se cuenta con el calendario  de actividades desde el pasado 7 de enero hasta el d\u00eda 14 de mayo, fecha en que  por ley cesan las actividades proselitistas, 48 horas antes de los comicios. <\/p>\n<p>&#13;<\/p>\n<p align=\"justify\" class=\"text1noticias\">En la asamblea se  inform\u00f3 de las investigaciones que realiza la Direcci\u00f3n de Estrategia  de la Campa\u00f1a  en la que el candidato del PLD y partidos aliados aventaja abrumadoramente al  candidato del PRD. <\/p>\n<p>&#13;<\/p>\n<p align=\"justify\" class=\"text1noticias\">Los integrantes de los  equipos de campa\u00f1a en todo el pa\u00eds fueron convocados al local del \u00a0 Comit\u00e9  Nacional de Campa\u00f1a,\u00a0 a inaugurarse el pr\u00f3ximo martes, para hacerle  entrega de los resultados de la m\u00e1s reciente encuesta realizada municipio por  municipio, provincia por provincia, y as\u00ed facilitar la realizaci\u00f3n del trabajo  electoral. <\/p>\n<p>&#13;<\/p>\n<p align=\"justify\" class=\"text1noticias\">Al inicio de la semana  el PLD reinici\u00f3 su activismo pol\u00edtico y electoral con la realizaci\u00f3n de  reuniones y encuentros de su Direcci\u00f3n de Estrategia, el Comit\u00e9 Nacional de  Campa\u00f1a, el Comit\u00e9 Pol\u00edtico y encuentros particulares del Presidente de la Rep\u00fablica con los  Senadores, S\u00edndicos y Diputados de esa organizaci\u00f3n y de los partidos aliados,  concluyendo con la asamblea general en la que se trazaron las l\u00edneas del  trabajo hasta mayo pr\u00f3ximo. <\/p>\n<p>&#13;<\/p>\n<p align=\"justify\" class=\"text1noticias\">El  s\u00e1bado se realizaron sendos actos inaugurales de la Direcci\u00f3n \u00a0  Nacional Electoral del PLD ubicado en la avenida Independencia casi esquina  Pasteur \u00a0 y de la   Direcci\u00f3n de Propaganda en la carretera S\u00e1nchez, ambos en la  capital. <\/p>\n<p>&#13;<\/p>\n<p align=\"justify\" class=\"text1noticias\">Para ma\u00f1ana \u00a0martes se anunci\u00f3 el acto inaugural del local  en donde funcionar\u00e1 el Comit\u00e9 Nacional de Campa\u00f1a, ubicado en la avenida  Bol\u00edvar, pr\u00f3ximo a la avenida Alma Mater. <\/p>\n<p>&#13;<\/p>\n<h6> 2008-01-14 05:26:16 <\/h6>\n<p><!--\n<link rel=\"stylesheet\" href=\"css\/bootstrap.min.css\">\n\n\n<ul class=\"pagination\">\n\t    \n\t\n\n<li >\n\t<a href='?page_no=34391'>Previous<\/a>\n\t<\/li>\n\n\n       \n    \n\n<li><a href='?page_no=1'>1<\/a><\/li>\n\n\n\n<li><a href='?page_no=2'>2<\/a><\/li>\n\n\n\n<li><a>...<\/a><\/li>\n\n\n\n<li><a href='?page_no=34390'>34390<\/a><\/li>\n\n\n\n<li><a href='?page_no=34391'>34391<\/a><\/li>\n\n\n\n<li class='active'><a>34392<\/a><\/li>\n\n\n\n<li><a href='?page_no=34393'>34393<\/a><\/li>\n\n\n\n<li><a href='?page_no=34394'>34394<\/a><\/li>\n\n\n\n<li><a>...<\/a><\/li>\n\n\n\n<li><a href='?page_no=36999'>36999<\/a><\/li>\n\n\n\n<li><a href='?page_no=37000'>37000<\/a><\/li>\n\n    \n\t\n\n<li >\n\t<a href='?page_no=34393'>Next<\/a>\n\t<\/li>\n\n\n    \n\n<li><a href='?page_no=37000'>Last &rsaquo;&rsaquo;<\/a><\/li>\n\n<\/ul>\n\n\n--><br \/>\n<\/body><\/p>\n","protected":false},"excerpt":{"rendered":"<p>Exhortan a peledeistas a trabajar sin descanso &#13; SANTO DOMINGO.- Exhortando a la dirigencia de la organizaci\u00f3n a trabajar sin descanso en las restantes diecisiete\u00a0 semanas\u00a0 para la celebraci\u00f3n de las elecciones nacionales,\u00a0 el Comit\u00e9 Nacional de Campa\u00f1a del Partido de la Liberaci\u00f3n Dominicana (PLD) traz\u00f3 sus l\u00edneas de estrat\u00e9gicas con miras a la obtenci\u00f3n [&hellip;]<\/p>\n","protected":false},"author":3,"featured_media":0,"comment_status":"open","ping_status":"open","sticky":false,"template":"","format":"standard","meta":{"footnotes":""},"categories":[22],"tags":[],"class_list":["post-191644","post","type-post","status-publish","format-standard","hentry","category-politica"],"_links":{"self":[{"href":"https:\/\/diariodominicano.com\/index.php?rest_route=\/wp\/v2\/posts\/191644","targetHints":{"allow":["GET"]}}],"collection":[{"href":"https:\/\/diariodominicano.com\/index.php?rest_route=\/wp\/v2\/posts"}],"about":[{"href":"https:\/\/diariodominicano.com\/index.php?rest_route=\/wp\/v2\/types\/post"}],"author":[{"embeddable":true,"href":"https:\/\/diariodominicano.com\/index.php?rest_route=\/wp\/v2\/users\/3"}],"replies":[{"embeddable":true,"href":"https:\/\/diariodominicano.com\/index.php?rest_route=%2Fwp%2Fv2%2Fcomments&post=191644"}],"version-history":[{"count":0,"href":"https:\/\/diariodominicano.com\/index.php?rest_route=\/wp\/v2\/posts\/191644\/revisions"}],"wp:attachment":[{"href":"https:\/\/diariodominicano.com\/index.php?rest_route=%2Fwp%2Fv2%2Fmedia&parent=191644"}],"wp:term":[{"taxonomy":"category","embeddable":true,"href":"https:\/\/diariodominicano.com\/index.php?rest_route=%2Fwp%2Fv2%2Fcategories&post=191644"},{"taxonomy":"post_tag","embeddable":true,"href":"https:\/\/diariodominicano.com\/index.php?rest_route=%2Fwp%2Fv2%2Ftags&post=191644"}],"curies":[{"name":"wp","href":"https:\/\/api.w.org\/{rel}","templated":true}]}}