{"id":191642,"date":"2008-01-14T05:39:46","date_gmt":"2008-01-14T05:39:46","guid":{"rendered":"http:\/\/diariodominicano.ddns.net\/?p=191642"},"modified":"2008-01-14T05:39:46","modified_gmt":"2008-01-14T05:39:46","slug":"el-candidato-del-prd-considera-leonel-fernandez-teme-a-debate","status":"publish","type":"post","link":"https:\/\/diariodominicano.com\/?p=191642","title":{"rendered":"El candidato del PRD considera Leonel Fern\u00e1ndez teme a debate"},"content":{"rendered":"<p><body><\/p>\n<p align=\"left\" class=\"titulogrande1\">El candidato del PRD considera Leonel  Fern\u00e1ndez teme a debate<\/p>\n<p>&#13;<\/p>\n<p align=\"justify\" class=\"text1noticias\"><strong><img loading=\"lazy\" decoding=\"async\" src=\"http:\/\/localhost:8080\/pictures\/maldonado derechos civiles 1.jpg\" width=\"269\" height=\"265\" hspace=\"4\" align=\"left\" \/>SANTO  DOMINGO.-<\/strong> El candidato presidencial del Partido Revolucionario Dominicano (PRD),  Miguel Vargas Maldonado, consider\u00f3 que el candidato presidencial del PLD, s\u00f3lo  alcanza la categor\u00eda de jugador de grandes ligas \u00aben la corrupci\u00f3n, la  mentira y\u00a0 en su incapacidad para resolver los problemas  nacionales.\u00bb\u00a0 <br \/>&#13;<br \/>\n  <br \/>&#13;<br \/>\n  Sin  mencionar el nombre de Leonel Fern\u00e1ndez, dijo \u00a0que su adversario reh\u00faye el debate frente al  pa\u00eds porque tiene mucho miedo de rendir cuentas al pueblo dominicano sobre el  fracaso total de su gesti\u00f3n para resolver los problemas del desempleo, el  elevado costo de la vida, la creciente delincuencia y criminalidad y el  desastroso servicio de salud p\u00fablica, entre otros.<br \/>&#13;<br \/>\n  <br \/>&#13;<br \/>\n  A  su juicio,\u00a0 \u00abel candidato  reeleccionista es un jugador que habla muchas mentiras y que hace muchas  trampas, y es lo que se evidenciar\u00e1 ante el pueblo en caso de que acepte  debatir con nosotros los problemas y necesidades del pa\u00eds y su incapacidad para  darle el frente con eficiencia\u201d.\u00a0 <br \/>&#13;<br \/>\n  <br \/>&#13;<br \/>\n  Sostuvo  \u00a0que el presidente candidato es  ciertamente un jugador de grandes ligas disparando el precio de la comida,  produciendo 250 mil desempleos, lanzando tres paquetazos de impuestos,  triplicando la delincuencia y la criminalidad, rebajando a menos de la mitad la  inversi\u00f3n que corresponde por ley a educaci\u00f3n, golpeando la salud del pueblo  dominicano al desviar los recursos hacia el Metro\u201d, dijo.<br \/>&#13;<br \/>\n  <br \/>&#13;<br \/>\n  El  candidato del PRD, Vargas Maldonado \u00a0habl\u00f3 en un acto en el municipio de Ram\u00f3n  Santana, durante una \u00a0gira por la  provincia \u00a0San Pedro de Macor\u00eds,\u00a0  para responder y pasar a la ofensiva frente a las declaraciones del presidente  Fern\u00e1ndez de que no acepta debatir con \u00e9l porque no es un grandes ligas, indica  un bolet\u00edn de su Direcci\u00f3n de Comunicaciones.<br \/>&#13;<br \/>\n  <br \/>&#13;<br \/>\n  \u201c\u00c9l  es un grandes ligas\u00a0 robando bases en el terreno de la m\u00e1s escandalosa  corrupci\u00f3n y falta de transparencia de nuestra historia\u201d, expuso, \u201cy obviamente  es un ganador del Sal\u00f3n de la   Fama de los violadores de la Constituci\u00f3n y las  leyes\u201d.<br \/>&#13;<br \/>\n  <br \/>&#13;<br \/>\n  Dijo  que el candidato reeleccionista se ha inyectado esteroides para tratar de  enga\u00f1ar nuevamente al pueblo en las pr\u00f3ximas elecciones. \u201cPero el pueblo sabe  ya que es un candidato incumplidor y mentiroso al que hace rato que se le cay\u00f3  el brazo\u00bb.<br \/>&#13;<br \/>\n  <br \/>&#13;<br \/>\n  Opin\u00f3  \u00a0que la democracia dominicana demanda el  ejercicio de un liderazgo responsable, capaz de colocar por encima de todo los  intereses permanentes de la   Rep\u00fablica, y no como sucede en la presente administraci\u00f3n, en  que las \u00a0principales decisiones est\u00e1n marcadas por el inter\u00e9s personal de  sus funcionarios.<br \/>&#13;<br \/>\n  <br \/>&#13;<br \/>\n  Dijo  \u00abal candidato a la reelecci\u00f3n que no se crea que est\u00e1 por encima del bien  y del mal, \u00e9l es un ciudadano m\u00e1s, igual que todos nosotros y en este caso un  candidato a la presidencia que debe decir c\u00f3mo pretende resolver los principales  problemas de este pa\u00eds. Por lo tanto, que se deje de tener tanto miedo y que  venga a debatir con coraje y responsabilidad\u00bb.<br \/>&#13;<br \/>\n  <br \/>&#13;<br \/>\n  El  candidato del PRD expres\u00f3 \u00a0que su inter\u00e9s  en el debate no se debe a razones personales sino \u201cporque quienes pretendemos  que se nos otorgue el mandato presidencial para dirigir al pa\u00eds a partir del 16  de agosto,\u00a0 tenemos que presentarle al pueblo las medidas que vamos  adoptar para resolverle los problemas que le agobian.\u201d<br \/>&#13;<br \/>\n  <br \/>&#13;<br \/>\n  Considera\u00a0 el debate permitir\u00eda a la poblaci\u00f3n\u00a0  conocer las verdaderas intenciones de los candidatos \u201cm\u00e1s all\u00e1 de las palabras  enga\u00f1osas y la propaganda del candidato reeleccionista, con las que pinta un  pa\u00eds muy diferente al que est\u00e1 padeciendo la mayor\u00eda de nuestro pueblo, por eso  exigimos el debate\u201d. <\/p>\n<p>&#13;<\/p>\n<h6> 2008-01-14 05:39:46 <\/h6>\n<p><!--\n<link rel=\"stylesheet\" href=\"css\/bootstrap.min.css\">\n\n\n<ul class=\"pagination\">\n\t    \n\t\n\n<li >\n\t<a href='?page_no=34389'>Previous<\/a>\n\t<\/li>\n\n\n       \n    \n\n<li><a href='?page_no=1'>1<\/a><\/li>\n\n\n\n<li><a href='?page_no=2'>2<\/a><\/li>\n\n\n\n<li><a>...<\/a><\/li>\n\n\n\n<li><a href='?page_no=34388'>34388<\/a><\/li>\n\n\n\n<li><a href='?page_no=34389'>34389<\/a><\/li>\n\n\n\n<li class='active'><a>34390<\/a><\/li>\n\n\n\n<li><a href='?page_no=34391'>34391<\/a><\/li>\n\n\n\n<li><a href='?page_no=34392'>34392<\/a><\/li>\n\n\n\n<li><a>...<\/a><\/li>\n\n\n\n<li><a href='?page_no=36999'>36999<\/a><\/li>\n\n\n\n<li><a href='?page_no=37000'>37000<\/a><\/li>\n\n    \n\t\n\n<li >\n\t<a href='?page_no=34391'>Next<\/a>\n\t<\/li>\n\n\n    \n\n<li><a href='?page_no=37000'>Last &rsaquo;&rsaquo;<\/a><\/li>\n\n<\/ul>\n\n\n--><br \/>\n<\/body><\/p>\n","protected":false},"excerpt":{"rendered":"<p>El candidato del PRD considera Leonel Fern\u00e1ndez teme a debate &#13; SANTO DOMINGO.- El candidato presidencial del Partido Revolucionario Dominicano (PRD), Miguel Vargas Maldonado, consider\u00f3 que el candidato presidencial del PLD, s\u00f3lo alcanza la categor\u00eda de jugador de grandes ligas \u00aben la corrupci\u00f3n, la mentira y\u00a0 en su incapacidad para resolver los problemas nacionales.\u00bb\u00a0 &#13; [&hellip;]<\/p>\n","protected":false},"author":3,"featured_media":0,"comment_status":"open","ping_status":"open","sticky":false,"template":"","format":"standard","meta":{"footnotes":""},"categories":[22],"tags":[],"class_list":["post-191642","post","type-post","status-publish","format-standard","hentry","category-politica"],"_links":{"self":[{"href":"https:\/\/diariodominicano.com\/index.php?rest_route=\/wp\/v2\/posts\/191642","targetHints":{"allow":["GET"]}}],"collection":[{"href":"https:\/\/diariodominicano.com\/index.php?rest_route=\/wp\/v2\/posts"}],"about":[{"href":"https:\/\/diariodominicano.com\/index.php?rest_route=\/wp\/v2\/types\/post"}],"author":[{"embeddable":true,"href":"https:\/\/diariodominicano.com\/index.php?rest_route=\/wp\/v2\/users\/3"}],"replies":[{"embeddable":true,"href":"https:\/\/diariodominicano.com\/index.php?rest_route=%2Fwp%2Fv2%2Fcomments&post=191642"}],"version-history":[{"count":0,"href":"https:\/\/diariodominicano.com\/index.php?rest_route=\/wp\/v2\/posts\/191642\/revisions"}],"wp:attachment":[{"href":"https:\/\/diariodominicano.com\/index.php?rest_route=%2Fwp%2Fv2%2Fmedia&parent=191642"}],"wp:term":[{"taxonomy":"category","embeddable":true,"href":"https:\/\/diariodominicano.com\/index.php?rest_route=%2Fwp%2Fv2%2Fcategories&post=191642"},{"taxonomy":"post_tag","embeddable":true,"href":"https:\/\/diariodominicano.com\/index.php?rest_route=%2Fwp%2Fv2%2Ftags&post=191642"}],"curies":[{"name":"wp","href":"https:\/\/api.w.org\/{rel}","templated":true}]}}