{"id":191641,"date":"2008-01-14T06:01:47","date_gmt":"2008-01-14T06:01:47","guid":{"rendered":"http:\/\/diariodominicano.ddns.net\/?p=191641"},"modified":"2008-01-14T06:01:47","modified_gmt":"2008-01-14T06:01:47","slug":"viuda-de-espanol-con-sospecha-de-fiebre-amarilla-demandara-a-brasil-y-espana","status":"publish","type":"post","link":"https:\/\/diariodominicano.com\/?p=191641","title":{"rendered":"Viuda de espa\u00f1ol con sospecha de fiebre amarilla demandar\u00e1 a Brasil y Espa\u00f1a"},"content":{"rendered":"<p><body><\/p>\n<h1 align=\"justify\" class=\"titulogrande1\">Viuda de espa\u00f1ol con sospecha de fiebre amarilla demandar\u00e1 a Brasil y  Espa\u00f1a <\/h1>\n<p>&#13;<\/p>\n<p align=\"justify\"><strong>\u00abLos gobiernos de ambos pa\u00edses omitieron informaciones sobre el foco de  fiebre amarilla en Goi\u00e1s\u00bb, asegur\u00f3 Marny Selma de Mendonca.<\/strong><\/p>\n<p>&#13;<\/p>\n<p align=\"justify\" class=\"text1noticias\">La brasile\u00f1a <strong>Marny Selma de Mendon\u00e7a<\/strong>, viuda del agricultor  espa\u00f1ol <strong>Salvador P\u00e9rez<\/strong>, quien falleci\u00f3 el s\u00e1bado en Goiania  con s\u00edntomas de <strong>fiebre amarilla<\/strong>, anunci\u00f3 hoy que va a demandar  a los gobiernos de <strong>Brasil y Espa\u00f1a<\/strong> por descuidos en la  inmigraci\u00f3n de ella y su marido.<br \/>&#13;<br \/>\n  <br \/>&#13;<br \/>\n  De Mendon\u00e7a, de 31 a\u00f1os, se\u00f1al\u00f3 a la brasile\u00f1a Agencia Estado que ir\u00e1 a la Justicia reclamando da\u00f1os  morales, omisi\u00f3n y negligencia, pues \u00ablos gobiernos de ambos pa\u00edses  omitieron informaciones sobre el foco de fiebre amarilla en Goi\u00e1s\u00bb, estado  en el que P\u00e9rez compr\u00f3 el pasado 13 de diciembre una hacienda.<br \/>&#13;<br \/>\n  <br \/>&#13;<br \/>\n  P\u00e9rez y su esposa llegaron a Brasil el 27 de noviembre desembarcando en la  ciudad de Salvador (litoral) y despu\u00e9s de cuatro d\u00edas se trasladaron a  Cristian\u00f3polis, en el estado de Goi\u00e1s, donde compraron una hacienda el 13 de  diciembre y la ocuparon el d\u00eda 29 de ese mes.<br \/>&#13;<br \/>\n  <br \/>&#13;<br \/>\n  El 3 de enero, P\u00e9rez present\u00f3 dolores en el cuerpo, fiebre, v\u00f3mito y  diarrea, y recibi\u00f3 atenci\u00f3n m\u00e9dica.<br \/>&#13;<br \/>\n  <br \/>&#13;<br \/>\n  El 10 de enero su cuadro cl\u00ednico se agrav\u00f3 y fue hospitalizado en el Centro  de Enfermedades Tropicales de Goiania, muriendo dos d\u00edas despu\u00e9s con todas las  se\u00f1ales de fiebre amarilla, como indic\u00f3 el reporte m\u00e9dico, que deber\u00e1 ser  confirmado en una semana despu\u00e9s de conocerse los resultados del laboratorio  especializado.<br \/>&#13;<br \/>\n  <br \/>&#13;<br \/>\n  La viuda argumentar\u00e1 tambi\u00e9n que su cu\u00f1ado Javier P\u00e9rez y la suegra Mar\u00eda  del Pilar de la Car,  quienes llegaron el s\u00e1bado y jueves a Brasil respectivamente, no fueron  informados por las autoridades de inmigraci\u00f3n tanto en Espa\u00f1a como en Brasil.<br \/>&#13;<br \/>\n  <br \/>&#13;<br \/>\n  \u00abDesembarqu\u00e9 en Sao Paulo, viniendo de Espa\u00f1a, y despu\u00e9s en Goiania y no  hab\u00edan puestos de vacunaci\u00f3n, agentes de salud o avisos sobre los riesgos y las  \u00e1reas de riesgo de fiebre amarilla\u00bb, apunt\u00f3 el hermano del agricultor.<br \/>&#13;<br \/>\n  <br \/>&#13;<br \/>\n  Los familiares esperan concluir los tr\u00e1mites para trasladar el cad\u00e1ver de  P\u00e9rez a Valladolid, donde ser\u00e1 sepultado.<br \/>&#13;<br \/>\n  <br \/>&#13;<br \/>\n  Si se confirma la muerte por fiebre amarilla de P\u00e9rez ser\u00e1 la segunda en el a\u00f1o  y el tercer caso de la tropical enfermedad en el pa\u00eds, que analiza otras 24  personas y treinta monos muertos en zonas de riesgo.<br \/>&#13;<br \/>\n  <br \/>&#13;<br \/>\n  El ministro de Salud, Jos\u00e9 Gomes Temporao, en un mensaje por radio y  televisi\u00f3n en la red nacional, descart\u00f3 este domingo que el pa\u00eds est\u00e9 en riesgo  de vivir una epidemia de enfermedad y pidi\u00f3 a la poblaci\u00f3n buscar la vacuna  solo si van a viajar en zonas de peligro o habitan en ellas sin vacunarse  despu\u00e9s de 1999.<br \/>&#13;<br \/>\n  <br \/>&#13;<br \/>\n  La fiebre amarilla urbana est\u00e1 erradicada en el pa\u00eds desde 1942 y los casi  400 casos posteriores, con 161 muertes, fueron todos con personas que la  contrajeron en zonas silvestre.<br \/>&#13;<br \/>\n  <br \/>&#13;<br \/>\n  La alta demanda por vacunas se vive tambi\u00e9n en Argentina, con los miles de  turistas que en cada enero pasan sus vacaciones en Brasil, mientras que  Paraguay y Uruguay decretaron estado de \u00abalerta\u00bb en las regiones  fronterizas.<br \/>&#13;<br \/>\n  <br \/>&#13;<br \/>\n  <em>EFE<\/em><\/p>\n<p>&#13;<\/p>\n<h6> 2008-01-14 06:01:47 <\/h6>\n<p><!--\n<link rel=\"stylesheet\" href=\"css\/bootstrap.min.css\">\n\n\n<ul class=\"pagination\">\n\t    \n\t\n\n<li >\n\t<a href='?page_no=34388'>Previous<\/a>\n\t<\/li>\n\n\n       \n    \n\n<li><a href='?page_no=1'>1<\/a><\/li>\n\n\n\n<li><a href='?page_no=2'>2<\/a><\/li>\n\n\n\n<li><a>...<\/a><\/li>\n\n\n\n<li><a href='?page_no=34387'>34387<\/a><\/li>\n\n\n\n<li><a href='?page_no=34388'>34388<\/a><\/li>\n\n\n\n<li class='active'><a>34389<\/a><\/li>\n\n\n\n<li><a href='?page_no=34390'>34390<\/a><\/li>\n\n\n\n<li><a href='?page_no=34391'>34391<\/a><\/li>\n\n\n\n<li><a>...<\/a><\/li>\n\n\n\n<li><a href='?page_no=36999'>36999<\/a><\/li>\n\n\n\n<li><a href='?page_no=37000'>37000<\/a><\/li>\n\n    \n\t\n\n<li >\n\t<a href='?page_no=34390'>Next<\/a>\n\t<\/li>\n\n\n    \n\n<li><a href='?page_no=37000'>Last &rsaquo;&rsaquo;<\/a><\/li>\n\n<\/ul>\n\n\n--><br \/>\n<\/body><\/p>\n","protected":false},"excerpt":{"rendered":"<p>Viuda de espa\u00f1ol con sospecha de fiebre amarilla demandar\u00e1 a Brasil y Espa\u00f1a &#13; \u00abLos gobiernos de ambos pa\u00edses omitieron informaciones sobre el foco de fiebre amarilla en Goi\u00e1s\u00bb, asegur\u00f3 Marny Selma de Mendonca. &#13; La brasile\u00f1a Marny Selma de Mendon\u00e7a, viuda del agricultor espa\u00f1ol Salvador P\u00e9rez, quien falleci\u00f3 el s\u00e1bado en Goiania con s\u00edntomas [&hellip;]<\/p>\n","protected":false},"author":3,"featured_media":0,"comment_status":"open","ping_status":"open","sticky":false,"template":"","format":"standard","meta":{"footnotes":""},"categories":[22],"tags":[],"class_list":["post-191641","post","type-post","status-publish","format-standard","hentry","category-politica"],"_links":{"self":[{"href":"https:\/\/diariodominicano.com\/index.php?rest_route=\/wp\/v2\/posts\/191641","targetHints":{"allow":["GET"]}}],"collection":[{"href":"https:\/\/diariodominicano.com\/index.php?rest_route=\/wp\/v2\/posts"}],"about":[{"href":"https:\/\/diariodominicano.com\/index.php?rest_route=\/wp\/v2\/types\/post"}],"author":[{"embeddable":true,"href":"https:\/\/diariodominicano.com\/index.php?rest_route=\/wp\/v2\/users\/3"}],"replies":[{"embeddable":true,"href":"https:\/\/diariodominicano.com\/index.php?rest_route=%2Fwp%2Fv2%2Fcomments&post=191641"}],"version-history":[{"count":0,"href":"https:\/\/diariodominicano.com\/index.php?rest_route=\/wp\/v2\/posts\/191641\/revisions"}],"wp:attachment":[{"href":"https:\/\/diariodominicano.com\/index.php?rest_route=%2Fwp%2Fv2%2Fmedia&parent=191641"}],"wp:term":[{"taxonomy":"category","embeddable":true,"href":"https:\/\/diariodominicano.com\/index.php?rest_route=%2Fwp%2Fv2%2Fcategories&post=191641"},{"taxonomy":"post_tag","embeddable":true,"href":"https:\/\/diariodominicano.com\/index.php?rest_route=%2Fwp%2Fv2%2Ftags&post=191641"}],"curies":[{"name":"wp","href":"https:\/\/api.w.org\/{rel}","templated":true}]}}