{"id":191639,"date":"2008-01-14T16:09:32","date_gmt":"2008-01-14T16:09:32","guid":{"rendered":"http:\/\/diariodominicano.ddns.net\/?p=191639"},"modified":"2008-01-14T16:09:32","modified_gmt":"2008-01-14T16:09:32","slug":"jose-tomas-fernandez-no-necesita-debate-su-forma-de-gobierno-habla-por-si-sola","status":"publish","type":"post","link":"https:\/\/diariodominicano.com\/?p=191639","title":{"rendered":"Jos\u00e9 Tom\u00e1s: Fern\u00e1ndez no necesita debate; su forma de gobierno habla por si sola"},"content":{"rendered":"<p><body><\/p>\n<p align=\"justify\" class=\"titulogrande1\"><strong>Jos\u00e9 Tom\u00e1s: Fern\u00e1ndez no necesita  debate; su forma de gobierno habla por si sola<\/strong> <\/p>\n<p>&#13;<\/p>\n<p align=\"justify\" class=\"text1noticias\"><img loading=\"lazy\" decoding=\"async\" src=\"http:\/\/localhost:8080\/pictures\/jose tomas foto.jpg\" width=\"269\" height=\"222\" hspace=\"4\" align=\"left\" \/><strong>Santo Domingo.- <\/strong>No hay posibilidad de que el presidente y l\u00edder del Partido  de la Liberaci\u00f3n   Dominicana no gane las pr\u00f3ximas elecciones en primera vuelta,  ya que es el \u00fanico candidato que cuenta con un alto nivel de apoyo. <\/p>\n<p>&#13;<\/p>\n<p align=\"justify\" class=\"text1noticias\">Esta afirmaci\u00f3n la hace Jos\u00e9 Tom\u00e1s P\u00e9rez, quien precis\u00f3 que  nunca antes en la historia, un partido como el PLD iniciaba su campa\u00f1a  electoral con un nivel de confianza con respeto a su triunfo electoral, con un  porcentaje de preferencia del mas de 50%, previo a la proclamaci\u00f3n de  Fern\u00e1ndez.<\/p>\n<p>&#13;<\/p>\n<p align=\"justify\" class=\"text1noticias\">Entrevistado en Hoy Mismo, de Color Visi\u00f3n, P\u00e9rez descart\u00f3  un debate pol\u00edtico del partido morado con los candidatos de la oposici\u00f3n, ya  que en la agenda del presidente Fern\u00e1ndez lo prioritario es seguir trabajando,  y no sentarse ha hablar de lo que su programa de gobierno ha ejecutado por el  bien de los dominicanos.<\/p>\n<p>&#13;<\/p>\n<p align=\"justify\" class=\"text1noticias\">Se\u00f1al\u00f3 que un candidato con un m\u00e1s de 50%, con el liderazgo  de Fern\u00e1ndez, no tiene necesidad de buscar en un debate un apoyo del  electorado, que ya ha conseguido por su hist\u00f3rica administraci\u00f3n.<\/p>\n<p>&#13;<\/p>\n<p align=\"justify\" class=\"text1noticias\">Destac\u00f3 que el mejor debate de Fern\u00e1ndez ha sido mostrar la  recuperaci\u00f3n de la estabilidad macroecon\u00f3mica, convirtiendo a la Rep\u00fablica Dominicana  en un centro de atracci\u00f3n de las inversiones extranjeras; adem\u00e1s de un  crecimiento econ\u00f3mico, de 1% en el 2004 a un 8% en el pasado a\u00f1o.<\/p>\n<p>&#13;<\/p>\n<p align=\"justify\" class=\"text1noticias\">Una demostraci\u00f3n de que el l\u00edder y presidente del PLD  mantiene su popularidad para continuar al frente de los destinos de la naci\u00f3n  han sido las manifestaciones de apoyo que el pueblo le ha dado recientemente en  los recorridos realizados por los barrios de la capital.<\/p>\n<p>&#13;<\/p>\n<p align=\"justify\" class=\"text1noticias\">Actos similares como los realizados el reciente fin de  semana ser\u00e1n llevados a cabo, tanto previo a la proclamaci\u00f3n de Fern\u00e1ndez, el  pr\u00f3ximo 27 de este mes, como en las siguientes semanas en toda la geograf\u00eda  nacional.<\/p>\n<p>&#13;<\/p>\n<p align=\"justify\" class=\"text1noticias\">P\u00e9rez dijo que el PLD est\u00e1 completamente integrado,  organizando su maquinaria electoral, para conservar el ambiente de progreso que  requiere la naci\u00f3n.<\/p>\n<p>&#13;<\/p>\n<p align=\"justify\" class=\"text1noticias\">El coordinador de la campa\u00f1a del partido morado para el  Distrito Nacional expres\u00f3 que en un nuevo per\u00edodo presidencial, iniciado el  pr\u00f3ximo 16 de agosto, el presidente Fern\u00e1ndez orientar\u00e1 todos sus esfuerzos  para saldar la deuda social de los dominicanos, invirtiendo aun m\u00e1s en las  \u00e1reas sociales, despu\u00e9s de lograr la recuperaci\u00f3n econ\u00f3mica en la presente  administraci\u00f3n.<\/p>\n<p>&#13;<\/p>\n<h6> 2008-01-14 16:09:32 <\/h6>\n<p><!--\n<link rel=\"stylesheet\" href=\"css\/bootstrap.min.css\">\n\n\n<ul class=\"pagination\">\n\t    \n\t\n\n<li >\n\t<a href='?page_no=34386'>Previous<\/a>\n\t<\/li>\n\n\n       \n    \n\n<li><a href='?page_no=1'>1<\/a><\/li>\n\n\n\n<li><a href='?page_no=2'>2<\/a><\/li>\n\n\n\n<li><a>...<\/a><\/li>\n\n\n\n<li><a href='?page_no=34385'>34385<\/a><\/li>\n\n\n\n<li><a href='?page_no=34386'>34386<\/a><\/li>\n\n\n\n<li class='active'><a>34387<\/a><\/li>\n\n\n\n<li><a href='?page_no=34388'>34388<\/a><\/li>\n\n\n\n<li><a href='?page_no=34389'>34389<\/a><\/li>\n\n\n\n<li><a>...<\/a><\/li>\n\n\n\n<li><a href='?page_no=36999'>36999<\/a><\/li>\n\n\n\n<li><a href='?page_no=37000'>37000<\/a><\/li>\n\n    \n\t\n\n<li >\n\t<a href='?page_no=34388'>Next<\/a>\n\t<\/li>\n\n\n    \n\n<li><a href='?page_no=37000'>Last &rsaquo;&rsaquo;<\/a><\/li>\n\n<\/ul>\n\n\n--><br \/>\n<\/body><\/p>\n","protected":false},"excerpt":{"rendered":"<p>Jos\u00e9 Tom\u00e1s: Fern\u00e1ndez no necesita debate; su forma de gobierno habla por si sola &#13; Santo Domingo.- No hay posibilidad de que el presidente y l\u00edder del Partido de la Liberaci\u00f3n Dominicana no gane las pr\u00f3ximas elecciones en primera vuelta, ya que es el \u00fanico candidato que cuenta con un alto nivel de apoyo. &#13; [&hellip;]<\/p>\n","protected":false},"author":3,"featured_media":0,"comment_status":"open","ping_status":"open","sticky":false,"template":"","format":"standard","meta":{"footnotes":""},"categories":[22],"tags":[],"class_list":["post-191639","post","type-post","status-publish","format-standard","hentry","category-politica"],"_links":{"self":[{"href":"https:\/\/diariodominicano.com\/index.php?rest_route=\/wp\/v2\/posts\/191639","targetHints":{"allow":["GET"]}}],"collection":[{"href":"https:\/\/diariodominicano.com\/index.php?rest_route=\/wp\/v2\/posts"}],"about":[{"href":"https:\/\/diariodominicano.com\/index.php?rest_route=\/wp\/v2\/types\/post"}],"author":[{"embeddable":true,"href":"https:\/\/diariodominicano.com\/index.php?rest_route=\/wp\/v2\/users\/3"}],"replies":[{"embeddable":true,"href":"https:\/\/diariodominicano.com\/index.php?rest_route=%2Fwp%2Fv2%2Fcomments&post=191639"}],"version-history":[{"count":0,"href":"https:\/\/diariodominicano.com\/index.php?rest_route=\/wp\/v2\/posts\/191639\/revisions"}],"wp:attachment":[{"href":"https:\/\/diariodominicano.com\/index.php?rest_route=%2Fwp%2Fv2%2Fmedia&parent=191639"}],"wp:term":[{"taxonomy":"category","embeddable":true,"href":"https:\/\/diariodominicano.com\/index.php?rest_route=%2Fwp%2Fv2%2Fcategories&post=191639"},{"taxonomy":"post_tag","embeddable":true,"href":"https:\/\/diariodominicano.com\/index.php?rest_route=%2Fwp%2Fv2%2Ftags&post=191639"}],"curies":[{"name":"wp","href":"https:\/\/api.w.org\/{rel}","templated":true}]}}