{"id":191637,"date":"2008-01-14T18:24:20","date_gmt":"2008-01-14T18:24:20","guid":{"rendered":"http:\/\/diariodominicano.ddns.net\/?p=191637"},"modified":"2008-01-14T18:24:20","modified_gmt":"2008-01-14T18:24:20","slug":"el-prn-proclama-a-leonel-candidato-a-la-presidencia","status":"publish","type":"post","link":"https:\/\/diariodominicano.com\/?p=191637","title":{"rendered":"El PRN proclama a Leonel candidato a la presidencia"},"content":{"rendered":"<p><body><\/p>\n<p><strong>\t<span class=\"titulogrande1\">El PRN proclama a Leonel Candidato a la presidencia<\/span><br \/>&#13;<br \/>\n  <br \/>&#13;<br \/>\n  Por: <\/strong><span class=\"textogrande\">Roberto  Rodr\u00edguez<\/span><br \/>&#13;<br \/>\n14 de  Enero 2008. <\/p>\n<p>&#13;<\/p>\n<p align=\"justify\" class=\"text1noticias\"><img loading=\"lazy\" decoding=\"async\" src=\"http:\/\/localhost:8080\/pictures\/partido renacentista nacional.jpg\" width=\"269\" height=\"178\" hspace=\"4\" align=\"left\" \/>El Partido Renacentista Nacional proclam\u00f3 al presidente Leonel Fern\u00e1ndez  como su candidato presidencial en las elecciones de mayo pr\u00f3ximo. <\/p>\n<p>&#13;<\/p>\n<p align=\"justify\" class=\"text1noticias\">La designaci\u00f3n se produjo a unanimidad, con el voto favorable de 750  delegados que asistieron al evento todos los miembros del  Comit\u00e9 Ejecutivo Nacional de dicha organizaci\u00f3n pol\u00edtica, durante la Novena Convenci\u00f3n  Nacional de delegados, que llev\u00f3 a cabo este domingo en el club del legislador. <\/p>\n<p>&#13;<\/p>\n<p align=\"justify\" class=\"text1noticias\">&#13;<br \/>\nJos\u00e9 Antol\u00edn Polanco, secretario general, destac\u00f3 que Partido  Renacentista ha sido y seguir\u00e1 siendo uno de las fuerzas pol\u00edticas minoritarias  m\u00e1s votadas, debido al trabajo comunitario que siempre han realizado en  distintos municipios. <\/p>\n<p>&#13;<\/p>\n<p align=\"justify\" class=\"text1noticias\">Polanco indic\u00f3 que el Comit\u00e9 Ejecutivo de dicha organizaci\u00f3n decidi\u00f3  apoyar la candidatura de Leonel Fern\u00e1ndez, porque es el \u00fanico que garantiza la  confianza, seguridad y estabilidad del pa\u00eds. <br \/>&#13;<br \/>\n  \u00a0 <br \/>&#13;<br \/>\n\u00abEl presidente Fern\u00e1ndez recibi\u00f3 el pa\u00eds en el 2004 como un barco a  la deriva, con un crecimiento econ\u00f3mico negativo de un &#8211; 2.5 por ciento, el  d\u00f3lar a 52 pesos, y un panorama deprimente a nivel nacional\u00bb, inform\u00f3 el  Secretario General del Partido. <\/p>\n<p>&#13;<\/p>\n<p align=\"justify\" class=\"text1noticias\">Tambi\u00e9n record\u00f3 que \u00abcada vez que el pueblo dominicano le ha  otorgado la oportunidad de gobernar al Partido Revolucionario Dominicano, lo  que han hecho es desgobernar, dejando a su paso pobreza, verg\u00fcenza y  frustraci\u00f3n nacional\u00bb. <\/p>\n<p>&#13;<\/p>\n<p align=\"justify\" class=\"text1noticias\">El Dirigente Pol\u00edtico destac\u00f3 que en solo tres a\u00f1os y medio de gesti\u00f3n  del presidente Fern\u00e1ndez, \u00a0 la Rep\u00fablica Dominicana  es reconocida a nivel mundial como uno de los pocos pa\u00edses de la regi\u00f3n, con un  crecimiento econ\u00f3mico de un 7 por ciento. <\/p>\n<p>&#13;<\/p>\n<p align=\"justify\" class=\"text1noticias\">Antol\u00edn Polanco destac\u00f3 que el Partido Renacentista Nacional tiene  actualmente m\u00e1s de 20 mil miembros y que en coordinaci\u00f3n con otras  organizaciones aliadas pretenden aportar al PLD m\u00e1s de 60 mil \u00a0 votos en  las elecciones de mayo pr\u00f3ximo. <\/p>\n<p>&#13;<\/p>\n<p align=\"justify\" class=\"text1noticias\">En los comicios del 2004 el Partido Nacional Renacentista obtuvo 18,943 votos,  cifra que pretenden triplicar para este nuevo certamen electoral. <\/p>\n<p>&#13;<\/p>\n<p align=\"justify\" class=\"text1noticias\">El Secretario General del PRN calific\u00f3 como una necesidad nacional la  reelecci\u00f3n de Leonel Fern\u00e1ndez, para que contin\u00fae realizando las obras que  viene ejecutando para el desarrollo de la naci\u00f3n. <\/p>\n<p>&#13;<\/p>\n<p align=\"justify\" class=\"text1noticias\">Polanco exhort\u00f3 a todos los dominicanos sensatos, \u00aba que el pr\u00f3ximo  16 de mayo voten por el presidente Fern\u00e1ndez, para garantizar un buen presente  y un mejor futuro\u00bb. <\/p>\n<p>&#13;<\/p>\n<p align=\"justify\" class=\"text1noticias\">Durante el encuentro que se llev\u00f3 a cabo en el Club del Legislador, Jos\u00e9  Antolin Polanco mostr\u00f3 seguridad de que el PLD con el apoyo de partidos  aliados, ganaran en primera vuelta. <\/p>\n<p>&#13;<\/p>\n<h6> 2008-01-14 18:24:20 <\/h6>\n<p><!--\n<link rel=\"stylesheet\" href=\"css\/bootstrap.min.css\">\n\n\n<ul class=\"pagination\">\n\t    \n\t\n\n<li >\n\t<a href='?page_no=34384'>Previous<\/a>\n\t<\/li>\n\n\n       \n    \n\n<li><a href='?page_no=1'>1<\/a><\/li>\n\n\n\n<li><a href='?page_no=2'>2<\/a><\/li>\n\n\n\n<li><a>...<\/a><\/li>\n\n\n\n<li><a href='?page_no=34383'>34383<\/a><\/li>\n\n\n\n<li><a href='?page_no=34384'>34384<\/a><\/li>\n\n\n\n<li class='active'><a>34385<\/a><\/li>\n\n\n\n<li><a href='?page_no=34386'>34386<\/a><\/li>\n\n\n\n<li><a href='?page_no=34387'>34387<\/a><\/li>\n\n\n\n<li><a>...<\/a><\/li>\n\n\n\n<li><a href='?page_no=36999'>36999<\/a><\/li>\n\n\n\n<li><a href='?page_no=37000'>37000<\/a><\/li>\n\n    \n\t\n\n<li >\n\t<a href='?page_no=34386'>Next<\/a>\n\t<\/li>\n\n\n    \n\n<li><a href='?page_no=37000'>Last &rsaquo;&rsaquo;<\/a><\/li>\n\n<\/ul>\n\n\n--><br \/>\n<\/body><\/p>\n","protected":false},"excerpt":{"rendered":"<p>El PRN proclama a Leonel Candidato a la presidencia&#13; &#13; Por: Roberto Rodr\u00edguez&#13; 14 de Enero 2008. &#13; El Partido Renacentista Nacional proclam\u00f3 al presidente Leonel Fern\u00e1ndez como su candidato presidencial en las elecciones de mayo pr\u00f3ximo. &#13; La designaci\u00f3n se produjo a unanimidad, con el voto favorable de 750 delegados que asistieron al evento [&hellip;]<\/p>\n","protected":false},"author":3,"featured_media":0,"comment_status":"open","ping_status":"open","sticky":false,"template":"","format":"standard","meta":{"footnotes":""},"categories":[22],"tags":[],"class_list":["post-191637","post","type-post","status-publish","format-standard","hentry","category-politica"],"_links":{"self":[{"href":"https:\/\/diariodominicano.com\/index.php?rest_route=\/wp\/v2\/posts\/191637","targetHints":{"allow":["GET"]}}],"collection":[{"href":"https:\/\/diariodominicano.com\/index.php?rest_route=\/wp\/v2\/posts"}],"about":[{"href":"https:\/\/diariodominicano.com\/index.php?rest_route=\/wp\/v2\/types\/post"}],"author":[{"embeddable":true,"href":"https:\/\/diariodominicano.com\/index.php?rest_route=\/wp\/v2\/users\/3"}],"replies":[{"embeddable":true,"href":"https:\/\/diariodominicano.com\/index.php?rest_route=%2Fwp%2Fv2%2Fcomments&post=191637"}],"version-history":[{"count":0,"href":"https:\/\/diariodominicano.com\/index.php?rest_route=\/wp\/v2\/posts\/191637\/revisions"}],"wp:attachment":[{"href":"https:\/\/diariodominicano.com\/index.php?rest_route=%2Fwp%2Fv2%2Fmedia&parent=191637"}],"wp:term":[{"taxonomy":"category","embeddable":true,"href":"https:\/\/diariodominicano.com\/index.php?rest_route=%2Fwp%2Fv2%2Fcategories&post=191637"},{"taxonomy":"post_tag","embeddable":true,"href":"https:\/\/diariodominicano.com\/index.php?rest_route=%2Fwp%2Fv2%2Ftags&post=191637"}],"curies":[{"name":"wp","href":"https:\/\/api.w.org\/{rel}","templated":true}]}}