{"id":191635,"date":"2008-01-14T19:45:14","date_gmt":"2008-01-14T19:45:14","guid":{"rendered":"http:\/\/diariodominicano.ddns.net\/?p=191635"},"modified":"2008-01-14T19:45:14","modified_gmt":"2008-01-14T19:45:14","slug":"rednueva-con-leonel-ve-contradictoria-estrategia-prd-pph","status":"publish","type":"post","link":"https:\/\/diariodominicano.com\/?p=191635","title":{"rendered":"REDNUEVA con Leonel ve contradictoria estrategia PRD-PPH"},"content":{"rendered":"<p><body><\/p>\n<p><strong class=\"titulogrande1\">REDNUEVA con Leonel ve contradictoria estrategia PRD-PPH<\/strong><\/p>\n<p>&#13;<\/p>\n<p align=\"justify\" class=\"text1noticias\"><strong><img loading=\"lazy\" decoding=\"async\" src=\"http:\/\/localhost:8080\/pictures\/red nueva 1.jpg\" width=\"269\" height=\"180\" hspace=\"4\" align=\"left\" \/>Santo Domingo.-<\/strong> El discurso de campa\u00f1a del perredeismo-pepehachismo no se corresponde con  la insistente y desesperada ansiedad de su candidato presidencial por equipararse  en popularidad con el doctor Leonel Fern\u00e1ndez al casi implorar la organizaci\u00f3n  de un debate en el que ambos participen. <\/p>\n<p>&#13;<\/p>\n<p align=\"justify\" class=\"text1noticias\"> As\u00ed lo proclama  V\u00edctor Cuevas, Coordinador General de <strong>REDNUEVA  con Leonel<\/strong>, al plantear como contradictorio que desde el PRD-PPH se pregone  la derrota del PLD atribuy\u00e9ndole una supuesta gesti\u00f3n desastrosa, y al mismo  tiempo se busque afanosamente debatir con quien encabeza la candidatura  presidencial del Partido Morado. <\/p>\n<p>&#13;<\/p>\n<p align=\"justify\" class=\"text1noticias\">\u00abPara qu\u00e9  quieren debates, si ellos mismos pregonan que el pueblo no quiere al PLD y lo  va a sacar del poder el 16 de mayo\u00bb, enfatiz\u00f3 Cuevas en nota elaborada por  el Equipo de Prensa de la Red  de N\u00facleos Estructuradores de Votantes Activos (REDNUEVA con Leonel). <\/p>\n<p>&#13;<\/p>\n<p align=\"justify\" class=\"text1noticias\"> Coment\u00f3 que el  Presidente Fern\u00e1ndez al ignorar el alarde del candidato del PRD-PPH lo coloca a  la altura de los candidatos de otros partidos, mientras que la insistencia en  el debate desde\u00f1a y desprecia a hom\u00f3logos como el candidato de la franquicia  reformista y otras organizaciones. <\/p>\n<p>&#13;<\/p>\n<p align=\"justify\" class=\"text1noticias\"> El coordinador de  la referida iniciativa de apoyo a la ratificaci\u00f3n electoral de Fern\u00e1ndez,  contrapuso que la insistencia en un debate es una evidencia de que los  estrategas y el candidato del PRD-PPH est\u00e1n perdiendo porcentaje de popularidad  y pretenden detener su ca\u00edda creando un impacto medi\u00e1tico que sugiera una  nivelaci\u00f3n de las candidaturas. <\/p>\n<p>&#13;<\/p>\n<p align=\"justify\" class=\"text1noticias\"> V\u00edctor Cuevas  sostuvo asimismo que el tema del enriquecimiento dudoso es el menos apropiado  para la candidatura perredeista-pepehachista, sugiriendo que lo m\u00e1s saludable y  pr\u00e1ctico para los electores es que tanto el PLD como el PRD comparen los  resultados de sus respectivos gobiernos. <\/p>\n<p>&#13;<\/p>\n<p align=\"justify\" class=\"text1noticias\">\u00abY para eso  sale sobrando un debate en televisi\u00f3n o radio, porque los hechos est\u00e1n ah\u00ed, muy  recientes en la memoria del Pueblo\u00bb, acot\u00f3 Cuevas al advertir que con el  debate se pretende desviar la atenci\u00f3n y evitar las vinculaciones de quienes  sustentan la candidatura del partido blanco del jacho. <\/p>\n<p>&#13;<\/p>\n<p align=\"justify\" class=\"text1noticias\">En ese orden calific\u00f3 al candidato del PRD-PPH como un  pelotero al que le da verg\u00fcenza utilizar el uniforme de su propio equipo, en  referencia directa al spot televisivo donde aparece el aludido, cuadrado en el  home pero sin identificar su n\u00famero y equipo. <\/p>\n<p>&#13;<\/p>\n<p align=\"justify\" class=\"text1noticias\">Dijo que mientras el jacho del PRD-PPH agoniza  extingui\u00e9ndose, brilla cada d\u00eda con m\u00e1s esplendor la estrella amarilla que  alumbra a peledeistas, aliados y movimientos de apoyo para recibir el favor del  pueblo en un segundo mandato consecutivo. <\/p>\n<p>&#13;<\/p>\n<p align=\"justify\" class=\"text1noticias\">\u00abEl PLD es el \u00fanico de los grandes partidos  tradicionales que por vez primera va a ejercer un segundo per\u00edodo gubernamental  consecutivo; por tanto podemos vislumbrar que ser\u00e1 un gobierno muy superior al  anterior porque partiremos de una econom\u00eda estabilizada, la confianza  recuperada y las bases institucionales en proceso de consolidaci\u00f3n\u00bb,  concluy\u00f3 el Coordinador General de la   Red de N\u00facleos Estructuradores de Votantes Activos, REDNUEVA  con Leonel. <\/p>\n<p>&#13;<\/p>\n<h6> 2008-01-14 19:45:14 <\/h6>\n<p><!--\n<link rel=\"stylesheet\" href=\"css\/bootstrap.min.css\">\n\n\n<ul class=\"pagination\">\n\t    \n\t\n\n<li >\n\t<a href='?page_no=34382'>Previous<\/a>\n\t<\/li>\n\n\n       \n    \n\n<li><a href='?page_no=1'>1<\/a><\/li>\n\n\n\n<li><a href='?page_no=2'>2<\/a><\/li>\n\n\n\n<li><a>...<\/a><\/li>\n\n\n\n<li><a href='?page_no=34381'>34381<\/a><\/li>\n\n\n\n<li><a href='?page_no=34382'>34382<\/a><\/li>\n\n\n\n<li class='active'><a>34383<\/a><\/li>\n\n\n\n<li><a href='?page_no=34384'>34384<\/a><\/li>\n\n\n\n<li><a href='?page_no=34385'>34385<\/a><\/li>\n\n\n\n<li><a>...<\/a><\/li>\n\n\n\n<li><a href='?page_no=36999'>36999<\/a><\/li>\n\n\n\n<li><a href='?page_no=37000'>37000<\/a><\/li>\n\n    \n\t\n\n<li >\n\t<a href='?page_no=34384'>Next<\/a>\n\t<\/li>\n\n\n    \n\n<li><a href='?page_no=37000'>Last &rsaquo;&rsaquo;<\/a><\/li>\n\n<\/ul>\n\n\n--><br \/>\n<\/body><\/p>\n","protected":false},"excerpt":{"rendered":"<p>REDNUEVA con Leonel ve contradictoria estrategia PRD-PPH &#13; Santo Domingo.- El discurso de campa\u00f1a del perredeismo-pepehachismo no se corresponde con la insistente y desesperada ansiedad de su candidato presidencial por equipararse en popularidad con el doctor Leonel Fern\u00e1ndez al casi implorar la organizaci\u00f3n de un debate en el que ambos participen. &#13; As\u00ed lo proclama [&hellip;]<\/p>\n","protected":false},"author":3,"featured_media":0,"comment_status":"open","ping_status":"open","sticky":false,"template":"","format":"standard","meta":{"footnotes":""},"categories":[22],"tags":[],"class_list":["post-191635","post","type-post","status-publish","format-standard","hentry","category-politica"],"_links":{"self":[{"href":"https:\/\/diariodominicano.com\/index.php?rest_route=\/wp\/v2\/posts\/191635","targetHints":{"allow":["GET"]}}],"collection":[{"href":"https:\/\/diariodominicano.com\/index.php?rest_route=\/wp\/v2\/posts"}],"about":[{"href":"https:\/\/diariodominicano.com\/index.php?rest_route=\/wp\/v2\/types\/post"}],"author":[{"embeddable":true,"href":"https:\/\/diariodominicano.com\/index.php?rest_route=\/wp\/v2\/users\/3"}],"replies":[{"embeddable":true,"href":"https:\/\/diariodominicano.com\/index.php?rest_route=%2Fwp%2Fv2%2Fcomments&post=191635"}],"version-history":[{"count":0,"href":"https:\/\/diariodominicano.com\/index.php?rest_route=\/wp\/v2\/posts\/191635\/revisions"}],"wp:attachment":[{"href":"https:\/\/diariodominicano.com\/index.php?rest_route=%2Fwp%2Fv2%2Fmedia&parent=191635"}],"wp:term":[{"taxonomy":"category","embeddable":true,"href":"https:\/\/diariodominicano.com\/index.php?rest_route=%2Fwp%2Fv2%2Fcategories&post=191635"},{"taxonomy":"post_tag","embeddable":true,"href":"https:\/\/diariodominicano.com\/index.php?rest_route=%2Fwp%2Fv2%2Ftags&post=191635"}],"curies":[{"name":"wp","href":"https:\/\/api.w.org\/{rel}","templated":true}]}}