{"id":191634,"date":"2008-01-14T22:29:23","date_gmt":"2008-01-14T22:29:23","guid":{"rendered":"http:\/\/diariodominicano.ddns.net\/?p=191634"},"modified":"2008-01-14T22:29:23","modified_gmt":"2008-01-14T22:29:23","slug":"franklin-almeyda-dice-vargas-maldonado-mvp-de-la-corrupcion","status":"publish","type":"post","link":"https:\/\/diariodominicano.com\/?p=191634","title":{"rendered":"Franklin Almeyda dice: Vargas Maldonado MVP de la corrupci\u00f3n"},"content":{"rendered":"<p><body><\/p>\n<p align=\"justify\">\t<span class=\"titulogrande1\"><strong>Franklin Almeyda dice: \u00bb Vargas Maldonado MVP de la corrupci\u00f3n<\/strong><\/span><span class=\"text1noticias\"><strong><br \/>&#13;<br \/>\n  <br \/>&#13;<br \/>\n  <img loading=\"lazy\" decoding=\"async\" src=\"http:\/\/localhost:8080\/pictures\/franklin almeyda1.jpg\" width=\"269\" height=\"378\" hspace=\"4\" align=\"left\" \/>Santo Domingo.-<\/strong> El Director Nacional Electoral  del Partido de la   Liberaci\u00f3n Dominicana , doctor Frankl\u00edn Almeyda Rancier,  acus\u00f3 este lunes al candidato presidencial del Partido Revolucionario  Dominicano, Miguel Vargas Maldonado, de ser el MVP de la corrupci\u00f3n. <br \/>&#13;<br \/>\n  <br \/>&#13;<br \/>\n  Al responder acusaciones del candidato  opositor, Almeida Rancier, manifest\u00f3 que en vez de estar con evasivas, Vargas  Maldonado lo que tiene es que responder a los cuestionamientos sobre el origen  de los recursos para construir una mansi\u00f3n en Casa de Campo, al mismo tiempo  que era secretario de Obras P\u00fablicas. <br \/>&#13;<br \/>\n  <br \/>&#13;<br \/>\n\u00abEl presidente Leonel Fern\u00e1ndez no tiene  casa veraniega, no tiene helic\u00f3ptero,\u00a0 avi\u00f3n  privado, apartamento en Miami, ni yate, a pesar de haber sido presidente en dos  oportunidades y dado demostraciones de ser un hombre con mucho talento\u00bb,  coment\u00f3 Almeyda Rancier a trav\u00e9s de la Direcci\u00f3n de Comunicaci\u00f3n del Comit\u00e9 Nacional de  Campa\u00f1a. <br \/>&#13;<br \/>\n<br \/>&#13;<br \/>\nRefiri\u00f3 que cuando al candidato Vargas  Maldonado se le ha pedido p\u00fablicamente que explique al pa\u00eds c\u00f3mo es posible que  siendo secretario de Obras P\u00fablicas en el pasado cuatrienio, y su oficina  privada en receso, pudo construir una mansi\u00f3n de 800 millones de pesos. <br \/>&#13;<br \/>\n<br \/>&#13;<br \/>\nAlmeyda Rancier afirm\u00f3 que no es sorpresa para  el pa\u00eds que una figura prominente del PRD haya utilizado su posici\u00f3n en el  gobierno para hacer negocios, porque en ese partido hay el criterio de que a  una funci\u00f3n p\u00fablica no se va a servir, sino a servirse. <br \/>&#13;<br \/>\n<br \/>&#13;<br \/>\n\u00abCuando el profesor Juan Bosch abandon\u00f3  ese partido dej\u00f3 claramente establecido que el PRD se hab\u00eda convertido en una  compa\u00f1\u00eda por acciones, donde sus principales dirigentes s\u00f3lo les preocupaba  hacer negocios, olvidando los problemas de la poblaci\u00f3n\u00bb, afirm\u00f3. <br \/>&#13;<br \/>\n<br \/>&#13;<br \/>\nRecord\u00f3 que la propia ex vicepresidenta,  Milagros Ort\u00edz Bosch, en la precampa\u00f1a electoral levant\u00f3 el slogan  \u00abverg\u00fcenza contra dinero\u00bb, en alusi\u00f3n a su competidor, Vargas  Maldonado\u00bb. <br \/>&#13;<br \/>\n<br \/>&#13;<br \/>\nAlmeyda Rancier exhort\u00f3 a Vargas Maldonado a  que no reh\u00faya el tema que\u00a0 verdaderamente le interesa  al pa\u00eds saber de d\u00f3nde sac\u00f3 los recursos para la construcci\u00f3n de una mansi\u00f3n,  un pol\u00edtico que aspira a dirigir los destinos del pa\u00eds. <\/span><\/p>\n<p>&#13;<\/p>\n<h6> 2008-01-14 22:29:23 <\/h6>\n<p><!--\n<link rel=\"stylesheet\" href=\"css\/bootstrap.min.css\">\n\n\n<ul class=\"pagination\">\n\t    \n\t\n\n<li >\n\t<a href='?page_no=34381'>Previous<\/a>\n\t<\/li>\n\n\n       \n    \n\n<li><a href='?page_no=1'>1<\/a><\/li>\n\n\n\n<li><a href='?page_no=2'>2<\/a><\/li>\n\n\n\n<li><a>...<\/a><\/li>\n\n\n\n<li><a href='?page_no=34380'>34380<\/a><\/li>\n\n\n\n<li><a href='?page_no=34381'>34381<\/a><\/li>\n\n\n\n<li class='active'><a>34382<\/a><\/li>\n\n\n\n<li><a href='?page_no=34383'>34383<\/a><\/li>\n\n\n\n<li><a href='?page_no=34384'>34384<\/a><\/li>\n\n\n\n<li><a>...<\/a><\/li>\n\n\n\n<li><a href='?page_no=36999'>36999<\/a><\/li>\n\n\n\n<li><a href='?page_no=37000'>37000<\/a><\/li>\n\n    \n\t\n\n<li >\n\t<a href='?page_no=34383'>Next<\/a>\n\t<\/li>\n\n\n    \n\n<li><a href='?page_no=37000'>Last &rsaquo;&rsaquo;<\/a><\/li>\n\n<\/ul>\n\n\n--><br \/>\n<\/body><\/p>\n","protected":false},"excerpt":{"rendered":"<p>Franklin Almeyda dice: \u00bb Vargas Maldonado MVP de la corrupci\u00f3n&#13; &#13; Santo Domingo.- El Director Nacional Electoral del Partido de la Liberaci\u00f3n Dominicana , doctor Frankl\u00edn Almeyda Rancier, acus\u00f3 este lunes al candidato presidencial del Partido Revolucionario Dominicano, Miguel Vargas Maldonado, de ser el MVP de la corrupci\u00f3n. &#13; &#13; Al responder acusaciones del candidato [&hellip;]<\/p>\n","protected":false},"author":3,"featured_media":0,"comment_status":"open","ping_status":"open","sticky":false,"template":"","format":"standard","meta":{"footnotes":""},"categories":[22],"tags":[],"class_list":["post-191634","post","type-post","status-publish","format-standard","hentry","category-politica"],"_links":{"self":[{"href":"https:\/\/diariodominicano.com\/index.php?rest_route=\/wp\/v2\/posts\/191634","targetHints":{"allow":["GET"]}}],"collection":[{"href":"https:\/\/diariodominicano.com\/index.php?rest_route=\/wp\/v2\/posts"}],"about":[{"href":"https:\/\/diariodominicano.com\/index.php?rest_route=\/wp\/v2\/types\/post"}],"author":[{"embeddable":true,"href":"https:\/\/diariodominicano.com\/index.php?rest_route=\/wp\/v2\/users\/3"}],"replies":[{"embeddable":true,"href":"https:\/\/diariodominicano.com\/index.php?rest_route=%2Fwp%2Fv2%2Fcomments&post=191634"}],"version-history":[{"count":0,"href":"https:\/\/diariodominicano.com\/index.php?rest_route=\/wp\/v2\/posts\/191634\/revisions"}],"wp:attachment":[{"href":"https:\/\/diariodominicano.com\/index.php?rest_route=%2Fwp%2Fv2%2Fmedia&parent=191634"}],"wp:term":[{"taxonomy":"category","embeddable":true,"href":"https:\/\/diariodominicano.com\/index.php?rest_route=%2Fwp%2Fv2%2Fcategories&post=191634"},{"taxonomy":"post_tag","embeddable":true,"href":"https:\/\/diariodominicano.com\/index.php?rest_route=%2Fwp%2Fv2%2Ftags&post=191634"}],"curies":[{"name":"wp","href":"https:\/\/api.w.org\/{rel}","templated":true}]}}