{"id":191632,"date":"2008-01-15T01:15:07","date_gmt":"2008-01-15T01:15:07","guid":{"rendered":"http:\/\/diariodominicano.ddns.net\/?p=191632"},"modified":"2008-01-15T01:15:07","modified_gmt":"2008-01-15T01:15:07","slug":"almeyda-exhorta-a-actuar-con-contundencia-contra-el-prd-porque-es-como-la-culebra","status":"publish","type":"post","link":"https:\/\/diariodominicano.com\/?p=191632","title":{"rendered":"Almeyda exhorta a actuar con contundencia contra el PRD, porque es \u201ccomo la culebra\u201d"},"content":{"rendered":"<p><body><\/p>\n<p align=\"justify\" class=\"titulogrande1\">Almeyda exhorta a actuar con  contundencia contra el PRD, porque es \u201ccomo la culebra\u201d<\/p>\n<p>&#13;<\/p>\n<p align=\"justify\" class=\"text1noticias\"><strong>Santo  Domingo.- <\/strong>El Coordinador de la Direcci\u00f3n Nacional de Campa\u00f1a del Partido de la Liberaci\u00f3n Dominicana  (PLD), inst\u00f3 a \u00a0actuar con contundencia  contra el perredeismo-pepehachismo, por considerar que esa agrupaci\u00f3n pol\u00edtica  \u00abes como la culebra\u00bb.\u00a0<br \/>&#13;<br \/>\n  <br \/>&#13;<br \/>\n  Franklin Almeyda Rancier dijo que\u00a0 \u00abno se trata de llevar el tema pol\u00edtico  al plano personal, hay que mantenerlo en el plano pol\u00edtico, pero darle  y\u00a0\u00a0 duro\u00bb, acot\u00f3 el dirigente al exponer los planes electorales  del PLD para los actuales momentos y durante y despu\u00e9s del d\u00eda de los comicios.<br \/>&#13;<br \/>\n  <br \/>&#13;<br \/>\n  Consider\u00f3  que a pesar de que el presidente Leonel Fern\u00e1ndez ostenta un techo electoral  que ronda el 70 por ciento, los peledeistas y sus aliados no se pueden  descuidar \u00abni un segundo\u00bb. <br \/>&#13;<br \/>\n  <br \/>&#13;<br \/>\n  Insisti\u00f3  en que el Partido de la Liberaci\u00f3n Dominicana no debe descansar hasta que  el perredeismo-pepehachismo no se encuentre por debajo del 30 por ciento. <br \/>&#13;<br \/>\n  <br \/>&#13;<br \/>\n  \u00abEse  partido opositor tiene en todas las mediciones viene decreciendo desde un 33  por ciento, de ah\u00ed no pasa. Nosotros estamos llamados a un techo de un 67, y  por ese 67 hay que trabajar.\u00a0\u00a0 Es m\u00e1s hay que trabajar adem\u00e1s, para  bajar ese 33, cosa que no es dif\u00edcil\u00bb, asegur\u00f3.<br \/>&#13;<br \/>\n  <br \/>&#13;<br \/>\n  Solicit\u00f3  no considerarle \u00abangurrioso\u00bb; estableciendo a seguidas una  comparaci\u00f3n entre el PRD y una culebra, a las que hay que \u00abdarle por la  cabeza\u00bb, rese\u00f1a la   Secretar\u00eda de Comunicaciones del PLD. <br \/>&#13;<br \/>\n  <br \/>&#13;<br \/>\n  Consider\u00f3  que ya el Presidente Leonel Fern\u00e1ndez \u00abha hecho lo que hay que hacer en el  gobierno\u00bb, y que el pueblo reconoce\u00a0\u00a0 lo que este partido y el  gobierno han hecho.<br \/>&#13;<br \/>\n  <br \/>&#13;<br \/>\n  Expres\u00f3  que el Partido de la   Liberaci\u00f3n Dominicana tiene que trabajar sin descanso, y sin  dejarle espacio a la oposici\u00f3n, con el fin de que una vez m\u00e1s las urnas se  llenen de votos morados, el pr\u00f3ximo 16 de mayo. <br \/>&#13;<br \/>\n  <br \/>&#13;<br \/>\n  Dijo  que el PLD cuenta con los recursos humanos y la tecnolog\u00eda necesaria para  cumplir con los objetivos del triunfo con la contundencia que requiere la  contienda electoral venidera. <br \/>&#13;<br \/>\n  <br \/>&#13;<br \/>\n  Indic\u00f3  \u00a0que las inauguraciones recientes de los  locales de las Direcciones de Propaganda y Electoral, as\u00ed como la apertura de  las oficinas del Comit\u00e9 Nacional de Campa\u00f1a, son parte de los preparativos que  hace el PLD con miras a los comicios del pr\u00f3ximo 16 de mayo. <\/p>\n<p>&#13;<\/p>\n<h6> 2008-01-15 01:15:07 <\/h6>\n<p><!--\n<link rel=\"stylesheet\" href=\"css\/bootstrap.min.css\">\n\n\n<ul class=\"pagination\">\n\t    \n\t\n\n<li >\n\t<a href='?page_no=34379'>Previous<\/a>\n\t<\/li>\n\n\n       \n    \n\n<li><a href='?page_no=1'>1<\/a><\/li>\n\n\n\n<li><a href='?page_no=2'>2<\/a><\/li>\n\n\n\n<li><a>...<\/a><\/li>\n\n\n\n<li><a href='?page_no=34378'>34378<\/a><\/li>\n\n\n\n<li><a href='?page_no=34379'>34379<\/a><\/li>\n\n\n\n<li class='active'><a>34380<\/a><\/li>\n\n\n\n<li><a href='?page_no=34381'>34381<\/a><\/li>\n\n\n\n<li><a href='?page_no=34382'>34382<\/a><\/li>\n\n\n\n<li><a>...<\/a><\/li>\n\n\n\n<li><a href='?page_no=36999'>36999<\/a><\/li>\n\n\n\n<li><a href='?page_no=37000'>37000<\/a><\/li>\n\n    \n\t\n\n<li >\n\t<a href='?page_no=34381'>Next<\/a>\n\t<\/li>\n\n\n    \n\n<li><a href='?page_no=37000'>Last &rsaquo;&rsaquo;<\/a><\/li>\n\n<\/ul>\n\n\n--><br \/>\n<\/body><\/p>\n","protected":false},"excerpt":{"rendered":"<p>Almeyda exhorta a actuar con contundencia contra el PRD, porque es \u201ccomo la culebra\u201d &#13; Santo Domingo.- El Coordinador de la Direcci\u00f3n Nacional de Campa\u00f1a del Partido de la Liberaci\u00f3n Dominicana (PLD), inst\u00f3 a \u00a0actuar con contundencia contra el perredeismo-pepehachismo, por considerar que esa agrupaci\u00f3n pol\u00edtica \u00abes como la culebra\u00bb.\u00a0&#13; &#13; Franklin Almeyda Rancier dijo [&hellip;]<\/p>\n","protected":false},"author":3,"featured_media":0,"comment_status":"open","ping_status":"open","sticky":false,"template":"","format":"standard","meta":{"footnotes":""},"categories":[22],"tags":[],"class_list":["post-191632","post","type-post","status-publish","format-standard","hentry","category-politica"],"_links":{"self":[{"href":"https:\/\/diariodominicano.com\/index.php?rest_route=\/wp\/v2\/posts\/191632","targetHints":{"allow":["GET"]}}],"collection":[{"href":"https:\/\/diariodominicano.com\/index.php?rest_route=\/wp\/v2\/posts"}],"about":[{"href":"https:\/\/diariodominicano.com\/index.php?rest_route=\/wp\/v2\/types\/post"}],"author":[{"embeddable":true,"href":"https:\/\/diariodominicano.com\/index.php?rest_route=\/wp\/v2\/users\/3"}],"replies":[{"embeddable":true,"href":"https:\/\/diariodominicano.com\/index.php?rest_route=%2Fwp%2Fv2%2Fcomments&post=191632"}],"version-history":[{"count":0,"href":"https:\/\/diariodominicano.com\/index.php?rest_route=\/wp\/v2\/posts\/191632\/revisions"}],"wp:attachment":[{"href":"https:\/\/diariodominicano.com\/index.php?rest_route=%2Fwp%2Fv2%2Fmedia&parent=191632"}],"wp:term":[{"taxonomy":"category","embeddable":true,"href":"https:\/\/diariodominicano.com\/index.php?rest_route=%2Fwp%2Fv2%2Fcategories&post=191632"},{"taxonomy":"post_tag","embeddable":true,"href":"https:\/\/diariodominicano.com\/index.php?rest_route=%2Fwp%2Fv2%2Ftags&post=191632"}],"curies":[{"name":"wp","href":"https:\/\/api.w.org\/{rel}","templated":true}]}}