{"id":191631,"date":"2008-01-15T01:25:27","date_gmt":"2008-01-15T01:25:27","guid":{"rendered":"http:\/\/diariodominicano.ddns.net\/?p=191631"},"modified":"2008-01-15T01:25:27","modified_gmt":"2008-01-15T01:25:27","slug":"pri-solicita-a-jce-prorroga-de-15-dias-para-obtencion-cedula","status":"publish","type":"post","link":"https:\/\/diariodominicano.com\/?p=191631","title":{"rendered":"PRI solicita a JCE prorroga de 15 d\u00edas para obtenci\u00f3n c\u00e9dula"},"content":{"rendered":"<p><body><\/p>\n<p class=\"titulogrande1\">PRI solicita a JCE prorroga de 15 d\u00edas para  obtenci\u00f3n c\u00e9dula<\/p>\n<p>&#13;<\/p>\n<p align=\"justify\" class=\"text1noticias\"><strong>SANTO DOMINGO.- <\/strong>El candidato presidencial del  Partido Revolucionario Independiente (PRI), Trajano Santana, solicit\u00f3 a La Junta Central Electoral una  prorroga de 25 o 15 d\u00edas para la obtenci\u00f3n de la c\u00e9dula de identidad y  electoral, luego de finalizar el plazo que culmin\u00f3 ayer lunes, para garantizar  que los ciudadanos del exterior y los nuevos votantes puedan participar en el  certamen electoral del 16 de mayo. <\/p>\n<p>&#13;<\/p>\n<p align=\"justify\" class=\"text1noticias\">Dijo que las distintas Oficial\u00edas del  pa\u00eds han estado abarrota por dominicanos que acuden diariamente en busca del  citado documento, \u201clo mismo ocurre en el exterior, donde el proceso ha sido  lento y la mayor\u00eda no ha logrado\u00a0  adquirir su c\u00e9dula,\u201d.<\/p>\n<p>&#13;<\/p>\n<p align=\"justify\" class=\"text1noticias\">Explic\u00f3 que a las doce de la noche  de este lunes venci\u00f3 el plazo a nivel nacional y en el exterior concluir\u00e1 el  pr\u00f3ximo mi\u00e9rcoles, y que la medida es aplicable a los j\u00f3venes que lograr\u00e1n la  mayor\u00eda de edad antes o hasta el 16 de mayo.<\/p>\n<p>&#13;<\/p>\n<p align=\"justify\" class=\"text1noticias\">El aspirante presidencial del PRI  entiende que la prorroga beneficiar\u00eda el orgullo dominicano en el exterior,  sobre todo, aquellos que acuden a los centros de cedulaci\u00f3n a obtener su  documento para renovar su dominicanidad, <\/p>\n<p>&#13;<\/p>\n<p align=\"justify\" class=\"text1noticias\">Adem\u00e1s de garantizar su derecho de  elegir las nuevas autoridades que gobernar\u00e1n el pa\u00eds.<\/p>\n<p>&#13;<\/p>\n<p align=\"justify\" class=\"text1noticias\">Dijo que durante la semana pasada y  el d\u00eda de ayer los centros de cedulaci\u00f3n en los distintos municipios y  provincias del pa\u00eds han estado a barbotado de p\u00fablico que acuden a esos centros  en procura de la obtenci\u00f3n de la c\u00e9dula, especialmente el\u00a0 Distrito Nacional, la provincia de Santo  Domingo, San Pedro de Macor\u00eds, La   Romana, El Ceibo, La Vega Santiago, San Crist\u00f3bal y otras ciudades.<\/p>\n<p>&#13;<\/p>\n<h6> 2008-01-15 01:25:27 <\/h6>\n<p><!--\n<link rel=\"stylesheet\" href=\"css\/bootstrap.min.css\">\n\n\n<ul class=\"pagination\">\n\t    \n\t\n\n<li >\n\t<a href='?page_no=34378'>Previous<\/a>\n\t<\/li>\n\n\n       \n    \n\n<li><a href='?page_no=1'>1<\/a><\/li>\n\n\n\n<li><a href='?page_no=2'>2<\/a><\/li>\n\n\n\n<li><a>...<\/a><\/li>\n\n\n\n<li><a href='?page_no=34377'>34377<\/a><\/li>\n\n\n\n<li><a href='?page_no=34378'>34378<\/a><\/li>\n\n\n\n<li class='active'><a>34379<\/a><\/li>\n\n\n\n<li><a href='?page_no=34380'>34380<\/a><\/li>\n\n\n\n<li><a href='?page_no=34381'>34381<\/a><\/li>\n\n\n\n<li><a>...<\/a><\/li>\n\n\n\n<li><a href='?page_no=36999'>36999<\/a><\/li>\n\n\n\n<li><a href='?page_no=37000'>37000<\/a><\/li>\n\n    \n\t\n\n<li >\n\t<a href='?page_no=34380'>Next<\/a>\n\t<\/li>\n\n\n    \n\n<li><a href='?page_no=37000'>Last &rsaquo;&rsaquo;<\/a><\/li>\n\n<\/ul>\n\n\n--><br \/>\n<\/body><\/p>\n","protected":false},"excerpt":{"rendered":"<p>PRI solicita a JCE prorroga de 15 d\u00edas para obtenci\u00f3n c\u00e9dula &#13; SANTO DOMINGO.- El candidato presidencial del Partido Revolucionario Independiente (PRI), Trajano Santana, solicit\u00f3 a La Junta Central Electoral una prorroga de 25 o 15 d\u00edas para la obtenci\u00f3n de la c\u00e9dula de identidad y electoral, luego de finalizar el plazo que culmin\u00f3 ayer [&hellip;]<\/p>\n","protected":false},"author":3,"featured_media":0,"comment_status":"open","ping_status":"open","sticky":false,"template":"","format":"standard","meta":{"footnotes":""},"categories":[22],"tags":[],"class_list":["post-191631","post","type-post","status-publish","format-standard","hentry","category-politica"],"_links":{"self":[{"href":"https:\/\/diariodominicano.com\/index.php?rest_route=\/wp\/v2\/posts\/191631","targetHints":{"allow":["GET"]}}],"collection":[{"href":"https:\/\/diariodominicano.com\/index.php?rest_route=\/wp\/v2\/posts"}],"about":[{"href":"https:\/\/diariodominicano.com\/index.php?rest_route=\/wp\/v2\/types\/post"}],"author":[{"embeddable":true,"href":"https:\/\/diariodominicano.com\/index.php?rest_route=\/wp\/v2\/users\/3"}],"replies":[{"embeddable":true,"href":"https:\/\/diariodominicano.com\/index.php?rest_route=%2Fwp%2Fv2%2Fcomments&post=191631"}],"version-history":[{"count":0,"href":"https:\/\/diariodominicano.com\/index.php?rest_route=\/wp\/v2\/posts\/191631\/revisions"}],"wp:attachment":[{"href":"https:\/\/diariodominicano.com\/index.php?rest_route=%2Fwp%2Fv2%2Fmedia&parent=191631"}],"wp:term":[{"taxonomy":"category","embeddable":true,"href":"https:\/\/diariodominicano.com\/index.php?rest_route=%2Fwp%2Fv2%2Fcategories&post=191631"},{"taxonomy":"post_tag","embeddable":true,"href":"https:\/\/diariodominicano.com\/index.php?rest_route=%2Fwp%2Fv2%2Ftags&post=191631"}],"curies":[{"name":"wp","href":"https:\/\/api.w.org\/{rel}","templated":true}]}}