{"id":191630,"date":"2008-01-15T01:30:45","date_gmt":"2008-01-15T01:30:45","guid":{"rendered":"http:\/\/diariodominicano.ddns.net\/?p=191630"},"modified":"2008-01-15T01:30:45","modified_gmt":"2008-01-15T01:30:45","slug":"delegado-electoral-prd-pide-a-jce-listado-actualizado-de-la-policia-nacional","status":"publish","type":"post","link":"https:\/\/diariodominicano.com\/?p=191630","title":{"rendered":"Delegado electoral PRD pide a JCE listado actualizado de la Polic\u00eda Nacional"},"content":{"rendered":"<p><body><\/p>\n<p class=\"titulogrande1\">Delegado electoral PRD pide a JCE  listado actualizado de la Polic\u00eda Nacional<\/p>\n<p>&#13;<\/p>\n<p align=\"justify\" class=\"text1noticias\"><strong>Santo  Domingo.-<\/strong> El delegado del Partido  Revolucionario Dominicano ante la Junta Central Electoral (JCE), requiri\u00f3 a ese  organismo que solicite a la secretar\u00eda de Interior y Polic\u00eda, los listados  actualizados de todos los miembros de la Polic\u00eda Nacional. <br \/>&#13;<br \/>\n  <br \/>&#13;<br \/>\n  Virgilio  Bello Rosa se\u00f1ala en su comunicaci\u00f3n dirigida al tribunal de comicios, que en  esa lista se debe incluir a los miembros activos de la Polic\u00eda Nacional,  a los agentes de seguridad ciudadana o auxiliares, a los de la Autoridad Metropolitana  de Transporte (Amet) y los denominados (amesitos). <br \/>&#13;<br \/>\n  <br \/>&#13;<br \/>\n  Establece  que hace la petici\u00f3n, porque el secretario de Interior y Polic\u00eda, doctor  Franklin Almeida Rancier, ha nombrado a m\u00e1s de 8 mil miembros de la Polic\u00eda Nacional,  los cuales probablemente mantienen su c\u00e9dula de identidad en condici\u00f3n de  civiles.\u00a0 <br \/>&#13;<br \/>\n  <br \/>&#13;<br \/>\n  Una vez obtenidos los mismos, en caso de que se compruebe que  ciudadanos que aparecen como civiles pertenecen a las instituciones policiales,  excluirlos del Registro Nacional de Electores. <\/p>\n<p>&#13;<\/p>\n<h6> 2008-01-15 01:30:45 <\/h6>\n<p><!--\n<link rel=\"stylesheet\" href=\"css\/bootstrap.min.css\">\n\n\n<ul class=\"pagination\">\n\t    \n\t\n\n<li >\n\t<a href='?page_no=34377'>Previous<\/a>\n\t<\/li>\n\n\n       \n    \n\n<li><a href='?page_no=1'>1<\/a><\/li>\n\n\n\n<li><a href='?page_no=2'>2<\/a><\/li>\n\n\n\n<li><a>...<\/a><\/li>\n\n\n\n<li><a href='?page_no=34376'>34376<\/a><\/li>\n\n\n\n<li><a href='?page_no=34377'>34377<\/a><\/li>\n\n\n\n<li class='active'><a>34378<\/a><\/li>\n\n\n\n<li><a href='?page_no=34379'>34379<\/a><\/li>\n\n\n\n<li><a href='?page_no=34380'>34380<\/a><\/li>\n\n\n\n<li><a>...<\/a><\/li>\n\n\n\n<li><a href='?page_no=36999'>36999<\/a><\/li>\n\n\n\n<li><a href='?page_no=37000'>37000<\/a><\/li>\n\n    \n\t\n\n<li >\n\t<a href='?page_no=34379'>Next<\/a>\n\t<\/li>\n\n\n    \n\n<li><a href='?page_no=37000'>Last &rsaquo;&rsaquo;<\/a><\/li>\n\n<\/ul>\n\n\n--><br \/>\n<\/body><\/p>\n","protected":false},"excerpt":{"rendered":"<p>Delegado electoral PRD pide a JCE listado actualizado de la Polic\u00eda Nacional &#13; Santo Domingo.- El delegado del Partido Revolucionario Dominicano ante la Junta Central Electoral (JCE), requiri\u00f3 a ese organismo que solicite a la secretar\u00eda de Interior y Polic\u00eda, los listados actualizados de todos los miembros de la Polic\u00eda Nacional. &#13; &#13; Virgilio Bello [&hellip;]<\/p>\n","protected":false},"author":3,"featured_media":0,"comment_status":"open","ping_status":"open","sticky":false,"template":"","format":"standard","meta":{"footnotes":""},"categories":[22],"tags":[],"class_list":["post-191630","post","type-post","status-publish","format-standard","hentry","category-politica"],"_links":{"self":[{"href":"https:\/\/diariodominicano.com\/index.php?rest_route=\/wp\/v2\/posts\/191630","targetHints":{"allow":["GET"]}}],"collection":[{"href":"https:\/\/diariodominicano.com\/index.php?rest_route=\/wp\/v2\/posts"}],"about":[{"href":"https:\/\/diariodominicano.com\/index.php?rest_route=\/wp\/v2\/types\/post"}],"author":[{"embeddable":true,"href":"https:\/\/diariodominicano.com\/index.php?rest_route=\/wp\/v2\/users\/3"}],"replies":[{"embeddable":true,"href":"https:\/\/diariodominicano.com\/index.php?rest_route=%2Fwp%2Fv2%2Fcomments&post=191630"}],"version-history":[{"count":0,"href":"https:\/\/diariodominicano.com\/index.php?rest_route=\/wp\/v2\/posts\/191630\/revisions"}],"wp:attachment":[{"href":"https:\/\/diariodominicano.com\/index.php?rest_route=%2Fwp%2Fv2%2Fmedia&parent=191630"}],"wp:term":[{"taxonomy":"category","embeddable":true,"href":"https:\/\/diariodominicano.com\/index.php?rest_route=%2Fwp%2Fv2%2Fcategories&post=191630"},{"taxonomy":"post_tag","embeddable":true,"href":"https:\/\/diariodominicano.com\/index.php?rest_route=%2Fwp%2Fv2%2Ftags&post=191630"}],"curies":[{"name":"wp","href":"https:\/\/api.w.org\/{rel}","templated":true}]}}