{"id":191629,"date":"2008-01-15T15:01:30","date_gmt":"2008-01-15T15:01:30","guid":{"rendered":"http:\/\/diariodominicano.ddns.net\/?p=191629"},"modified":"2008-01-15T15:01:30","modified_gmt":"2008-01-15T15:01:30","slug":"aristy-considera-es-una-verguenza-campana-de-acusaciones-entre-prd-y-pld-porque-debate-carece-de-propuestas","status":"publish","type":"post","link":"https:\/\/diariodominicano.com\/?p=191629","title":{"rendered":"Aristy considera es &#8216;una verg\u00fcenza&#8217; campa\u00f1a de acusaciones entre PRD y PLD porque debate carece de propuestas"},"content":{"rendered":"<p><body><\/p>\n<p align=\"justify\"><strong class=\"titulogrande1\">Aristy considera es &#8216;una verg\u00fcenza&#8217;  campa\u00f1a de acusaciones entre PRD y PLD porque debate carece de propuestas <\/strong><br \/>&#13;<br \/>\n    <strong>\u00a0<br \/>&#13;<br \/>\n    <img loading=\"lazy\" decoding=\"async\" src=\"http:\/\/localhost:8080\/pictures\/amable mausoleo balaguer 1.jpg\" width=\"269\" height=\"269\" hspace=\"4\" align=\"left\" \/>SANTIAGO.-  <\/strong><span class=\"text1noticias\">El candidato presidencial del Partido Reformista Social Cristiano (PRSC),  Amable Aristy Castro, declar\u00f3 que la mayor\u00eda del pueblo dominicano \u00absiente  verg\u00fcenza\u201d por el debate medi\u00e1tico que mantienen perrede\u00edstas y  pelede\u00edstas\u00a0 sobre cual de los dos  partidos ha sido m\u00e1s corrupto en el gobierno.<\/span><\/p>\n<p>&#13;<\/p>\n<p align=\"justify\" class=\"text1noticias\">Sostuvo  que los sectores productivos y la poblaci\u00f3n en general no se merecen este tipo  de acusaciones, cuando lo correcto es que los partidos y candidatos hagan  propuestas viables sobre los graves problemas que afectan al pa\u00eds, \u201cno quien  fue o es m\u00e1s corrupto del PRD y el PLD\u201d.<\/p>\n<p>&#13;<\/p>\n<p align=\"justify\" class=\"text1noticias\"> Aristy  Castro consider\u00f3 vergonzoso que se dediquen costosos espacios pagados y cu\u00f1as  televisivas para acusaciones y contraacusaciones de corrupci\u00f3n \u201ccomo si la  consulta electoral del 16 de mayo fuese para escoger el menos corrupto\u201d.<\/p>\n<p>&#13;<\/p>\n<p align=\"justify\" class=\"text1noticias\">Indic\u00f3  que el pueblo va a las elecciones a elegir el presidente y el partido que  garantice la soluci\u00f3n a los males que afectan a la naci\u00f3n y por eso a\u00f1ora los  gobiernos del PRSC \u201cporque han demostrado que saben gobernar\u201d.<\/p>\n<p>&#13;<\/p>\n<p align=\"justify\" class=\"text1noticias\">Dijo  que mientras las iglesias, los empresarios y la sociedad en sentido general  demandan elevar el debate y llevarlo al terreno de las propuestas, el  presidente Leonel Fern\u00e1ndez y Miguel Vargas \u201cse estrujan en la cara los  inventarios de actos dolosos cometidos en ambas administraciones\u201d.<\/p>\n<p>&#13;<\/p>\n<p align=\"justify\" class=\"text1noticias\">\u201cMientras  el PRD y el PLD se mantienen en ese debate de quien ha sido o es m\u00e1s corrupto, el  PRSC y nosotros hemos presentado un plan de gobierno que est\u00e1 a disposici\u00f3n de  todos en la p\u00e1gina web de nuestra candidatura y se est\u00e1 socializando con todas  las bases e instituciones y sectores que componen la naci\u00f3n\u201d, expres\u00f3.<\/p>\n<p>&#13;<\/p>\n<p align=\"justify\" class=\"text1noticias\">El  candidato presidencial reformista habl\u00f3 en esos t\u00e9rminos a la salida de un  almuerzo con los miembros y directivos de la Asociaci\u00f3n de Zonas  Francas del Cibao, encabezados por su presidente Aquiles Berm\u00fadez, Fernando  Capell\u00e1n, Carlos Manuel \u00c1lvarez, Miky Lama, Jos\u00e9 Clase, Rafael de Moya, entre  otros.<\/p>\n<p>&#13;<\/p>\n<p align=\"justify\" class=\"text1noticias\">En  tanto, Aristy Castro estuvo acompa\u00f1ado de Federico Ant\u00fan Batlle, el sindico de  Santiago, Jos\u00e9 Enrique Sued, Jos\u00e9 Hazim Frappier y los diputados V\u00edctor -Ito-  Bison\u00f3, M\u00e1ximo Castro Silverio, Marino Collante, Rafaela Alburquerque, as\u00ed como  de los tambi\u00e9n dirigentes reformistas V\u00edctor Garc\u00eda Sued y Pedro Bret\u00f3n.<\/p>\n<p>&#13;<\/p>\n<p align=\"justify\" class=\"text1noticias\">\u201cLa  agenda del gobierno de los pobres ha sido puesta sobre la mesa y establece  claramente que nuestro gobierno ser\u00e1 de austeridad, de reducci\u00f3n y calificaci\u00f3n  del gasto y la n\u00f3mina p\u00fablica, de revisi\u00f3n de la deuda externa, y sobre todo de  priorizaci\u00f3n de los programas sociales en beneficio de los m\u00e1s necesitados\u201d,  dijo.<\/p>\n<p>&#13;<\/p>\n<p align=\"justify\" class=\"text1noticias\">Amable  Aristy sigui\u00f3 diciendo que todo esto se har\u00e1 manteniendo el crecimiento  econ\u00f3mico y la estabilidad pero con un r\u00e9gimen fiscal m\u00e1s justo que reduzca la  tasa del Itebis y otros puestos, as\u00ed como los impuestos a los hidrocarburos y  el costo de la energ\u00eda el\u00e9ctrica.<\/p>\n<p>&#13;<\/p>\n<p align=\"justify\" class=\"text1noticias\">\u201cY  daremos seguridad jur\u00eddica a todos los gobernados que debe reinar en un  verdadero Estado de derecho\u201d, sostuvo.<\/p>\n<p>&#13;<\/p>\n<h6> 2008-01-15 15:01:30 <\/h6>\n<p><!--\n<link rel=\"stylesheet\" href=\"css\/bootstrap.min.css\">\n\n\n<ul class=\"pagination\">\n\t    \n\t\n\n<li >\n\t<a href='?page_no=34376'>Previous<\/a>\n\t<\/li>\n\n\n       \n    \n\n<li><a href='?page_no=1'>1<\/a><\/li>\n\n\n\n<li><a href='?page_no=2'>2<\/a><\/li>\n\n\n\n<li><a>...<\/a><\/li>\n\n\n\n<li><a href='?page_no=34375'>34375<\/a><\/li>\n\n\n\n<li><a href='?page_no=34376'>34376<\/a><\/li>\n\n\n\n<li class='active'><a>34377<\/a><\/li>\n\n\n\n<li><a href='?page_no=34378'>34378<\/a><\/li>\n\n\n\n<li><a href='?page_no=34379'>34379<\/a><\/li>\n\n\n\n<li><a>...<\/a><\/li>\n\n\n\n<li><a href='?page_no=36999'>36999<\/a><\/li>\n\n\n\n<li><a href='?page_no=37000'>37000<\/a><\/li>\n\n    \n\t\n\n<li >\n\t<a href='?page_no=34378'>Next<\/a>\n\t<\/li>\n\n\n    \n\n<li><a href='?page_no=37000'>Last &rsaquo;&rsaquo;<\/a><\/li>\n\n<\/ul>\n\n\n--><br \/>\n<\/body><\/p>\n","protected":false},"excerpt":{"rendered":"<p>Aristy considera es &#8216;una verg\u00fcenza&#8217; campa\u00f1a de acusaciones entre PRD y PLD porque debate carece de propuestas &#13; \u00a0&#13; SANTIAGO.- El candidato presidencial del Partido Reformista Social Cristiano (PRSC), Amable Aristy Castro, declar\u00f3 que la mayor\u00eda del pueblo dominicano \u00absiente verg\u00fcenza\u201d por el debate medi\u00e1tico que mantienen perrede\u00edstas y pelede\u00edstas\u00a0 sobre cual de los dos [&hellip;]<\/p>\n","protected":false},"author":3,"featured_media":0,"comment_status":"open","ping_status":"open","sticky":false,"template":"","format":"standard","meta":{"footnotes":""},"categories":[22],"tags":[],"class_list":["post-191629","post","type-post","status-publish","format-standard","hentry","category-politica"],"_links":{"self":[{"href":"https:\/\/diariodominicano.com\/index.php?rest_route=\/wp\/v2\/posts\/191629","targetHints":{"allow":["GET"]}}],"collection":[{"href":"https:\/\/diariodominicano.com\/index.php?rest_route=\/wp\/v2\/posts"}],"about":[{"href":"https:\/\/diariodominicano.com\/index.php?rest_route=\/wp\/v2\/types\/post"}],"author":[{"embeddable":true,"href":"https:\/\/diariodominicano.com\/index.php?rest_route=\/wp\/v2\/users\/3"}],"replies":[{"embeddable":true,"href":"https:\/\/diariodominicano.com\/index.php?rest_route=%2Fwp%2Fv2%2Fcomments&post=191629"}],"version-history":[{"count":0,"href":"https:\/\/diariodominicano.com\/index.php?rest_route=\/wp\/v2\/posts\/191629\/revisions"}],"wp:attachment":[{"href":"https:\/\/diariodominicano.com\/index.php?rest_route=%2Fwp%2Fv2%2Fmedia&parent=191629"}],"wp:term":[{"taxonomy":"category","embeddable":true,"href":"https:\/\/diariodominicano.com\/index.php?rest_route=%2Fwp%2Fv2%2Fcategories&post=191629"},{"taxonomy":"post_tag","embeddable":true,"href":"https:\/\/diariodominicano.com\/index.php?rest_route=%2Fwp%2Fv2%2Ftags&post=191629"}],"curies":[{"name":"wp","href":"https:\/\/api.w.org\/{rel}","templated":true}]}}