{"id":191626,"date":"2008-01-15T19:46:46","date_gmt":"2008-01-15T19:46:46","guid":{"rendered":"http:\/\/diariodominicano.ddns.net\/?p=191626"},"modified":"2008-01-15T19:46:46","modified_gmt":"2008-01-15T19:46:46","slug":"guillermo-moreno-plantea-su-preocupacion-por-la-educacion-y-el-bienestar-de-los-educadores","status":"publish","type":"post","link":"https:\/\/diariodominicano.com\/?p=191626","title":{"rendered":"Guillermo Moreno plantea su preocupaci\u00f3n por la educaci\u00f3n y el bienestar de los educadores"},"content":{"rendered":"<p><body><\/p>\n<p align=\"justify\"><span class=\"titulogrande1\"><strong>Guillermo Moreno plantea su preocupaci\u00f3n<\/strong> <strong>por la educaci\u00f3n y el bienestar de los educadores<\/strong><\/span><strong> <\/strong> <\/p>\n<p>&#13;<\/p>\n<p align=\"justify\" class=\"text1noticias\"><strong><img loading=\"lazy\" decoding=\"async\" src=\"http:\/\/localhost:8080\/pictures\/guillermo moreno.jpg\" width=\"269\" height=\"189\" hspace=\"4\" align=\"left\" \/>Santo Domingo.- <\/strong>EL Dr. Guillermo Moreno visit\u00f3 hoy las oficinas centrales  de la Asociaci\u00f3n   Dominicana de Profesores (ADP), y se reuni\u00f3 con una comisi\u00f3n  de sus dirigentes, encabezada por su presidenta, Mar\u00eda Teresa Cabrera, para  expresarle su preocupaci\u00f3n por los temas de la educaci\u00f3n y por el bienestar de  los maestros. <\/p>\n<p>&#13;<\/p>\n<p align=\"justify\" class=\"text1noticias\">El candidato independiente a la Presidencia de la Rep\u00fablica por un  conjunto de fuerzas pol\u00edticas de izquierda encabezadas por el MIUCA defini\u00f3  este encuentro como el primero de una serie que realizar\u00e1 con sectores diversos  (campesinos, ecologistas, profesionales, sectores religiosos, etc.), con el  prop\u00f3sito de intercambiar opiniones acerca de los problemas y necesidades  propias de cada sector. <\/p>\n<p>&#13;<\/p>\n<p align=\"justify\" class=\"text1noticias\">En este encuentro, el Dr. Moreno enfatiz\u00f3 la necesidad de que  el Estado apoye con mayores recursos a la educaci\u00f3n dominicana; de forma tal  que se produzca una elevaci\u00f3n sustancial de la calidad de la misma y que se  cumplan los Objetivos de Desarrollo del Milenio. <\/p>\n<p>&#13;<\/p>\n<p align=\"justify\" class=\"text1noticias\">Record\u00f3 Moreno el papel fundamental que la educaci\u00f3n juega  en el desarrollo de los pueblos, e insisti\u00f3 en la necesidad de superar los  niveles de analfabetismo como condici\u00f3n necesario para cualquier proceso real  de desarrollo nacional. <\/p>\n<p>&#13;<\/p>\n<p align=\"justify\" class=\"text1noticias\">Adem\u00e1s, plante\u00f3 que es necesario elevar las condiciones de  vida del maestro dominicano para que \u00e9ste pueda, a su vez, rendir una labor de  calidad en las aulas. <br \/>&#13;<br \/>\n  <br \/>&#13;<br \/>\n  El Dr. Moreno dijo que una de las condiciones fundamentales  para propiciar esta elevaci\u00f3n es el otorgamiento de un sueldo decoroso para los  maestros, que cubra adecuadamente sus necesidades y las de sus familias. <\/p>\n<p>&#13;<\/p>\n<h6> 2008-01-15 19:46:46 <\/h6>\n<p><!--\n<link rel=\"stylesheet\" href=\"css\/bootstrap.min.css\">\n\n\n<ul class=\"pagination\">\n\t    \n\t\n\n<li >\n\t<a href='?page_no=34373'>Previous<\/a>\n\t<\/li>\n\n\n       \n    \n\n<li><a href='?page_no=1'>1<\/a><\/li>\n\n\n\n<li><a href='?page_no=2'>2<\/a><\/li>\n\n\n\n<li><a>...<\/a><\/li>\n\n\n\n<li><a href='?page_no=34372'>34372<\/a><\/li>\n\n\n\n<li><a href='?page_no=34373'>34373<\/a><\/li>\n\n\n\n<li class='active'><a>34374<\/a><\/li>\n\n\n\n<li><a href='?page_no=34375'>34375<\/a><\/li>\n\n\n\n<li><a href='?page_no=34376'>34376<\/a><\/li>\n\n\n\n<li><a>...<\/a><\/li>\n\n\n\n<li><a href='?page_no=36999'>36999<\/a><\/li>\n\n\n\n<li><a href='?page_no=37000'>37000<\/a><\/li>\n\n    \n\t\n\n<li >\n\t<a href='?page_no=34375'>Next<\/a>\n\t<\/li>\n\n\n    \n\n<li><a href='?page_no=37000'>Last &rsaquo;&rsaquo;<\/a><\/li>\n\n<\/ul>\n\n\n--><br \/>\n<\/body><\/p>\n","protected":false},"excerpt":{"rendered":"<p>Guillermo Moreno plantea su preocupaci\u00f3n por la educaci\u00f3n y el bienestar de los educadores &#13; Santo Domingo.- EL Dr. Guillermo Moreno visit\u00f3 hoy las oficinas centrales de la Asociaci\u00f3n Dominicana de Profesores (ADP), y se reuni\u00f3 con una comisi\u00f3n de sus dirigentes, encabezada por su presidenta, Mar\u00eda Teresa Cabrera, para expresarle su preocupaci\u00f3n por los [&hellip;]<\/p>\n","protected":false},"author":3,"featured_media":0,"comment_status":"open","ping_status":"open","sticky":false,"template":"","format":"standard","meta":{"footnotes":""},"categories":[22],"tags":[],"class_list":["post-191626","post","type-post","status-publish","format-standard","hentry","category-politica"],"_links":{"self":[{"href":"https:\/\/diariodominicano.com\/index.php?rest_route=\/wp\/v2\/posts\/191626","targetHints":{"allow":["GET"]}}],"collection":[{"href":"https:\/\/diariodominicano.com\/index.php?rest_route=\/wp\/v2\/posts"}],"about":[{"href":"https:\/\/diariodominicano.com\/index.php?rest_route=\/wp\/v2\/types\/post"}],"author":[{"embeddable":true,"href":"https:\/\/diariodominicano.com\/index.php?rest_route=\/wp\/v2\/users\/3"}],"replies":[{"embeddable":true,"href":"https:\/\/diariodominicano.com\/index.php?rest_route=%2Fwp%2Fv2%2Fcomments&post=191626"}],"version-history":[{"count":0,"href":"https:\/\/diariodominicano.com\/index.php?rest_route=\/wp\/v2\/posts\/191626\/revisions"}],"wp:attachment":[{"href":"https:\/\/diariodominicano.com\/index.php?rest_route=%2Fwp%2Fv2%2Fmedia&parent=191626"}],"wp:term":[{"taxonomy":"category","embeddable":true,"href":"https:\/\/diariodominicano.com\/index.php?rest_route=%2Fwp%2Fv2%2Fcategories&post=191626"},{"taxonomy":"post_tag","embeddable":true,"href":"https:\/\/diariodominicano.com\/index.php?rest_route=%2Fwp%2Fv2%2Ftags&post=191626"}],"curies":[{"name":"wp","href":"https:\/\/api.w.org\/{rel}","templated":true}]}}