{"id":191625,"date":"2008-01-15T20:18:25","date_gmt":"2008-01-15T20:18:25","guid":{"rendered":"http:\/\/diariodominicano.ddns.net\/?p=191625"},"modified":"2008-01-15T20:18:25","modified_gmt":"2008-01-15T20:18:25","slug":"pld-anuncia-acto-inaugural-del-local-del-comite-nacional-de-campana-con-recorrido-del-presidente-fernandez-el-proximo-fin-de-semana","status":"publish","type":"post","link":"https:\/\/diariodominicano.com\/?p=191625","title":{"rendered":"PLD anuncia acto inaugural del local del Comit\u00e9 Nacional de Campa\u00f1a con recorrido del presidente Fern\u00e1ndez el pr\u00f3ximo fin de semana"},"content":{"rendered":"<p><body><\/p>\n<p align=\"justify\" class=\"titulogrande1\"><strong>PLD anuncia acto inaugural del local del  Comit\u00e9 Nacional de Campa\u00f1a con recorrido del presidente Fern\u00e1ndez el pr\u00f3ximo  fin de semana <\/strong><\/p>\n<p>&#13;<\/p>\n<p align=\"justify\" class=\"text1noticias\"><strong><img loading=\"lazy\" decoding=\"async\" src=\"http:\/\/localhost:8080\/pictures\/pld269.jpg\" width=\"269\" height=\"210\" hspace=\"4\" align=\"left\" \/>SANTO  DOMINGO.-<\/strong> El Partido de la Liberaci\u00f3n Dominicana afina los detalles para el  acto\u00a0 inaugural del local del Comit\u00e9 Nacional  de Campa\u00f1a, donde\u00a0 hablar\u00e1 el Presidente  de la Rep\u00fablica  y candidato presidencial, Leonel Fern\u00e1ndez. <\/p>\n<p>&#13;<\/p>\n<p align=\"justify\" class=\"text1noticias\">Los  equipos de la Secretar\u00eda  de Actos y de la   Direcci\u00f3n Operativa de la campa\u00f1a afinaban al medio d\u00eda de  este martes aspectos de la tarima ubicada en la parte frontal de la edificaci\u00f3n  desde donde se dirigir\u00e1n los oradores del acto y se presentar\u00e1 la parte  art\u00edstica. <\/p>\n<p>&#13;<\/p>\n<p align=\"justify\" class=\"text1noticias\">Una  nota informativa del partido morado indic\u00f3 el local en donde se han instalado  las oficinas de las diferentes direcciones de la campa\u00f1a electoral del partido  morado funcionar\u00e1 en una casa ubicada en la avenida Bol\u00edvar, entre las tambi\u00e9n  avenidas\u00a0 Alma Mater y Lincoln. <\/p>\n<p>&#13;<\/p>\n<p align=\"justify\" class=\"text1noticias\">El  documento se\u00f1al\u00f3 que adem\u00e1s de discursos y proclamas, el acto tendr\u00e1 una parte  art\u00edstica,\u00a0 con la participaci\u00f3n de los  cantantes\u00a0 populares Fernando Villalona,  Sergio Vargas, Milagros Hern\u00e1ndez (La   Loba ) y el cantautor Manuel Jim\u00e9nez. <\/p>\n<p>&#13;<\/p>\n<p align=\"justify\" class=\"text1noticias\">\u201cLos  Comit\u00e9s de base e intermedios de la   Capital se preparan para asistir a este evento, donde se  adelant\u00f3\u00a0 que el Presidente Leonel  Fern\u00e1ndez delinear\u00e1 aspectos de la presente campa\u00f1a y de la pr\u00f3xima gesti\u00f3n de  gobierno\u201d, expres\u00f3 el despacho de prensa. <\/p>\n<p>&#13;<\/p>\n<p align=\"justify\" class=\"text1noticias\">Agreg\u00f3  que las palabras de apertura del acto inaugural estar\u00e1n a cargo de Francisco  Javier Garc\u00eda,\u00a0 miembro del Comit\u00e9  Pol\u00edtico y coordinador General del Comit\u00e9 Nacional de Campa\u00f1a. <\/p>\n<p>&#13;<\/p>\n<p align=\"justify\" class=\"text1noticias\">Refiri\u00f3  que desde la pasada semana el PLD ha entrado en una fase activa de su campa\u00f1a,  inaugurando los locales de las direcciones Electoral y de Propaganda,  realizando diferentes encuentros con la dirigencia y un toque de bandera a  nivel nacional efectuado el pasado s\u00e1bado. <br \/>&#13;<br \/>\n  \u00a0<br \/>&#13;<br \/>\n  Revel\u00f3  que para este fin de semana se ha confirmado la presencia del Presidente Leonel  Fern\u00e1ndez en las provincias del Sur Cercano a la capital. <\/p>\n<p>&#13;<\/p>\n<p align=\"justify\" class=\"text1noticias\">El  despacho de la Secretar\u00eda  de Comunicaciones del PLD, palnte\u00f3 que el Director Operativo de la Campa\u00f1a F\u00e9lix  Bautista, anunci\u00f3 un recorrido del Presidente y candidato presidencial pelede\u00edsta  y partidos aliados, por las provincias de San Crist\u00f3bal, Peravia y Azua los  d\u00edas viernes, s\u00e1bado y domingo pr\u00f3ximos. <\/p>\n<p>&#13;<\/p>\n<p align=\"justify\" class=\"text1noticias\">\u00abVamos  a recorrer las provincias de San Crist\u00f3bal, Peravia y Azua\u00bb, dijo  Bautista, informando que se trabaja con los enlaces\u00a0\u00a0 pol\u00edticos de la campa\u00f1a en esas  demarcaciones y los equipos operativos. <\/p>\n<p>&#13;<\/p>\n<p align=\"justify\" class=\"text1noticias\">Bautista  reiter\u00f3 el llamado para que se trabaje en el esquema organizativo, a los fines  de sacar el mayor de los provechos a las actividades proselitistas.<\/p>\n<p>&#13;<\/p>\n<h6> 2008-01-15 20:18:25 <\/h6>\n<p><!--\n<link rel=\"stylesheet\" href=\"css\/bootstrap.min.css\">\n\n\n<ul class=\"pagination\">\n\t    \n\t\n\n<li >\n\t<a href='?page_no=34372'>Previous<\/a>\n\t<\/li>\n\n\n       \n    \n\n<li><a href='?page_no=1'>1<\/a><\/li>\n\n\n\n<li><a href='?page_no=2'>2<\/a><\/li>\n\n\n\n<li><a>...<\/a><\/li>\n\n\n\n<li><a href='?page_no=34371'>34371<\/a><\/li>\n\n\n\n<li><a href='?page_no=34372'>34372<\/a><\/li>\n\n\n\n<li class='active'><a>34373<\/a><\/li>\n\n\n\n<li><a href='?page_no=34374'>34374<\/a><\/li>\n\n\n\n<li><a href='?page_no=34375'>34375<\/a><\/li>\n\n\n\n<li><a>...<\/a><\/li>\n\n\n\n<li><a href='?page_no=36999'>36999<\/a><\/li>\n\n\n\n<li><a href='?page_no=37000'>37000<\/a><\/li>\n\n    \n\t\n\n<li >\n\t<a href='?page_no=34374'>Next<\/a>\n\t<\/li>\n\n\n    \n\n<li><a href='?page_no=37000'>Last &rsaquo;&rsaquo;<\/a><\/li>\n\n<\/ul>\n\n\n--><br \/>\n<\/body><\/p>\n","protected":false},"excerpt":{"rendered":"<p>PLD anuncia acto inaugural del local del Comit\u00e9 Nacional de Campa\u00f1a con recorrido del presidente Fern\u00e1ndez el pr\u00f3ximo fin de semana &#13; SANTO DOMINGO.- El Partido de la Liberaci\u00f3n Dominicana afina los detalles para el acto\u00a0 inaugural del local del Comit\u00e9 Nacional de Campa\u00f1a, donde\u00a0 hablar\u00e1 el Presidente de la Rep\u00fablica y candidato presidencial, Leonel [&hellip;]<\/p>\n","protected":false},"author":3,"featured_media":0,"comment_status":"open","ping_status":"open","sticky":false,"template":"","format":"standard","meta":{"footnotes":""},"categories":[22],"tags":[],"class_list":["post-191625","post","type-post","status-publish","format-standard","hentry","category-politica"],"_links":{"self":[{"href":"https:\/\/diariodominicano.com\/index.php?rest_route=\/wp\/v2\/posts\/191625","targetHints":{"allow":["GET"]}}],"collection":[{"href":"https:\/\/diariodominicano.com\/index.php?rest_route=\/wp\/v2\/posts"}],"about":[{"href":"https:\/\/diariodominicano.com\/index.php?rest_route=\/wp\/v2\/types\/post"}],"author":[{"embeddable":true,"href":"https:\/\/diariodominicano.com\/index.php?rest_route=\/wp\/v2\/users\/3"}],"replies":[{"embeddable":true,"href":"https:\/\/diariodominicano.com\/index.php?rest_route=%2Fwp%2Fv2%2Fcomments&post=191625"}],"version-history":[{"count":0,"href":"https:\/\/diariodominicano.com\/index.php?rest_route=\/wp\/v2\/posts\/191625\/revisions"}],"wp:attachment":[{"href":"https:\/\/diariodominicano.com\/index.php?rest_route=%2Fwp%2Fv2%2Fmedia&parent=191625"}],"wp:term":[{"taxonomy":"category","embeddable":true,"href":"https:\/\/diariodominicano.com\/index.php?rest_route=%2Fwp%2Fv2%2Fcategories&post=191625"},{"taxonomy":"post_tag","embeddable":true,"href":"https:\/\/diariodominicano.com\/index.php?rest_route=%2Fwp%2Fv2%2Ftags&post=191625"}],"curies":[{"name":"wp","href":"https:\/\/api.w.org\/{rel}","templated":true}]}}