{"id":191624,"date":"2008-01-15T21:12:00","date_gmt":"2008-01-15T21:12:00","guid":{"rendered":"http:\/\/diariodominicano.ddns.net\/?p=191624"},"modified":"2008-01-15T21:12:00","modified_gmt":"2008-01-15T21:12:00","slug":"dirigente-del-pld-responsabiliza-a-los-gobiernos-del-prd-de-empobrecer-y-llevar-a-la-miseria-a-cientos-de-miles-de-dominicanos","status":"publish","type":"post","link":"https:\/\/diariodominicano.com\/?p=191624","title":{"rendered":"Dirigente del PLD responsabiliza a los gobiernos del PRD de empobrecer y llevar a la miseria a cientos de miles de dominicanos"},"content":{"rendered":"<p><body><\/p>\n<p class=\"titulogrande1\"><strong>Dirigente  del PLD responsabiliza a los gobiernos del PRD de empobrecer y llevar a la  miseria a cientos de miles de dominicanos\u00a0 <\/strong><\/p>\n<p>&#13;<\/p>\n<p align=\"justify\" class=\"text1noticias\"><strong><img loading=\"lazy\" decoding=\"async\" src=\"http:\/\/localhost:8080\/pictures\/felucho jimenez pic.jpg\" width=\"269\" height=\"276\" hspace=\"4\" align=\"left\" \/>SANTO  DOMINGO.- <\/strong>El dirigente  del Partido de la   Liberaci\u00f3n Dominicana PLD, Rafael Jim\u00e9nez (Felucho), responsabiliz\u00f3 este martes a los  gobiernos del Partido Revolucionario Dominicano, de empobrecer y llevar a la  miseria, a cientos de miles de dominicanos.<\/p>\n<p>&#13;<\/p>\n<p align=\"justify\" class=\"text1noticias\">Jim\u00e9nez sostuvo, que la \u00fanica pol\u00edtica  econ\u00f3mica que aplican los perredeistas cuando les toca gobernar, es gastar m\u00e1s  de lo que recaudan e hipotecar la soberan\u00eda nacional, con la aplicaci\u00f3n de una  alocada carrera de endeudamiento externo. <\/p>\n<p>&#13;<\/p>\n<p align=\"justify\" class=\"text1noticias\">Record\u00f3 que desde las administraciones  perredeistas de l978-86, a  la m\u00e1s reciente, que super\u00f3 en desastre a las dos anteriores, el PRD s\u00f3lo ha  sabido gastar y coger prestado. <\/p>\n<p>&#13;<\/p>\n<p align=\"justify\" class=\"text1noticias\">&#13;<br \/>\nJim\u00e9nez, dijo que \u201csi el pa\u00eds goza hoy de  estabilidad econ\u00f3mica y paz social, se debe a que el Partido de la Liberaci\u00f3n Dominicana  con el Presidente Leonel Fern\u00e1ndez a la cabeza, est\u00e1n dirigiendo las riendas  del Estado\u201d. <\/p>\n<p>&#13;<\/p>\n<p align=\"justify\" class=\"text1noticias\">\u201cPorque Dios nos libre, si hubiese sido el  PRD que estuviera gobernando, no importa cualquiera que sea; porque los tres  presidentes que ha tenido el PRD, con la excepci\u00f3n de Juan Bosch, todos han  gobernado con un mismo esquema, el de gastar mucho mas de lo que reciben\u201d,  indic\u00f3 el dirigente Pelede\u00edsta, al comparecer al programa Hoy Mismo, que  dirigen los periodistas, Oscar Medina, Cristian Jim\u00e9nez \u00a0y \u00a0Geomar  Garc\u00eda. <\/p>\n<p>&#13;<\/p>\n<p align=\"justify\" class=\"text1noticias\">Jim\u00e9nez, precis\u00f3 que si fuera un gobierno  perredeista el que estuviera gobernando, con el petr\u00f3leo casi a cien d\u00f3lares  \u00abel pan estuviera a 50 pesos, el arroz de mala calidad costara 30 pesos la  libra, y el d\u00f3lar estuviera a 50 por uno. <\/p>\n<p>&#13;<\/p>\n<p align=\"justify\" class=\"text1noticias\">Expres\u00f3 que los platos rotos de los  gobiernos perredeistas, a consecuencia de los desastrosos gobiernos que han  dirigido, son los que han obligado al Estado Dominicano, a dedicar m\u00e1s de 65  mil millones de pesos cada a\u00f1o, para el pago de la duda externa. <\/p>\n<p>&#13;<\/p>\n<p align=\"justify\" class=\"text1noticias\">El dirigente del PLD sostuvo que muchos de  esos recursos tomados prestados, ni siquiera se sabe en qu\u00e8 se invirtieron. <\/p>\n<p>&#13;<\/p>\n<p align=\"justify\" class=\"text1noticias\">Indic\u00f3, que a pesar de la pesada deuda  externa que existe sobre el pa\u00eds, (la mayor\u00eda de factura perredeista) y los  altos precios del petr\u00f3leo, el Presidente Leonel Fern\u00e1ndez, ha mantenido la  econom\u00eda estable y la inflaci\u00f3n controlada. <\/p>\n<p>&#13;<\/p>\n<p align=\"justify\" class=\"text1noticias\">Jim\u00e9nez, precis\u00f3 que el crecimiento de la  econom\u00eda del pa\u00eds, se ha mantenido entre los m\u00e1s altos de Am\u00e9rica Latina y el  mundo, mientras se est\u00e1 a punto de culminar exitosamente, con los acuerdos  firmados con el Fondo Monetario Internacional. <\/p>\n<p>&#13;<\/p>\n<h6> 2008-01-15 21:12:00 <\/h6>\n<p><!--\n<link rel=\"stylesheet\" href=\"css\/bootstrap.min.css\">\n\n\n<ul class=\"pagination\">\n\t    \n\t\n\n<li >\n\t<a href='?page_no=34371'>Previous<\/a>\n\t<\/li>\n\n\n       \n    \n\n<li><a href='?page_no=1'>1<\/a><\/li>\n\n\n\n<li><a href='?page_no=2'>2<\/a><\/li>\n\n\n\n<li><a>...<\/a><\/li>\n\n\n\n<li><a href='?page_no=34370'>34370<\/a><\/li>\n\n\n\n<li><a href='?page_no=34371'>34371<\/a><\/li>\n\n\n\n<li class='active'><a>34372<\/a><\/li>\n\n\n\n<li><a href='?page_no=34373'>34373<\/a><\/li>\n\n\n\n<li><a href='?page_no=34374'>34374<\/a><\/li>\n\n\n\n<li><a>...<\/a><\/li>\n\n\n\n<li><a href='?page_no=36999'>36999<\/a><\/li>\n\n\n\n<li><a href='?page_no=37000'>37000<\/a><\/li>\n\n    \n\t\n\n<li >\n\t<a href='?page_no=34373'>Next<\/a>\n\t<\/li>\n\n\n    \n\n<li><a href='?page_no=37000'>Last &rsaquo;&rsaquo;<\/a><\/li>\n\n<\/ul>\n\n\n--><br \/>\n<\/body><\/p>\n","protected":false},"excerpt":{"rendered":"<p>Dirigente del PLD responsabiliza a los gobiernos del PRD de empobrecer y llevar a la miseria a cientos de miles de dominicanos\u00a0 &#13; SANTO DOMINGO.- El dirigente del Partido de la Liberaci\u00f3n Dominicana PLD, Rafael Jim\u00e9nez (Felucho), responsabiliz\u00f3 este martes a los gobiernos del Partido Revolucionario Dominicano, de empobrecer y llevar a la miseria, a [&hellip;]<\/p>\n","protected":false},"author":3,"featured_media":0,"comment_status":"open","ping_status":"open","sticky":false,"template":"","format":"standard","meta":{"footnotes":""},"categories":[22],"tags":[],"class_list":["post-191624","post","type-post","status-publish","format-standard","hentry","category-politica"],"_links":{"self":[{"href":"https:\/\/diariodominicano.com\/index.php?rest_route=\/wp\/v2\/posts\/191624","targetHints":{"allow":["GET"]}}],"collection":[{"href":"https:\/\/diariodominicano.com\/index.php?rest_route=\/wp\/v2\/posts"}],"about":[{"href":"https:\/\/diariodominicano.com\/index.php?rest_route=\/wp\/v2\/types\/post"}],"author":[{"embeddable":true,"href":"https:\/\/diariodominicano.com\/index.php?rest_route=\/wp\/v2\/users\/3"}],"replies":[{"embeddable":true,"href":"https:\/\/diariodominicano.com\/index.php?rest_route=%2Fwp%2Fv2%2Fcomments&post=191624"}],"version-history":[{"count":0,"href":"https:\/\/diariodominicano.com\/index.php?rest_route=\/wp\/v2\/posts\/191624\/revisions"}],"wp:attachment":[{"href":"https:\/\/diariodominicano.com\/index.php?rest_route=%2Fwp%2Fv2%2Fmedia&parent=191624"}],"wp:term":[{"taxonomy":"category","embeddable":true,"href":"https:\/\/diariodominicano.com\/index.php?rest_route=%2Fwp%2Fv2%2Fcategories&post=191624"},{"taxonomy":"post_tag","embeddable":true,"href":"https:\/\/diariodominicano.com\/index.php?rest_route=%2Fwp%2Fv2%2Ftags&post=191624"}],"curies":[{"name":"wp","href":"https:\/\/api.w.org\/{rel}","templated":true}]}}