{"id":191623,"date":"2008-01-15T21:32:34","date_gmt":"2008-01-15T21:32:34","guid":{"rendered":"http:\/\/diariodominicano.ddns.net\/?p=191623"},"modified":"2008-01-15T21:32:34","modified_gmt":"2008-01-15T21:32:34","slug":"evangelicos-votarian-96-9-en-2008-lf-53-61-mvm-28-71-y-amable-9-61","status":"publish","type":"post","link":"https:\/\/diariodominicano.com\/?p=191623","title":{"rendered":"Evang\u00e9licos: Votar\u00edan 96.9% en 2008, LF 53.61%, MVM 28.71% y Amable 9.61%"},"content":{"rendered":"<p><body><\/p>\n<p align=\"justify\" class=\"titulogrande1\"><strong>Evang\u00e9licos: Votar\u00edan 96.9% en 2008, LF 53.61% MVM 28.71% y Amable 9.61% <\/strong><\/p>\n<p>&#13;<\/p>\n<p align=\"justify\" class=\"text1noticias\"><strong><img loading=\"lazy\" decoding=\"async\" src=\"http:\/\/localhost:8080\/pictures\/leonel encuesta adococ.jpg\" width=\"269\" height=\"1129\" hspace=\"4\" align=\"left\" \/>Santo Domingo.-<\/strong> La Asociaci\u00f3n Dominicana de Comunicadores Cristianos (ADOCOC), realiz\u00f3 la 1era encuesta de  preferencia electoral y otros temas, entre cristianos\/evang\u00e9licos del pa\u00eds, el  pasado 1ero de Enero, durante la celebraci\u00f3n de la Gran Concentraci\u00f3n  Nacional Evang\u00e9lica, que organiza el Ministerio La Batalla de la Fe, donde se re\u00fanen m\u00e1s de 60  mil creyentes evang\u00e9licos y p\u00fablico secular de toda la geograf\u00eda nacional cada  a\u00f1o.<\/p>\n<p>&#13;<\/p>\n<p align=\"justify\" class=\"text1noticias\">Entre los cristianos\/evang\u00e9licos el Presidente Leonel Fern\u00e1ndez es el  favorito con un 53.61%, en tanto que Miguel Vargas Maldonado tiene un 28.71% de  simpat\u00eda y Amable Aristy Castro un 9.61%, mientras que un 4.12% se reserv\u00f3 su  opini\u00f3n, un 1.29% se defini\u00f3 como indecisos y el restante 2.66% por ciento cit\u00f3  otros candidatos de partidos minoritarios.<\/p>\n<p>&#13;<\/p>\n<p align=\"justify\" class=\"text1noticias\">Asimismo, cuando se le pregunt\u00f3 a los encuestados si cre\u00edan que habr\u00eda 2da  vuelta en las pr\u00f3ximas elecciones presidenciales, el 52.88% contest\u00f3 que s\u00ed y  el 47.12% cree que no; en tanto, cuando se les cuestion\u00f3 acerca de cual alianza  preferir\u00edan en una posible 2da vuelta, el 51.59% votar\u00eda por una alianza  PLD-PRSC, mientras que el 39.70% lo har\u00eda\u00a0  por la alianza PRD-PRSC, y un 8.71% no votar\u00eda por ninguna de las  citadas.<\/p>\n<p>&#13;<\/p>\n<p align=\"justify\" class=\"text1noticias\">De los 2 mil 330 encuestados el 42.23% (984) son hombres y el 57.77% (1 mil  346) mujeres, y de esos, el 96.9% afirm\u00f3 ser cristianos\/evang\u00e9licos y  pertenecer a una iglesia protestantes del pa\u00eds, en tanto que el 1.55% no es  evang\u00e9lico y el 2.36% confes\u00f3 ser parte de otras confecciones religiosas.<\/p>\n<p>&#13;<\/p>\n<p align=\"justify\" class=\"text1noticias\">La muestra que realiz\u00f3 ADOCOC, junto a un grupo de t\u00e9cnicos, tambi\u00e9n rese\u00f1a  que el 57.18% de los encuestados son de la Zona Rural del pa\u00eds, en  tanto que el 42.82% son de la urbana, asimismo, cuando se le pregunt\u00f3 de qu\u00e9 provincia  o ciudad eran, el 27.64% dijo que era del Distrito Nacional, en tanto que el  12.18% es de la provincia Santo Domingo y el 5.06% de Santiago, la segunda  ciudad en importancia del pa\u00eds, entre otras demarcaciones, municipios y  sectores que se rese\u00f1an en los gr\u00e1ficos de dicha medici\u00f3n.<\/p>\n<p>&#13;<\/p>\n<p align=\"justify\" class=\"text1noticias\">El presidente de ADOCOC, Danny Ram\u00edrez, indic\u00f3 persiguen con dicha  encuestas, llamar la atenci\u00f3n del pueblo, las autoridades y la Sociedad Dominicana  en general sobre los cristianos\/evang\u00e9licos del pa\u00eds, tras asegurar que tal y  como han referido otros l\u00edderes evang\u00e9licos, el llamado \u201cPueblo de Dios\u201d es la  reserva moral del pa\u00eds y es un sector en constante crecimiento.<\/p>\n<p>&#13;<\/p>\n<p align=\"justify\" class=\"text1noticias\">Agreg\u00f3 que dicha muestra demuestra que aunque el pueblo evang\u00e9lico no es un  militante activo en pol\u00edtica, si va fielmente a las urnas en cada proceso  electoral, y que pese a que est\u00e1 considerado como una \u201cmasa silente\u201d podr\u00eda  inclinar la balanza en las pr\u00f3ximas elecciones nacionales; por lo que cree el  gobierno y la sociedad en su conjunto, deber\u00edan tomar en cuenta m\u00e1s a dicho  sector.<\/p>\n<p>&#13;<\/p>\n<p align=\"justify\" class=\"text1noticias\">Record\u00f3, que entre otras preguntas que le aplicaron a los encuestados, est\u00e1  la que los cuestiona sobre si el cristiano\/evang\u00e9lico debe ser un militante  activo en pol\u00edtica, a lo que el 63.26% dijo que no, contrario al 35.71% que  contest\u00f3 que si, y un 1.03% que dijo no tener opini\u00f3n sobre ese tema; lo que  asegur\u00f3 demuestra que tal y como manda la Biblia, el cristiano\/evang\u00e9lico se somete y  respeta a las autoridades, las leyes y reglamentos que rijan la naci\u00f3n donde  est\u00e9n, m\u00e1s no act\u00faan como un militantes activos en su gran mayor\u00eda.<\/p>\n<p>&#13;<\/p>\n<p align=\"justify\" class=\"text1noticias\">Reiter\u00f3 Ram\u00edrez, que aunque no se tienen cifras oficiales, se especula que  los cristianos\/evang\u00e9licos son casi 2 millones de personas en el pa\u00eds, y que al  igual que otras naciones de Latinoam\u00e9rica y el mundo, dicho sector religioso  contin\u00faa en aumento, debido a que las personas buscan respuestas a sus  problemas en los hombres y al no encontrarla, se rinden a los pies de  Jesucristo, al lado de una iglesia protestante.<\/p>\n<p>&#13;<\/p>\n<p align=\"justify\" class=\"text1noticias\">Refiri\u00f3 asimismo, que el 25 y 26 de Enero realizar\u00e1n el 1er Congreso  Nacional de Comunicadores Cristianos, dirigido a profesionales, estudiantes,  pastores y l\u00edderes cristianos y p\u00fablico general, y que el mismo es totalmente  gratis, aunque con cupo limitado y reservando su participaci\u00f3n, llamando al  tel\u00e9fono 809-564-1595, o al mail a.adococ@gmail.com,  o el blog, www.adococ.blogspot.com.<\/p>\n<p>&#13;<\/p>\n<p align=\"justify\" class=\"text1noticias\">Explic\u00f3 que en el citado c\u00f3nclave participar\u00e1n como conferencistas figuras  destacadas de la comunicaci\u00f3n cristianas como Miguel Susana, Feliz Victorino,  Ram\u00f3n Pumarol, Georgina Thompson, Carlos Pe\u00f1a y otros destacados comunicadores,  y que empezar\u00e1n el mismo a la 5 de la tarde del viernes 25 de los corrientes,  en el Auditorio de la   Corporaci\u00f3n Estatal de Radio y TV, (CERTV).<\/p>\n<p>&#13;<\/p>\n<h6> 2008-01-15 21:32:34 <\/h6>\n<p><!--\n<link rel=\"stylesheet\" href=\"css\/bootstrap.min.css\">\n\n\n<ul class=\"pagination\">\n\t    \n\t\n\n<li >\n\t<a href='?page_no=34370'>Previous<\/a>\n\t<\/li>\n\n\n       \n    \n\n<li><a href='?page_no=1'>1<\/a><\/li>\n\n\n\n<li><a href='?page_no=2'>2<\/a><\/li>\n\n\n\n<li><a>...<\/a><\/li>\n\n\n\n<li><a href='?page_no=34369'>34369<\/a><\/li>\n\n\n\n<li><a href='?page_no=34370'>34370<\/a><\/li>\n\n\n\n<li class='active'><a>34371<\/a><\/li>\n\n\n\n<li><a href='?page_no=34372'>34372<\/a><\/li>\n\n\n\n<li><a href='?page_no=34373'>34373<\/a><\/li>\n\n\n\n<li><a>...<\/a><\/li>\n\n\n\n<li><a href='?page_no=36999'>36999<\/a><\/li>\n\n\n\n<li><a href='?page_no=37000'>37000<\/a><\/li>\n\n    \n\t\n\n<li >\n\t<a href='?page_no=34372'>Next<\/a>\n\t<\/li>\n\n\n    \n\n<li><a href='?page_no=37000'>Last &rsaquo;&rsaquo;<\/a><\/li>\n\n<\/ul>\n\n\n--><br \/>\n<\/body><\/p>\n","protected":false},"excerpt":{"rendered":"<p>Evang\u00e9licos: Votar\u00edan 96.9% en 2008, LF 53.61% MVM 28.71% y Amable 9.61% &#13; Santo Domingo.- La Asociaci\u00f3n Dominicana de Comunicadores Cristianos (ADOCOC), realiz\u00f3 la 1era encuesta de preferencia electoral y otros temas, entre cristianos\/evang\u00e9licos del pa\u00eds, el pasado 1ero de Enero, durante la celebraci\u00f3n de la Gran Concentraci\u00f3n Nacional Evang\u00e9lica, que organiza el Ministerio La [&hellip;]<\/p>\n","protected":false},"author":3,"featured_media":0,"comment_status":"open","ping_status":"open","sticky":false,"template":"","format":"standard","meta":{"footnotes":""},"categories":[22],"tags":[],"class_list":["post-191623","post","type-post","status-publish","format-standard","hentry","category-politica"],"_links":{"self":[{"href":"https:\/\/diariodominicano.com\/index.php?rest_route=\/wp\/v2\/posts\/191623","targetHints":{"allow":["GET"]}}],"collection":[{"href":"https:\/\/diariodominicano.com\/index.php?rest_route=\/wp\/v2\/posts"}],"about":[{"href":"https:\/\/diariodominicano.com\/index.php?rest_route=\/wp\/v2\/types\/post"}],"author":[{"embeddable":true,"href":"https:\/\/diariodominicano.com\/index.php?rest_route=\/wp\/v2\/users\/3"}],"replies":[{"embeddable":true,"href":"https:\/\/diariodominicano.com\/index.php?rest_route=%2Fwp%2Fv2%2Fcomments&post=191623"}],"version-history":[{"count":0,"href":"https:\/\/diariodominicano.com\/index.php?rest_route=\/wp\/v2\/posts\/191623\/revisions"}],"wp:attachment":[{"href":"https:\/\/diariodominicano.com\/index.php?rest_route=%2Fwp%2Fv2%2Fmedia&parent=191623"}],"wp:term":[{"taxonomy":"category","embeddable":true,"href":"https:\/\/diariodominicano.com\/index.php?rest_route=%2Fwp%2Fv2%2Fcategories&post=191623"},{"taxonomy":"post_tag","embeddable":true,"href":"https:\/\/diariodominicano.com\/index.php?rest_route=%2Fwp%2Fv2%2Ftags&post=191623"}],"curies":[{"name":"wp","href":"https:\/\/api.w.org\/{rel}","templated":true}]}}