{"id":191622,"date":"2008-01-15T21:42:40","date_gmt":"2008-01-15T21:42:40","guid":{"rendered":"http:\/\/diariodominicano.ddns.net\/?p=191622"},"modified":"2008-01-15T21:42:40","modified_gmt":"2008-01-15T21:42:40","slug":"pld-reitera-que-el-candidato-presidencial-perredeista-pepehachista-mas-que-empresario-es-un-negociante-de-la-politica","status":"publish","type":"post","link":"https:\/\/diariodominicano.com\/?p=191622","title":{"rendered":"PLD reitera que el candidato presidencial perredeista-pepehachista m\u00e1s que empresario es un negociante de la pol\u00edtica"},"content":{"rendered":"<p><body><\/p>\n<p align=\"justify\" class=\"titulogrande1\"><strong>PLD reitera que el candidato  presidencial perredeista-pepehachista m\u00e1s que empresario es un negociante de la  pol\u00edtica<\/strong><\/p>\n<p>&#13;<\/p>\n<p align=\"justify\" class=\"text1noticias\"><strong><img loading=\"lazy\" decoding=\"async\" src=\"http:\/\/localhost:8080\/pictures\/pld269.jpg\" width=\"269\" height=\"210\" hspace=\"4\" align=\"left\" \/>SANTO  DOMINGO.- <\/strong>El Partido de la Liberaci\u00f3n Dominicana reiter\u00f3 este martes que el  candidato presidencial perredeista-pepehachista m\u00e1s que empresario es un  negociante de la pol\u00edtica y cuestion\u00f3 una serie de negociaciones particulares  que lesionan al Estado; al tiempo que lo inst\u00f3 a que explique tales maniobras  mientras se desempe\u00f1aba como secretario de Obras P\u00fablicas durante el cuatrienio  gubernamental 2000-2004 que presidi\u00f3 Hip\u00f3lito Mej\u00eda. <br \/>&#13;<br \/>\n  \u00a0<br \/>&#13;<br \/>\n  En  una nota informativa el partido morado hizo p\u00fablico emplazamiento para que el  candidato del partido blanco explique c\u00f3mo adquiri\u00f3 577 mil metros cuadrados de  \u00e1reas protegidas en Saman\u00e1 por un mill\u00f3n de pesos para venderla al poco tiempo  en 12.5 millones de d\u00f3lares; as\u00ed como otras porciones de vocaci\u00f3n tur\u00edstica en  Higuey.<br \/>&#13;<br \/>\n  \u00a0<br \/>&#13;<br \/>\n  \u201cIgual  explicaci\u00f3n se exige sobre la maniobra de compra-venta del hotel Hispaniola,  comprado al Estado por 16.5 millones de d\u00f3lares y vendido luego por 23 millones  de d\u00f3lares a un grupo espa\u00f1ol\u201d, expres\u00f3 el PLD en el despacho de prensa.<br \/>&#13;<br \/>\n  \u00a0<br \/>&#13;<br \/>\n  En  el emplazamiento del PLD \u201cse hace referencia a tr\u00e1fico de influencias,  subvaluaciones de bienes del Estado, cercenamiento del Parque Nacional de Cabo  Cabr\u00f3n, diligenciamiento congresual para variar calificaciones de terrenos  protegidos por ley; involucrando a empresas como Palmeras Comerciales S.A e  Inversiones Inmobiliarias Harna, propiedades del candidato perredeista o  testaferros\u201d.<br \/>&#13;<br \/>\n  \u00a0<br \/>&#13;<br \/>\n  El  documento se\u00f1al\u00f3 que el partido morado tambi\u00e9n hace referencia al empresario  espa\u00f1ol Carlos S\u00e1nchez, acusado en su pa\u00eds por el sonado esc\u00e1ndalo conocido  como Marbella y al que se vincula al referido candidato presidencial;  prometi\u00e9ndose m\u00e1s detalles en momento oportuno. <br \/>&#13;<br \/>\n  \u00a0<br \/>&#13;<br \/>\n  \u201cTodos  esos elementos period\u00edsticos forman parte de un documento p\u00fablico elaborado por  la Direcci\u00f3n   Estrat\u00e9gica del Comit\u00e9 Nacional de Campa\u00f1a del Partido de la Liberaci\u00f3n Dominicana,  el cual fue le\u00eddo por su Coordinador, Tem\u00edstocles Mont\u00e1s, en rueda de prensa  junto al Secretario General Reinaldo Pared P\u00e9rez, el Coordinador Nacional  Francisco Javier Garc\u00eda, y los integrantes\u00a0Jos\u00e9 Rafael Vargas, Carlos Dore Cabral, Max Puig, entre otros\u201d,  puntualiz\u00f3 el partido oficial.<\/p>\n<p>&#13;<\/p>\n<h6> 2008-01-15 21:42:40 <\/h6>\n<p><!--\n<link rel=\"stylesheet\" href=\"css\/bootstrap.min.css\">\n\n\n<ul class=\"pagination\">\n\t    \n\t\n\n<li >\n\t<a href='?page_no=34369'>Previous<\/a>\n\t<\/li>\n\n\n       \n    \n\n<li><a href='?page_no=1'>1<\/a><\/li>\n\n\n\n<li><a href='?page_no=2'>2<\/a><\/li>\n\n\n\n<li><a>...<\/a><\/li>\n\n\n\n<li><a href='?page_no=34368'>34368<\/a><\/li>\n\n\n\n<li><a href='?page_no=34369'>34369<\/a><\/li>\n\n\n\n<li class='active'><a>34370<\/a><\/li>\n\n\n\n<li><a href='?page_no=34371'>34371<\/a><\/li>\n\n\n\n<li><a href='?page_no=34372'>34372<\/a><\/li>\n\n\n\n<li><a>...<\/a><\/li>\n\n\n\n<li><a href='?page_no=36999'>36999<\/a><\/li>\n\n\n\n<li><a href='?page_no=37000'>37000<\/a><\/li>\n\n    \n\t\n\n<li >\n\t<a href='?page_no=34371'>Next<\/a>\n\t<\/li>\n\n\n    \n\n<li><a href='?page_no=37000'>Last &rsaquo;&rsaquo;<\/a><\/li>\n\n<\/ul>\n\n\n--><br \/>\n<\/body><\/p>\n","protected":false},"excerpt":{"rendered":"<p>PLD reitera que el candidato presidencial perredeista-pepehachista m\u00e1s que empresario es un negociante de la pol\u00edtica &#13; SANTO DOMINGO.- El Partido de la Liberaci\u00f3n Dominicana reiter\u00f3 este martes que el candidato presidencial perredeista-pepehachista m\u00e1s que empresario es un negociante de la pol\u00edtica y cuestion\u00f3 una serie de negociaciones particulares que lesionan al Estado; al tiempo [&hellip;]<\/p>\n","protected":false},"author":3,"featured_media":0,"comment_status":"open","ping_status":"open","sticky":false,"template":"","format":"standard","meta":{"footnotes":""},"categories":[22],"tags":[],"class_list":["post-191622","post","type-post","status-publish","format-standard","hentry","category-politica"],"_links":{"self":[{"href":"https:\/\/diariodominicano.com\/index.php?rest_route=\/wp\/v2\/posts\/191622","targetHints":{"allow":["GET"]}}],"collection":[{"href":"https:\/\/diariodominicano.com\/index.php?rest_route=\/wp\/v2\/posts"}],"about":[{"href":"https:\/\/diariodominicano.com\/index.php?rest_route=\/wp\/v2\/types\/post"}],"author":[{"embeddable":true,"href":"https:\/\/diariodominicano.com\/index.php?rest_route=\/wp\/v2\/users\/3"}],"replies":[{"embeddable":true,"href":"https:\/\/diariodominicano.com\/index.php?rest_route=%2Fwp%2Fv2%2Fcomments&post=191622"}],"version-history":[{"count":0,"href":"https:\/\/diariodominicano.com\/index.php?rest_route=\/wp\/v2\/posts\/191622\/revisions"}],"wp:attachment":[{"href":"https:\/\/diariodominicano.com\/index.php?rest_route=%2Fwp%2Fv2%2Fmedia&parent=191622"}],"wp:term":[{"taxonomy":"category","embeddable":true,"href":"https:\/\/diariodominicano.com\/index.php?rest_route=%2Fwp%2Fv2%2Fcategories&post=191622"},{"taxonomy":"post_tag","embeddable":true,"href":"https:\/\/diariodominicano.com\/index.php?rest_route=%2Fwp%2Fv2%2Ftags&post=191622"}],"curies":[{"name":"wp","href":"https:\/\/api.w.org\/{rel}","templated":true}]}}