{"id":191621,"date":"2008-01-15T23:40:46","date_gmt":"2008-01-15T23:40:46","guid":{"rendered":"http:\/\/diariodominicano.ddns.net\/?p=191621"},"modified":"2008-01-15T23:40:46","modified_gmt":"2008-01-15T23:40:46","slug":"pld-acusa-a-vargas-maldonado-de-adquirir-557-mil-metros-de-terreno-en-areas-protegidas-de-samana","status":"publish","type":"post","link":"https:\/\/diariodominicano.com\/?p=191621","title":{"rendered":"PLD acusa a Vargas Maldonado de adquirir 557 mil metros de terreno en \u00e1reas protegidas de Saman\u00e1"},"content":{"rendered":"<p><body><\/p>\n<p align=\"justify\" class=\"titulogrande1\">PLD  acusa a Vargas Maldonado de adquirir 557 mil metros\u00a0 de terreno en \u00e1reas protegidas de Saman\u00e1<\/p>\n<p>&#13;<\/p>\n<p align=\"justify\" class=\"text1noticias\"><strong><img loading=\"lazy\" decoding=\"async\" src=\"http:\/\/localhost:8080\/pictures\/francisco javier pic.jpg\" width=\"269\" height=\"297\" hspace=\"4\" align=\"left\" \/>SANTO DOMINGO.-<\/strong> El Comit\u00e9  Nacional de Campa\u00f1a del Partido de la Liberaci\u00f3n Dominicana  (PLD) emplaz\u00f3 al candidato del Partido Revolucionario Dominicano (PRD), Miguel  Vargas Maldonado, a que explique la forma en que adquiri\u00f3 557 mil metros  cuadrados en el \u00e1rea protegida de Saman\u00e1 por un mill\u00f3n de pesos y luego se lo  vendi\u00f3 al Estado dominicano por 12 millones de d\u00f3lares cuando era secretario de  Obras P\u00fablicas.<\/p>\n<p>&#13;<\/p>\n<p align=\"justify\" class=\"text1noticias\">En una rueda de prensa,  Francisco Javier Garc\u00eda dijo que lo que se trata es de un emplazamiento p\u00fablico  y no de un sometimiento contra Vargas Maldonado, ya que se le dar\u00e1 al tema \u00a0\u201cun tratamiento pol\u00edtico\u201d.<\/p>\n<p>&#13;<\/p>\n<p align=\"justify\" class=\"text1noticias\"> De su lado, el dirigente  pelede\u00edsta Tem\u00edstocles Mont\u00e1s pidi\u00f3 a Vargas Maldonado que explique al pa\u00eds  c\u00f3mo siendo funcionario del gobierno pasado compr\u00f3 al Estado el hotel  Hispaniola por 16.5 millones de d\u00f3lares y luego lo vendi\u00f3 a un grupo espa\u00f1ol  por 23 millones de d\u00f3lares.<\/p>\n<p>&#13;<\/p>\n<p align=\"justify\" class=\"text1noticias\">Deplor\u00f3 que el PRD \u201ctiene  seis meses de campa\u00f1a sucia contra el PLD con acusaciones falaces\u201d, al tiempo  que indic\u00f3 que los dirigentes de ese partido no tienen moral para descalificar  al partido morado.<\/p>\n<p>&#13;<\/p>\n<p align=\"justify\" class=\"text1noticias\">\u201cUna cosa es real y  efectivamente evidenciar que de lo que se trata es de un hombre que ha hecho  fortuna al amparo del poder, o sea, aqu\u00ed nadie le ha conocido a Vargas  Maldonado negocios que no sean durante el tiempo que ha estado ocupando  posiciones gubernamentales\u201d, puntualiz\u00f3.<\/p>\n<p>&#13;<\/p>\n<p align=\"justify\" class=\"text1noticias\">Destac\u00f3 que el PLD lo que  quiere es evidenciar que el candidato del PRD es un negociante, aunque explic\u00f3  que no significa que en el partido morado exista la intenci\u00f3n de llevar el tema  a una lucha donde no se discutan los grandes problemas nacionales.<\/p>\n<p>&#13;<\/p>\n<p align=\"justify\" class=\"text1noticias\">Se\u00f1al\u00f3 que el PLD ya tiene su  programa elaborado y que ser\u00e1 presentado una vez sea proclamado Leonel  Fern\u00e1ndez como candidato presidencial, por lo que esperan que sirva de base  para abrir los debates\u00a0 de los grandes  problemas nacionales.<\/p>\n<p>&#13;<\/p>\n<p align=\"justify\" class=\"text1noticias\">En la rueda de prensa, adem\u00e1s  de Javier Garc\u00eda y Mont\u00e1s participaron el secretario general de esa  organizaci\u00f3n pol\u00edtica, Reynaldo Pared P\u00e9rez, el presidente de Indotel, Jos\u00e9  Rafael Vargas y Max Puig.<\/p>\n<p>&#13;<\/p>\n<h6> 2008-01-15 23:40:46 <\/h6>\n<p><!--\n<link rel=\"stylesheet\" href=\"css\/bootstrap.min.css\">\n\n\n<ul class=\"pagination\">\n\t    \n\t\n\n<li >\n\t<a href='?page_no=34368'>Previous<\/a>\n\t<\/li>\n\n\n       \n    \n\n<li><a href='?page_no=1'>1<\/a><\/li>\n\n\n\n<li><a href='?page_no=2'>2<\/a><\/li>\n\n\n\n<li><a>...<\/a><\/li>\n\n\n\n<li><a href='?page_no=34367'>34367<\/a><\/li>\n\n\n\n<li><a href='?page_no=34368'>34368<\/a><\/li>\n\n\n\n<li class='active'><a>34369<\/a><\/li>\n\n\n\n<li><a href='?page_no=34370'>34370<\/a><\/li>\n\n\n\n<li><a href='?page_no=34371'>34371<\/a><\/li>\n\n\n\n<li><a>...<\/a><\/li>\n\n\n\n<li><a href='?page_no=36999'>36999<\/a><\/li>\n\n\n\n<li><a href='?page_no=37000'>37000<\/a><\/li>\n\n    \n\t\n\n<li >\n\t<a href='?page_no=34370'>Next<\/a>\n\t<\/li>\n\n\n    \n\n<li><a href='?page_no=37000'>Last &rsaquo;&rsaquo;<\/a><\/li>\n\n<\/ul>\n\n\n--><br \/>\n<\/body><\/p>\n","protected":false},"excerpt":{"rendered":"<p>PLD acusa a Vargas Maldonado de adquirir 557 mil metros\u00a0 de terreno en \u00e1reas protegidas de Saman\u00e1 &#13; SANTO DOMINGO.- El Comit\u00e9 Nacional de Campa\u00f1a del Partido de la Liberaci\u00f3n Dominicana (PLD) emplaz\u00f3 al candidato del Partido Revolucionario Dominicano (PRD), Miguel Vargas Maldonado, a que explique la forma en que adquiri\u00f3 557 mil metros cuadrados [&hellip;]<\/p>\n","protected":false},"author":3,"featured_media":0,"comment_status":"open","ping_status":"open","sticky":false,"template":"","format":"standard","meta":{"footnotes":""},"categories":[22],"tags":[],"class_list":["post-191621","post","type-post","status-publish","format-standard","hentry","category-politica"],"_links":{"self":[{"href":"https:\/\/diariodominicano.com\/index.php?rest_route=\/wp\/v2\/posts\/191621","targetHints":{"allow":["GET"]}}],"collection":[{"href":"https:\/\/diariodominicano.com\/index.php?rest_route=\/wp\/v2\/posts"}],"about":[{"href":"https:\/\/diariodominicano.com\/index.php?rest_route=\/wp\/v2\/types\/post"}],"author":[{"embeddable":true,"href":"https:\/\/diariodominicano.com\/index.php?rest_route=\/wp\/v2\/users\/3"}],"replies":[{"embeddable":true,"href":"https:\/\/diariodominicano.com\/index.php?rest_route=%2Fwp%2Fv2%2Fcomments&post=191621"}],"version-history":[{"count":0,"href":"https:\/\/diariodominicano.com\/index.php?rest_route=\/wp\/v2\/posts\/191621\/revisions"}],"wp:attachment":[{"href":"https:\/\/diariodominicano.com\/index.php?rest_route=%2Fwp%2Fv2%2Fmedia&parent=191621"}],"wp:term":[{"taxonomy":"category","embeddable":true,"href":"https:\/\/diariodominicano.com\/index.php?rest_route=%2Fwp%2Fv2%2Fcategories&post=191621"},{"taxonomy":"post_tag","embeddable":true,"href":"https:\/\/diariodominicano.com\/index.php?rest_route=%2Fwp%2Fv2%2Ftags&post=191621"}],"curies":[{"name":"wp","href":"https:\/\/api.w.org\/{rel}","templated":true}]}}