{"id":191620,"date":"2008-01-16T01:30:55","date_gmt":"2008-01-16T01:30:55","guid":{"rendered":"http:\/\/diariodominicano.ddns.net\/?p=191620"},"modified":"2008-01-16T01:30:55","modified_gmt":"2008-01-16T01:30:55","slug":"presidente-fernandez-inaugura-local-comite-nacional-de-campana","status":"publish","type":"post","link":"https:\/\/diariodominicano.com\/?p=191620","title":{"rendered":"Presidente Fern\u00e1ndez inaugura local Comit\u00e9 Nacional de Campa\u00f1a"},"content":{"rendered":"<p><body><\/p>\n<p align=\"justify\" class=\"text1noticias\"><span class=\"titulogrande1\">Presidente Fern\u00e1ndez inaugura local Comit\u00e9 Nacional de Campa\u00f1a<\/span><br \/>&#13;<br \/>\n  <br \/>&#13;<br \/>\n    <img loading=\"lazy\" decoding=\"async\" src=\"http:\/\/localhost:8080\/pictures\/local comite nacional campana.jpg\" width=\"269\" height=\"545\" hspace=\"4\" align=\"left\" \/>Las reacciones del PRD  en el inicio de campa\u00f1a del Partido de la Liberaci\u00f3n Dominicana es una clara  se\u00f1al de que se sienten derrotados de cara a las elecciones del pr\u00f3ximo mes de  mayo. <\/p>\n<p>&#13;<\/p>\n<p align=\"justify\" class=\"text1noticias\">As\u00ed lo hizo notar Francisco Javier Garc\u00eda, coordinador General del Comit\u00e9  Nacional de Campa\u00f1a del PLD, en las palabras de apertura del acto inaugural del  local donde operar\u00e1 dicha estructura, ubicada en la avenida Bol\u00edvar casi  esquina Alma M\u00e1ter de la ciudad capital. <\/p>\n<p>&#13;<\/p>\n<p align=\"justify\" class=\"text1noticias\">Ante la presencia del Presidente Leonel Fern\u00e1ndez, candidato presidencial del  PLD y aliados, del vicepresidente \u00a0 de la Rep\u00fablica, Doctor Rafael  Alburquerque, del Secretario General Reinaldo Pared P\u00e9rez y de los integrantes  del Comit\u00e9 Pol\u00edtico y del Comit\u00e9 de Campa\u00f1a, as\u00ed como representantes de  partidos aliados y movimientos de apoyo, Garc\u00eda advirti\u00f3 al electorado que  \u00abno se ha iniciado la campa\u00f1a y ya el PRD est\u00e1 gritando\u00bb. <\/p>\n<p>&#13;<\/p>\n<p align=\"justify\" class=\"text1noticias\"> La actividad se inici\u00f3 a las 6:00 en punto de la tarde con la llegada del  Presidente Leonel Fern\u00e1ndez y luego de la  formal presentaci\u00f3n de los integrantes  de la direcci\u00f3n pol\u00edtica y de campa\u00f1a del PLD, Garc\u00eda pronunci\u00f3 las palabras de  apertura. El acto concluy\u00f3 a las 7.10 de la noche cuando el presidente se  despidi\u00f3 de la multitud congregada en el local. <\/p>\n<p>&#13;<\/p>\n<p align=\"justify\" class=\"text1noticias\"> Luego de las palabras introductorias del Coordinador General de Campa\u00f1a, el  doctor Fern\u00e1ndez procedi\u00f3 al corte de la cinta con lo que formalmente quedaron   inauguradas las oficinas de las direcciones del Comit\u00e9 Nacional de  Campa\u00f1a. <\/p>\n<p>&#13;<\/p>\n<p align=\"justify\" class=\"text1noticias\">La presentaci\u00f3n de los artistas Milagros Hern\u00e1ndez, Manuel Jim\u00e9nez y Sergio  Vargas completaron el programa pol\u00edtico-art\u00edstico de la noche, donde el publico  asistente ondeaba las banderas y flequillos morados y amarillos, as\u00ed como el  \u00edndice y pulgar de la mano formando la \u00abse\u00f1al del l\u00edder\u00bb de los peledeista. <\/p>\n<p>&#13;<\/p>\n<p align=\"justify\" class=\"text1noticias\">Una nota de la Secretar\u00eda de Comunicaciones del partido morado rese\u00f1a que  Francisco Javier Garc\u00eda proclam\u00f3 en su discurso que no estaban inaugurando un  local de campa\u00f1a, sino el local desde el cual se trabajar\u00e1 en \u00abuna nueva  victoria del PLD y fuerzas aliadas para beneficio del pueblo dominicano\u00bb,  acotando que la poblaci\u00f3n est\u00e1 anhelosa de que el 16 de mayo arribe pronto para  dar respaldo con su voto al Presidente Leonel Fern\u00e1ndez y su obra de gobierno. <\/p>\n<p>&#13;<\/p>\n<p align=\"justify\" class=\"text1noticias\">En las palabras de inicio Francisco Javier Garc\u00eda en su rol de Coordinador de  la campa\u00f1a advirti\u00f3 de manera p\u00fablica sobre acciones del equipo de campa\u00f1a del  PRD. <\/p>\n<p>&#13;<\/p>\n<p align=\"justify\" class=\"text1noticias\">\u00abEst\u00e1n planificando para el viernes en horas de la noche y la madrugada  del s\u00e1bado poner a circular camionetas con  personas con gorras y  vestimentas moradas para da\u00f1ar la propaganda\u00bb, precis\u00f3 Garc\u00eda advirtiendo  que con ello los estrategas del PRD-PPH pretenden decir ulteriormente que el  gobierno ha desatado una persecuci\u00f3n y \u00abentonces presentarse como una  v\u00edctima en la presente campa\u00f1a electoral\u00bb. <\/p>\n<p>&#13;<\/p>\n<p align=\"justify\" class=\"text1noticias\">Advirti\u00f3 que ese plan lo conocen en la direcci\u00f3n pol\u00edtica y de campa\u00f1a del PLD,  que asume la responsabilidad de denunciarlo. <\/p>\n<p>&#13;<\/p>\n<p align=\"justify\" class=\"text1noticias\">\u00abEl PLD nunca ha recurrido a los m\u00e9todos y formas que ha usado  hist\u00f3ricamente el PRD\u00bb, enfatiz\u00f3 el coordinador de la Campa\u00f1a del PLD en  la rese\u00f1a enviada a los medios por la estructura de comunicaciones morada. <\/p>\n<p>&#13;<\/p>\n<p align=\"justify\" class=\"text1noticias\">Refiere que Francisco Javier Garc\u00eda manifest\u00f3 que no obstante el Partido de la  Liberaci\u00f3n Dominicana seguir\u00e1 trabajando sin descanso hasta mayo pr\u00f3ximo con la  conquista del triunfo del PLD y fuerzas aliadas.<\/p>\n<p>&#13;<\/p>\n<p align=\"justify\" class=\"text1noticias\">\u00abNo nos vamos a distraer en esas peque\u00f1eces del PLD, nos concentraremos en  el trabajo. Sin un paso atr\u00e1s, sin mirar hacia atr\u00e1s. Que lo sepa el PRD y que  lo sepa de una vez, ah\u00ed est\u00e1n y ah\u00ed se quedaran\u00bb concluy\u00f3 Francisco Javier  Garc\u00eda motivando una fuerte ovaci\u00f3n de los peledeistas, aliados y movimientos  de apoyo congregados en las instalaciones que se estaban inaugurando. <\/p>\n<p>&#13;<\/p>\n<h6> 2008-01-16 01:30:55 <\/h6>\n<p><!--\n<link rel=\"stylesheet\" href=\"css\/bootstrap.min.css\">\n\n\n<ul class=\"pagination\">\n\t    \n\t\n\n<li >\n\t<a href='?page_no=34367'>Previous<\/a>\n\t<\/li>\n\n\n       \n    \n\n<li><a href='?page_no=1'>1<\/a><\/li>\n\n\n\n<li><a href='?page_no=2'>2<\/a><\/li>\n\n\n\n<li><a>...<\/a><\/li>\n\n\n\n<li><a href='?page_no=34366'>34366<\/a><\/li>\n\n\n\n<li><a href='?page_no=34367'>34367<\/a><\/li>\n\n\n\n<li class='active'><a>34368<\/a><\/li>\n\n\n\n<li><a href='?page_no=34369'>34369<\/a><\/li>\n\n\n\n<li><a href='?page_no=34370'>34370<\/a><\/li>\n\n\n\n<li><a>...<\/a><\/li>\n\n\n\n<li><a href='?page_no=36999'>36999<\/a><\/li>\n\n\n\n<li><a href='?page_no=37000'>37000<\/a><\/li>\n\n    \n\t\n\n<li >\n\t<a href='?page_no=34369'>Next<\/a>\n\t<\/li>\n\n\n    \n\n<li><a href='?page_no=37000'>Last &rsaquo;&rsaquo;<\/a><\/li>\n\n<\/ul>\n\n\n--><br \/>\n<\/body><\/p>\n","protected":false},"excerpt":{"rendered":"<p>Presidente Fern\u00e1ndez inaugura local Comit\u00e9 Nacional de Campa\u00f1a&#13; &#13; Las reacciones del PRD en el inicio de campa\u00f1a del Partido de la Liberaci\u00f3n Dominicana es una clara se\u00f1al de que se sienten derrotados de cara a las elecciones del pr\u00f3ximo mes de mayo. &#13; As\u00ed lo hizo notar Francisco Javier Garc\u00eda, coordinador General del Comit\u00e9 [&hellip;]<\/p>\n","protected":false},"author":3,"featured_media":0,"comment_status":"open","ping_status":"open","sticky":false,"template":"","format":"standard","meta":{"footnotes":""},"categories":[22],"tags":[],"class_list":["post-191620","post","type-post","status-publish","format-standard","hentry","category-politica"],"_links":{"self":[{"href":"https:\/\/diariodominicano.com\/index.php?rest_route=\/wp\/v2\/posts\/191620","targetHints":{"allow":["GET"]}}],"collection":[{"href":"https:\/\/diariodominicano.com\/index.php?rest_route=\/wp\/v2\/posts"}],"about":[{"href":"https:\/\/diariodominicano.com\/index.php?rest_route=\/wp\/v2\/types\/post"}],"author":[{"embeddable":true,"href":"https:\/\/diariodominicano.com\/index.php?rest_route=\/wp\/v2\/users\/3"}],"replies":[{"embeddable":true,"href":"https:\/\/diariodominicano.com\/index.php?rest_route=%2Fwp%2Fv2%2Fcomments&post=191620"}],"version-history":[{"count":0,"href":"https:\/\/diariodominicano.com\/index.php?rest_route=\/wp\/v2\/posts\/191620\/revisions"}],"wp:attachment":[{"href":"https:\/\/diariodominicano.com\/index.php?rest_route=%2Fwp%2Fv2%2Fmedia&parent=191620"}],"wp:term":[{"taxonomy":"category","embeddable":true,"href":"https:\/\/diariodominicano.com\/index.php?rest_route=%2Fwp%2Fv2%2Fcategories&post=191620"},{"taxonomy":"post_tag","embeddable":true,"href":"https:\/\/diariodominicano.com\/index.php?rest_route=%2Fwp%2Fv2%2Ftags&post=191620"}],"curies":[{"name":"wp","href":"https:\/\/api.w.org\/{rel}","templated":true}]}}