{"id":191619,"date":"2008-01-16T01:54:29","date_gmt":"2008-01-16T01:54:29","guid":{"rendered":"http:\/\/diariodominicano.ddns.net\/?p=191619"},"modified":"2008-01-16T01:54:29","modified_gmt":"2008-01-16T01:54:29","slug":"francisco-javier-denuncia-plan-del-prd","status":"publish","type":"post","link":"https:\/\/diariodominicano.com\/?p=191619","title":{"rendered":"Francisco Javier denuncia plan del PRD"},"content":{"rendered":"<p><body><\/p>\n<p align=\"center\" class=\"titulogrande1\"><strong>Francisco Javier denuncia plan del PRD<\/strong><\/p>\n<p>&#13;<\/p>\n<p align=\"justify\" class=\"text1noticias\"><strong><img loading=\"lazy\" decoding=\"async\" src=\"http:\/\/localhost:8080\/pictures\/francisco javier pic.jpg\" width=\"269\" height=\"297\" hspace=\"4\" align=\"left\" \/>Santo Domingo.- <\/strong>El licenciado Francisco Javier  Garc\u00eda, coordinador de campa\u00f1a del presidente, doctor Leonel Fern\u00e1ndez,  denunci\u00f3 que la dirigencia del Partido Revolucionario Dominicano (PRD) tiene  orquestado un plan para destruir la propaganda pol\u00edtica del aspirante  presidencial de esa organizaci\u00f3n, ingeniero Miguel Vargas Maldonado, con la  pretensi\u00f3n de responsabilizar al Partido de la Liberaci\u00f3n Dominicana (PLD).<\/p>\n<p>&#13;<\/p>\n<p align=\"justify\" class=\"text1noticias\">Inform\u00f3 que los  perrede\u00edstas se proponen llevar a cabo sus acciones el viernes y el s\u00e1bado  pr\u00f3ximos en horas de la noche y la madrugada, para lo que han planeado desplazar  por barrios de la Capital a hombres  portando gorras moradas, con la pretendida intensi\u00f3n de simular que se trata de  militantes y simpatizantes pelede\u00edstas.<\/p>\n<p>&#13;<\/p>\n<p align=\"justify\" class=\"text1noticias\"> Precis\u00f3 que el equipo de personeros tiene la encomienda de  rociar con pintura negra y morada los afiches e im\u00e1genes del ingeniero Miguel  Vargas Maldonado, con lo que el PRD busca presentarse como v\u00edctima de una  supuesta persecuci\u00f3n de parte del PLD y del gobierno.<\/p>\n<p>&#13;<\/p>\n<p align=\"justify\" class=\"text1noticias\">Al dejar inauguradas las oficinas del Comando Nacional de  Campa\u00f1a del PLD, Francisco Javier Garc\u00eda atribuy\u00f3 esas acciones a la  desesperaci\u00f3n del aspirante presidencial y de la dirigencia perrede\u00edsta, ante  el indetenible ascenso de la candidatura a la reelecci\u00f3n del presidente Leonel  Fern\u00e1ndez.<\/p>\n<p>&#13;<\/p>\n<p align=\"justify\" class=\"text1noticias\">\u00a8Ya el p\u00e1nico lleg\u00f3 a las fuerzas del PRD y ahora quieren  inventar cosas\u00a8\u00a8, dijo el coordinador nacional de campa\u00f1a, \u00a0al tiempo de asegurar que el PLD nunca ha  utilizado esos m\u00e9todos para hacer campa\u00f1a pol\u00edtica.<\/p>\n<p>&#13;<\/p>\n<p align=\"justify\" class=\"text1noticias\">Francisco Javier Garc\u00eda advirti\u00f3 que el PLD no se va  distraer con esas peque\u00f1eces y que mantendr\u00e1 la marcha incesante hasta el 16 de  mayo venidero, cuando asegur\u00f3, el pueblo le dar\u00e1 una nueva victoria al  presidente Leonel Fern\u00e1ndez para que dirija la naci\u00f3n por cuatro a\u00f1os m\u00e1s.<\/p>\n<p>&#13;<\/p>\n<p align=\"justify\" class=\"text1noticias\">Anunci\u00f3 que el Leonel Fern\u00e1ndez continuar\u00e1 sus actividades  proselitistas el viernes en San Crist\u00f3bal, el s\u00e1bado en Peravia y el domingo  concluir\u00e1 en Azua para reforzar sus contactos con las bases, la militancia y  simpatizantes pelede\u00edstas a nivel nacional.<\/p>\n<p>&#13;<\/p>\n<p align=\"justify\" class=\"text1noticias\">El presidente Fern\u00e1ndez cort\u00f3 la cinta para dejar formalmente  inauguradas las instalaciones del Comando de Campa\u00f1a, donde funcionar\u00e1n varias  de las unidades que componen la plataforma promocional de su candidatura por un  nuevo mandato en la direcci\u00f3n del Estado.<\/p>\n<p>&#13;<\/p>\n<p align=\"justify\" class=\"text1noticias\">A la actividad asistieron el vicepresidente, doctor Rafael  Alburquerque, el secretario general pelede\u00edsta, doctor Reynaldo Pared P\u00e9rez, el  ex vicepresidente, doctor Jaime David Fern\u00e1ndez Mirabal, los miembros de los  Comit\u00e9s Pol\u00edtico y Central del Comit\u00e9 Nacional de Campa\u00f1a.<\/p>\n<p>&#13;<\/p>\n<h6> 2008-01-16 01:54:29 <\/h6>\n<p><!--\n<link rel=\"stylesheet\" href=\"css\/bootstrap.min.css\">\n\n\n<ul class=\"pagination\">\n\t    \n\t\n\n<li >\n\t<a href='?page_no=34366'>Previous<\/a>\n\t<\/li>\n\n\n       \n    \n\n<li><a href='?page_no=1'>1<\/a><\/li>\n\n\n\n<li><a href='?page_no=2'>2<\/a><\/li>\n\n\n\n<li><a>...<\/a><\/li>\n\n\n\n<li><a href='?page_no=34365'>34365<\/a><\/li>\n\n\n\n<li><a href='?page_no=34366'>34366<\/a><\/li>\n\n\n\n<li class='active'><a>34367<\/a><\/li>\n\n\n\n<li><a href='?page_no=34368'>34368<\/a><\/li>\n\n\n\n<li><a href='?page_no=34369'>34369<\/a><\/li>\n\n\n\n<li><a>...<\/a><\/li>\n\n\n\n<li><a href='?page_no=36999'>36999<\/a><\/li>\n\n\n\n<li><a href='?page_no=37000'>37000<\/a><\/li>\n\n    \n\t\n\n<li >\n\t<a href='?page_no=34368'>Next<\/a>\n\t<\/li>\n\n\n    \n\n<li><a href='?page_no=37000'>Last &rsaquo;&rsaquo;<\/a><\/li>\n\n<\/ul>\n\n\n--><br \/>\n<\/body><\/p>\n","protected":false},"excerpt":{"rendered":"<p>Francisco Javier denuncia plan del PRD &#13; Santo Domingo.- El licenciado Francisco Javier Garc\u00eda, coordinador de campa\u00f1a del presidente, doctor Leonel Fern\u00e1ndez, denunci\u00f3 que la dirigencia del Partido Revolucionario Dominicano (PRD) tiene orquestado un plan para destruir la propaganda pol\u00edtica del aspirante presidencial de esa organizaci\u00f3n, ingeniero Miguel Vargas Maldonado, con la pretensi\u00f3n de responsabilizar [&hellip;]<\/p>\n","protected":false},"author":3,"featured_media":0,"comment_status":"open","ping_status":"open","sticky":false,"template":"","format":"standard","meta":{"footnotes":""},"categories":[22],"tags":[],"class_list":["post-191619","post","type-post","status-publish","format-standard","hentry","category-politica"],"_links":{"self":[{"href":"https:\/\/diariodominicano.com\/index.php?rest_route=\/wp\/v2\/posts\/191619","targetHints":{"allow":["GET"]}}],"collection":[{"href":"https:\/\/diariodominicano.com\/index.php?rest_route=\/wp\/v2\/posts"}],"about":[{"href":"https:\/\/diariodominicano.com\/index.php?rest_route=\/wp\/v2\/types\/post"}],"author":[{"embeddable":true,"href":"https:\/\/diariodominicano.com\/index.php?rest_route=\/wp\/v2\/users\/3"}],"replies":[{"embeddable":true,"href":"https:\/\/diariodominicano.com\/index.php?rest_route=%2Fwp%2Fv2%2Fcomments&post=191619"}],"version-history":[{"count":0,"href":"https:\/\/diariodominicano.com\/index.php?rest_route=\/wp\/v2\/posts\/191619\/revisions"}],"wp:attachment":[{"href":"https:\/\/diariodominicano.com\/index.php?rest_route=%2Fwp%2Fv2%2Fmedia&parent=191619"}],"wp:term":[{"taxonomy":"category","embeddable":true,"href":"https:\/\/diariodominicano.com\/index.php?rest_route=%2Fwp%2Fv2%2Fcategories&post=191619"},{"taxonomy":"post_tag","embeddable":true,"href":"https:\/\/diariodominicano.com\/index.php?rest_route=%2Fwp%2Fv2%2Ftags&post=191619"}],"curies":[{"name":"wp","href":"https:\/\/api.w.org\/{rel}","templated":true}]}}