{"id":191617,"date":"2008-01-16T02:07:28","date_gmt":"2008-01-16T02:07:28","guid":{"rendered":"http:\/\/diariodominicano.ddns.net\/?p=191617"},"modified":"2008-01-16T02:07:28","modified_gmt":"2008-01-16T02:07:28","slug":"fedomu-pide-gobierno-que-regule-la-aplicacion-de-la-ley-para-regular-los-salarios","status":"publish","type":"post","link":"https:\/\/diariodominicano.com\/?p=191617","title":{"rendered":"FEDOMU pide Gobierno que regule la aplicaci\u00f3n de la ley, para regular los salarios"},"content":{"rendered":"<p><body><\/p>\n<p align=\"justify\" class=\"titulogrande1\">FEDOMU  pide Gobierno que regule la aplicaci\u00f3n  de la ley, para regular los salarios<\/p>\n<p>&#13;<\/p>\n<p align=\"justify\" class=\"text1noticias\"><strong>SANTO DOMINGO.-<\/strong> La Federaci\u00f3n Dominicana  de Municipios (FEDOMU) pidi\u00f3 al Gobierno la elaboraci\u00f3n de los reglamentos de  aplicaci\u00f3n de la ley 176-07 para regular los reajustes salariales de los  regidores.<\/p>\n<p>&#13;<\/p>\n<p align=\"justify\" class=\"text1noticias\">El presidente\u00a0 de \u00a0FEDOMU, \u00a0Fausto Ruiz, dijo \u00a0que deplora que desde hace un tiempo la  sociedad dominicana viene dando indicios de degradaci\u00f3n de la vida p\u00fablica y  privada, atribuido a la manera como se aumentan los salarios representantes de  diferentes instituciones, incluidos los ayuntamientos.<\/p>\n<p>&#13;<\/p>\n<p align=\"justify\" class=\"text1noticias\">\u201cEntre tantos esc\u00e1ndalos  estamos asistiendo como testigos, a la explosi\u00f3n en distintos litorales de la  administraci\u00f3n p\u00fablica de una verdadera anarqu\u00eda salarial, de una discrecionalidad  irresponsable en la asignaci\u00f3n y auto-asignaci\u00f3n de sueldos y salarios que es  manifestaci\u00f3n de la crisis se\u00f1alada\u201d expres\u00f3.<\/p>\n<p>&#13;<\/p>\n<p align=\"justify\" class=\"text1noticias\">Dijo que los ediles est\u00e1n  comprometidos a que el presupuesto de los ayuntamientos se destine  principalmente al impulso del desarrollo local sostenible, a la generaci\u00f3n de  empleos, a la lucha contra la pobreza y al combate de la delincuencia.<\/p>\n<p>&#13;<\/p>\n<p align=\"justify\" class=\"text1noticias\">Ruiz llam\u00f3 a sus hom\u00f3logos a  permanecer al margen de esa situaci\u00f3n, en una reuni\u00f3n en la que algunos de sus  compa\u00f1eros refiriendo a la ley 176-07, en su cap\u00edtulo 89, art\u00edculos uno y dos  que establece la escala de sueldo de los ediles.<\/p>\n<p>&#13;<\/p>\n<p align=\"justify\" class=\"text1noticias\">La s\u00cdndica Amantina G\u00f3mez,  del municipio de Navarrete, aunque expres\u00f3 que no est\u00e1 de acuerdo con los  aumentos en los cabildos dijo que son legales y proporcionales a lo que  establece la legislaci\u00f3n.<\/p>\n<p>&#13;<\/p>\n<p align=\"justify\" class=\"text1noticias\">\u201cEl p\u00e1rrafo 1 de del art\u00edculo  89 de la ley 137-07, establece que el vicesindico\u00a0 devengar\u00e1 un sueldo mensual de hasta el 60  por ciento del que le corresponde al s\u00edndico y en p\u00e1rrafo II dice que\u00a0 el presidente o vicepresiente de la sala del  consejo percibir\u00e1,\u00a0 en concepto de  retribuciones un 25 por ciento y un 10 por ciento respectivamente, m\u00e1s que la  cantidad autorizada a los\u00a0 dem\u00e1s regidores\u201d  explic\u00f3 G\u00f3mez.<\/p>\n<p>&#13;<\/p>\n<p align=\"justify\" class=\"text1noticias\">Agreg\u00f3 que como ning\u00fan  regidor debe ganar m\u00e1s que el\u00a0 vicesindico,  cuando el presidente de la   Sala Capitular se aumenta ese 25 y el 10 por ciento,  autom\u00e1ticamente el sueldo del sindico y vicesindico tambi\u00e9n se incrementa. <\/p>\n<p>&#13;<\/p>\n<p align=\"justify\" class=\"text1noticias\">\u201cNo lo favorecemos esos aumentos porque  nosotros como administradores que somos, no vamos a recibir un aumento en el  Presupuesto que pueda soportar eso\u201d indic\u00f3 la edil. <\/p>\n<p>&#13;<\/p>\n<p align=\"justify\" class=\"text1noticias\">De acuerdo a la ley  municipal, el 25 por ciento de los ingresos que reciben los ayuntamientos se  destina a\u00a0 la n\u00f3mina,\u00a0 lo que indica que cuando se aumentan los  ediles, se reduce la n\u00f3mina con la cancelaci\u00f3n de los empleados que menos  ingresos reciben.<\/p>\n<p>&#13;<\/p>\n<h6> 2008-01-16 02:07:28 <\/h6>\n<p><!--\n<link rel=\"stylesheet\" href=\"css\/bootstrap.min.css\">\n\n\n<ul class=\"pagination\">\n\t    \n\t\n\n<li >\n\t<a href='?page_no=34364'>Previous<\/a>\n\t<\/li>\n\n\n       \n    \n\n<li><a href='?page_no=1'>1<\/a><\/li>\n\n\n\n<li><a href='?page_no=2'>2<\/a><\/li>\n\n\n\n<li><a>...<\/a><\/li>\n\n\n\n<li><a href='?page_no=34363'>34363<\/a><\/li>\n\n\n\n<li><a href='?page_no=34364'>34364<\/a><\/li>\n\n\n\n<li class='active'><a>34365<\/a><\/li>\n\n\n\n<li><a href='?page_no=34366'>34366<\/a><\/li>\n\n\n\n<li><a href='?page_no=34367'>34367<\/a><\/li>\n\n\n\n<li><a>...<\/a><\/li>\n\n\n\n<li><a href='?page_no=36999'>36999<\/a><\/li>\n\n\n\n<li><a href='?page_no=37000'>37000<\/a><\/li>\n\n    \n\t\n\n<li >\n\t<a href='?page_no=34366'>Next<\/a>\n\t<\/li>\n\n\n    \n\n<li><a href='?page_no=37000'>Last &rsaquo;&rsaquo;<\/a><\/li>\n\n<\/ul>\n\n\n--><br \/>\n<\/body><\/p>\n","protected":false},"excerpt":{"rendered":"<p>FEDOMU pide Gobierno que regule la aplicaci\u00f3n de la ley, para regular los salarios &#13; SANTO DOMINGO.- La Federaci\u00f3n Dominicana de Municipios (FEDOMU) pidi\u00f3 al Gobierno la elaboraci\u00f3n de los reglamentos de aplicaci\u00f3n de la ley 176-07 para regular los reajustes salariales de los regidores. &#13; El presidente\u00a0 de \u00a0FEDOMU, \u00a0Fausto Ruiz, dijo \u00a0que deplora [&hellip;]<\/p>\n","protected":false},"author":3,"featured_media":0,"comment_status":"open","ping_status":"open","sticky":false,"template":"","format":"standard","meta":{"footnotes":""},"categories":[22],"tags":[],"class_list":["post-191617","post","type-post","status-publish","format-standard","hentry","category-politica"],"_links":{"self":[{"href":"https:\/\/diariodominicano.com\/index.php?rest_route=\/wp\/v2\/posts\/191617","targetHints":{"allow":["GET"]}}],"collection":[{"href":"https:\/\/diariodominicano.com\/index.php?rest_route=\/wp\/v2\/posts"}],"about":[{"href":"https:\/\/diariodominicano.com\/index.php?rest_route=\/wp\/v2\/types\/post"}],"author":[{"embeddable":true,"href":"https:\/\/diariodominicano.com\/index.php?rest_route=\/wp\/v2\/users\/3"}],"replies":[{"embeddable":true,"href":"https:\/\/diariodominicano.com\/index.php?rest_route=%2Fwp%2Fv2%2Fcomments&post=191617"}],"version-history":[{"count":0,"href":"https:\/\/diariodominicano.com\/index.php?rest_route=\/wp\/v2\/posts\/191617\/revisions"}],"wp:attachment":[{"href":"https:\/\/diariodominicano.com\/index.php?rest_route=%2Fwp%2Fv2%2Fmedia&parent=191617"}],"wp:term":[{"taxonomy":"category","embeddable":true,"href":"https:\/\/diariodominicano.com\/index.php?rest_route=%2Fwp%2Fv2%2Fcategories&post=191617"},{"taxonomy":"post_tag","embeddable":true,"href":"https:\/\/diariodominicano.com\/index.php?rest_route=%2Fwp%2Fv2%2Ftags&post=191617"}],"curies":[{"name":"wp","href":"https:\/\/api.w.org\/{rel}","templated":true}]}}