{"id":191616,"date":"2008-01-16T02:20:22","date_gmt":"2008-01-16T02:20:22","guid":{"rendered":"http:\/\/diariodominicano.ddns.net\/?p=191616"},"modified":"2008-01-16T02:20:22","modified_gmt":"2008-01-16T02:20:22","slug":"aristy-castro-ve-descarada-forma-funcionarios-tratan-de-manejar-la-opinion-publica","status":"publish","type":"post","link":"https:\/\/diariodominicano.com\/?p=191616","title":{"rendered":"Aristy Castro ve descarada forma funcionarios tratan de manejar la opini\u00f3n p\u00fablica"},"content":{"rendered":"<p><body><\/p>\n<p align=\"justify\" class=\"titulogrande1\">Aristy  Castro ve descarada forma funcionarios tratan  de manejar la opini\u00f3n p\u00fablica <\/p>\n<p>&#13;<\/p>\n<p align=\"justify\" class=\"text1noticias\"><strong><img loading=\"lazy\" decoding=\"async\" src=\"http:\/\/localhost:8080\/pictures\/amablearisty.jpg\" width=\"269\" height=\"320\" hspace=\"4\" align=\"left\" \/>SANTO DOMINGO.-<\/strong> El candidato  presidencial por el Partido Reformista Social Cristiano (PRSC) consider\u00f3 que es  descarada la forma en que algunos funcionarios p\u00fablicos, han tratado de manejar  a la opini\u00f3n p\u00fablica, con el fin de convencerla de que la renovaci\u00f3n del  acuerdo con el Fondo Monetario Internacional (FMI) representa un peligro para  la democracia dominicana.<\/p>\n<p>&#13;<\/p>\n<p align=\"justify\" class=\"text1noticias\">Amable Aristy Castro acus\u00f3 al  gobierno \u00a0de poner trabas a los  inversionistas y al sector turismo que impiden su desarrollo. Tambi\u00e9n se  refiri\u00f3 a la inseguridad pol\u00edtica y al costo elevado de la energ\u00eda el\u00e9ctrica.<\/p>\n<p>&#13;<\/p>\n<p align=\"justify\" class=\"text1noticias\"> Indic\u00f3 que entre sus planes  de gobierno est\u00e1 el desarrollo de la regi\u00f3n Sur en materia tur\u00edstica, la  construcci\u00f3n de viviendas para los dominicanos indigentes y la mejor\u00eda de los  servicios de salud.<\/p>\n<p>&#13;<\/p>\n<p align=\"justify\" class=\"text1noticias\">Critic\u00f3 que el gobierno gaste  15 mil millones en publicidad \u201cen tratar comprar conciencia y confundir a la  opini\u00f3n p\u00fablica en vez invertir en obras prioritarias del pa\u00eds\u201d.<\/p>\n<p>&#13;<\/p>\n<p align=\"justify\" class=\"text1noticias\">Las declaraciones del  candidato reformista se produjeron durante un encuentro con miembros del  Consejo Nacional de la   Empresa Privada (Conep), encabezado por su presidente  Lisandro Macarrulla, el cual tambi\u00e9n declar\u00f3 el apoyo de la instituci\u00f3n que  preside para que el Gobierno renueve sus negociaciones con el FMI, las cuales  finalizar\u00e1n el 31 de este mes.<\/p>\n<p>&#13;<\/p>\n<p align=\"justify\" class=\"text1noticias\">\u201cEl acuerdo que apoyamos no  tiene que ser necesariamente similar al actualmente vigente, puede ser en otra  modalidad, pero creemos que es necesario una tutela como la del Fondo para  fortalecer la confianza de los inversionistas\u201d, declar\u00f3 Macarrulla.<\/p>\n<p>&#13;<\/p>\n<p align=\"justify\" class=\"text1noticias\">Agreg\u00f3 que la forma de hacer  pol\u00edtica en el pa\u00eds, se caracteriza por el clientelismo y que por ello, se hace  necesario establecer un limitante que ayude a que los empresarios tambi\u00e9n se  sientan seguros y confiados respecto al destino del pa\u00eds.<\/p>\n<p>&#13;<\/p>\n<p align=\"justify\" class=\"text1noticias\">El encuentro con los  diferentes candidatos a la presidencia que realiza el Conep, forma parte de una  jornada establecida por esa instituci\u00f3n con el fin de intercambiar ideas e  inquietudes acerca de los temas que inciden en el desarrollo del pa\u00eds. Lisandro  Macarrulla dijo que el pr\u00f3ximo invitado ser\u00eda el presidente Leonel Fern\u00e1ndez,  pero que a\u00fan no se ha establecido la fecha del encuentro. <\/p>\n<p>&#13;<\/p>\n<h6> 2008-01-16 02:20:22 <\/h6>\n<p><!--\n<link rel=\"stylesheet\" href=\"css\/bootstrap.min.css\">\n\n\n<ul class=\"pagination\">\n\t    \n\t\n\n<li >\n\t<a href='?page_no=34363'>Previous<\/a>\n\t<\/li>\n\n\n       \n    \n\n<li><a href='?page_no=1'>1<\/a><\/li>\n\n\n\n<li><a href='?page_no=2'>2<\/a><\/li>\n\n\n\n<li><a>...<\/a><\/li>\n\n\n\n<li><a href='?page_no=34362'>34362<\/a><\/li>\n\n\n\n<li><a href='?page_no=34363'>34363<\/a><\/li>\n\n\n\n<li class='active'><a>34364<\/a><\/li>\n\n\n\n<li><a href='?page_no=34365'>34365<\/a><\/li>\n\n\n\n<li><a href='?page_no=34366'>34366<\/a><\/li>\n\n\n\n<li><a>...<\/a><\/li>\n\n\n\n<li><a href='?page_no=36999'>36999<\/a><\/li>\n\n\n\n<li><a href='?page_no=37000'>37000<\/a><\/li>\n\n    \n\t\n\n<li >\n\t<a href='?page_no=34365'>Next<\/a>\n\t<\/li>\n\n\n    \n\n<li><a href='?page_no=37000'>Last &rsaquo;&rsaquo;<\/a><\/li>\n\n<\/ul>\n\n\n--><br \/>\n<\/body><\/p>\n","protected":false},"excerpt":{"rendered":"<p>Aristy Castro ve descarada forma funcionarios tratan de manejar la opini\u00f3n p\u00fablica &#13; SANTO DOMINGO.- El candidato presidencial por el Partido Reformista Social Cristiano (PRSC) consider\u00f3 que es descarada la forma en que algunos funcionarios p\u00fablicos, han tratado de manejar a la opini\u00f3n p\u00fablica, con el fin de convencerla de que la renovaci\u00f3n del acuerdo [&hellip;]<\/p>\n","protected":false},"author":3,"featured_media":0,"comment_status":"open","ping_status":"open","sticky":false,"template":"","format":"standard","meta":{"footnotes":""},"categories":[22],"tags":[],"class_list":["post-191616","post","type-post","status-publish","format-standard","hentry","category-politica"],"_links":{"self":[{"href":"https:\/\/diariodominicano.com\/index.php?rest_route=\/wp\/v2\/posts\/191616","targetHints":{"allow":["GET"]}}],"collection":[{"href":"https:\/\/diariodominicano.com\/index.php?rest_route=\/wp\/v2\/posts"}],"about":[{"href":"https:\/\/diariodominicano.com\/index.php?rest_route=\/wp\/v2\/types\/post"}],"author":[{"embeddable":true,"href":"https:\/\/diariodominicano.com\/index.php?rest_route=\/wp\/v2\/users\/3"}],"replies":[{"embeddable":true,"href":"https:\/\/diariodominicano.com\/index.php?rest_route=%2Fwp%2Fv2%2Fcomments&post=191616"}],"version-history":[{"count":0,"href":"https:\/\/diariodominicano.com\/index.php?rest_route=\/wp\/v2\/posts\/191616\/revisions"}],"wp:attachment":[{"href":"https:\/\/diariodominicano.com\/index.php?rest_route=%2Fwp%2Fv2%2Fmedia&parent=191616"}],"wp:term":[{"taxonomy":"category","embeddable":true,"href":"https:\/\/diariodominicano.com\/index.php?rest_route=%2Fwp%2Fv2%2Fcategories&post=191616"},{"taxonomy":"post_tag","embeddable":true,"href":"https:\/\/diariodominicano.com\/index.php?rest_route=%2Fwp%2Fv2%2Ftags&post=191616"}],"curies":[{"name":"wp","href":"https:\/\/api.w.org\/{rel}","templated":true}]}}