{"id":191613,"date":"2008-01-16T16:01:37","date_gmt":"2008-01-16T16:01:37","guid":{"rendered":"http:\/\/diariodominicano.ddns.net\/?p=191613"},"modified":"2008-01-16T16:01:37","modified_gmt":"2008-01-16T16:01:37","slug":"asesor-del-bid-en-el-palacio-nacional-cree-positiva-la-reeleccion-pero-con-limites","status":"publish","type":"post","link":"https:\/\/diariodominicano.com\/?p=191613","title":{"rendered":"Asesor del BID en el Palacio Nacional cree positiva la reelecci\u00f3n, pero con l\u00edmites"},"content":{"rendered":"<p><body><\/p>\n<p align=\"justify\" class=\"titulogrande1\"><strong>Asesor del BID en el Palacio Nacional  cree positiva la reelecci\u00f3n, pero con l\u00edmites <\/strong><\/p>\n<p>&#13;<\/p>\n<p align=\"justify\"><strong>Agrega  que por eso entiende que debe operar un l\u00edmite a la reelecci\u00f3n presidencial y  cree que la reelecci\u00f3n mas all\u00e1 de dos periodos consecutivos es un serio  problema <\/strong><\/p>\n<p>&#13;<\/p>\n<p align=\"justify\" class=\"text1noticias\"><strong><img loading=\"lazy\" decoding=\"async\" src=\"http:\/\/localhost:8080\/pictures\/banco bid.jpg\" width=\"269\" height=\"296\" hspace=\"4\" align=\"left\" \/>SANTO  DOMINGO.-<\/strong> El Asesor Econ\u00f3mico Regional del Banco Interamericano de Desarrollo  (BID), Ernesto Stein declar\u00f3 este martes en horas de la noche que en la  reelecci\u00f3n presidencial puede representar un elemento favorable para la  aplicaci\u00f3n y efectividad de las pol\u00edticas p\u00fablicas, pero advirti\u00f3 que no ser\u00eda  aconsejable que se extienda por m\u00e1s de dos periodos consecutivos.<\/p>\n<p>&#13;<\/p>\n<p align=\"justify\" class=\"text1noticias\">Stein,  de nacionalidad argentina y quien se expres\u00f3 en \u00e9stos t\u00e9rminos en el marco de  una conferencia dictada en el sal\u00f3n Verde, en la tercera planta del Palacio  Nacional, se mostr\u00f3 tambi\u00e9n de acuerdo en que se impongan l\u00edmites a la  reelecci\u00f3n de los legisladores.<\/p>\n<p>&#13;<\/p>\n<p align=\"justify\" class=\"text1noticias\">\u00abYo  creo que en Am\u00e9rica Latina hemos ido avanzando de manera parcial y una mayor  cantidad de pa\u00edses han estado abordando la reelecci\u00f3n presidencial\u201d, coment\u00f3  Stein al final de su conferencia sobre el tema \u201cLa Pol\u00edtica de Las Pol\u00edticas  P\u00fablicas en Am\u00e9rica Latina\u201d, bajo los auspicios de la Secretar\u00eda de Econom\u00eda,  Planificaci\u00f3n y desarrollo.<\/p>\n<p>&#13;<\/p>\n<p align=\"justify\" class=\"text1noticias\">Fue  presentado al auditorio por el titular de esa dependencia estatal, Temistocles  Mont\u00e1s.<\/p>\n<p>&#13;<\/p>\n<p align=\"justify\" class=\"text1noticias\">El  asesor regional del BID en pol\u00edtica econ\u00f3mica enfatiz\u00f3 que cuando los actores  pol\u00edticos tienen horizontes a m\u00e1s largo plazo, como es el caso de la reelecci\u00f3n  presidencial, \u201cpor lo general esto puede facilitar la cooperaci\u00f3n\u201d.<\/p>\n<p>&#13;<\/p>\n<p align=\"justify\" class=\"text1noticias\">No  obstante, advirti\u00f3 que si ese horizonte va m\u00e1s all\u00e1 del tiempo razonablemente  prudente, \u201cposiblemente esto tambi\u00e9n pudiera afectar la estabilidad de las  pol\u00edticas p\u00fablicas\u201d.<\/p>\n<p>&#13;<\/p>\n<p align=\"justify\" class=\"text1noticias\">Por  eso entiende que debe operar un l\u00edmite a la reelecci\u00f3n presidencial. \u201cYo creo  que la reelecci\u00f3n\u00a0 mas all\u00e1 de dos  periodos consecutivos es un serio problema\u201d, agreg\u00f3.<\/p>\n<p>&#13;<\/p>\n<p align=\"justify\" class=\"text1noticias\">Record\u00f3  que \u201cpor suerte\u201d cada vez que esto se ha intentado en Am\u00e9rica Latina, los  gobernantes que han hecho el esfuerzo han encontrado la oposici\u00f3n de fuerzas  pol\u00edticas, incluso a lo interno de sus propios partidos, se\u00f1alando los casos  m\u00e1s recientes de Carlos Menen, en Argentina y Alberto Fujimori en Per\u00fa.<\/p>\n<p>&#13;<\/p>\n<p align=\"justify\" class=\"text1noticias\">Record\u00f3  que Menen intento reelegirse desde el Poder sugiriendo que el primer gobierno suyo  hab\u00eda sido anterior a una reforma constitucional que le prohib\u00eda prepostularse,  pero hubo fuerzas que se les enfrentaron, incluso dentro del propio peronismo.<\/p>\n<p>&#13;<\/p>\n<p align=\"justify\" class=\"text1noticias\">En  el caso de Fujimori, record\u00f3 que un intento por una tercera reelecci\u00f3n  consecutiva provoco su ca\u00edda del poder con las consecuencias ya conocidas.<\/p>\n<p>&#13;<\/p>\n<p align=\"justify\" class=\"text1noticias\">\u201cYo  creo que la reelecci\u00f3n en general, no solamente del Presidente sino de los  legisladores puede ser un elemento favorable siempre que haya la garant\u00eda de  competencia pol\u00edtica necesaria como para que el efecto de ser el inc\u00fambete no  elimine las posibilidades de otros posibles opositores, comento el funcionario  regional del BID.<\/p>\n<p>&#13;<\/p>\n<p align=\"justify\" class=\"text1noticias\">Pero  observ\u00f3 que en el caso dominicano \u201ccuando una mira la percepci\u00f3n de la sociedad  sobre la legitimidad de las elecciones una vez que la gente considera que esos  comicios son leg\u00edtimos, entonces este es un elemento de competencia pol\u00edtica,  adem\u00e1s de que uno observa que ha habido una gran alternancia de los distintos  partidos en el Poder\u201d.<\/p>\n<p>&#13;<\/p>\n<p align=\"justify\" class=\"text1noticias\">Stein  sostuvo que los riesgos a permitir una segunda reelecci\u00f3n presidencial en  pa\u00edses con las caracter\u00edsticas de Rep\u00fablica Dominicana \u201cson potencialmente  menores\u201d.<\/p>\n<p>&#13;<\/p>\n<p align=\"justify\" class=\"text1noticias\">El  tema de la reelecci\u00f3n en el marco de la conferencia fue incluido por medio de  una pregunta que uno de los presentes hizo al charlista en torno a los riesgos  que implica una repostulaci\u00f3n presidencial en la efectividad de las pol\u00edticas  publicas.<\/p>\n<p>&#13;<\/p>\n<p align=\"justify\" class=\"text1noticias\">Para  Stein es un elemento positivo el caso de legisladores que pasan mucho tiempo en  el Congreso acumulando capacidades y experiencia, lo que les facilita entrar en  negociaciones temporales con el Ejecutivo u otras fuerzas pol\u00edticas.<\/p>\n<p>&#13;<\/p>\n<p align=\"justify\" class=\"text1noticias\">\u201cPero  tambi\u00e9n no me parecer\u00eda correcto que los legisladores se perpet\u00faen en el  congreso sin ning\u00fan tipo de limitaciones\u201d, dijo Stein, quien revelo que algunos  pa\u00edses est\u00e1n ya trabajando para imponer limites a este ejercicio prolongado en  el Congreso.<\/p>\n<p>&#13;<\/p>\n<p align=\"justify\" class=\"text1noticias\">Stein  fue presentado por el Secretario de Econom\u00eda, Planificaci\u00f3n y Desarrollo,  ingeniero Temistocles Montas. <\/p>\n<p>&#13;<\/p>\n<h6> 2008-01-16 16:01:37 <\/h6>\n<p><!--\n<link rel=\"stylesheet\" href=\"css\/bootstrap.min.css\">\n\n\n<ul class=\"pagination\">\n\t    \n\t\n\n<li >\n\t<a href='?page_no=34360'>Previous<\/a>\n\t<\/li>\n\n\n       \n    \n\n<li><a href='?page_no=1'>1<\/a><\/li>\n\n\n\n<li><a href='?page_no=2'>2<\/a><\/li>\n\n\n\n<li><a>...<\/a><\/li>\n\n\n\n<li><a href='?page_no=34359'>34359<\/a><\/li>\n\n\n\n<li><a href='?page_no=34360'>34360<\/a><\/li>\n\n\n\n<li class='active'><a>34361<\/a><\/li>\n\n\n\n<li><a href='?page_no=34362'>34362<\/a><\/li>\n\n\n\n<li><a href='?page_no=34363'>34363<\/a><\/li>\n\n\n\n<li><a>...<\/a><\/li>\n\n\n\n<li><a href='?page_no=36999'>36999<\/a><\/li>\n\n\n\n<li><a href='?page_no=37000'>37000<\/a><\/li>\n\n    \n\t\n\n<li >\n\t<a href='?page_no=34362'>Next<\/a>\n\t<\/li>\n\n\n    \n\n<li><a href='?page_no=37000'>Last &rsaquo;&rsaquo;<\/a><\/li>\n\n<\/ul>\n\n\n--><br \/>\n<\/body><\/p>\n","protected":false},"excerpt":{"rendered":"<p>Asesor del BID en el Palacio Nacional cree positiva la reelecci\u00f3n, pero con l\u00edmites &#13; Agrega que por eso entiende que debe operar un l\u00edmite a la reelecci\u00f3n presidencial y cree que la reelecci\u00f3n mas all\u00e1 de dos periodos consecutivos es un serio problema &#13; SANTO DOMINGO.- El Asesor Econ\u00f3mico Regional del Banco Interamericano de [&hellip;]<\/p>\n","protected":false},"author":3,"featured_media":0,"comment_status":"open","ping_status":"open","sticky":false,"template":"","format":"standard","meta":{"footnotes":""},"categories":[22],"tags":[],"class_list":["post-191613","post","type-post","status-publish","format-standard","hentry","category-politica"],"_links":{"self":[{"href":"https:\/\/diariodominicano.com\/index.php?rest_route=\/wp\/v2\/posts\/191613","targetHints":{"allow":["GET"]}}],"collection":[{"href":"https:\/\/diariodominicano.com\/index.php?rest_route=\/wp\/v2\/posts"}],"about":[{"href":"https:\/\/diariodominicano.com\/index.php?rest_route=\/wp\/v2\/types\/post"}],"author":[{"embeddable":true,"href":"https:\/\/diariodominicano.com\/index.php?rest_route=\/wp\/v2\/users\/3"}],"replies":[{"embeddable":true,"href":"https:\/\/diariodominicano.com\/index.php?rest_route=%2Fwp%2Fv2%2Fcomments&post=191613"}],"version-history":[{"count":0,"href":"https:\/\/diariodominicano.com\/index.php?rest_route=\/wp\/v2\/posts\/191613\/revisions"}],"wp:attachment":[{"href":"https:\/\/diariodominicano.com\/index.php?rest_route=%2Fwp%2Fv2%2Fmedia&parent=191613"}],"wp:term":[{"taxonomy":"category","embeddable":true,"href":"https:\/\/diariodominicano.com\/index.php?rest_route=%2Fwp%2Fv2%2Fcategories&post=191613"},{"taxonomy":"post_tag","embeddable":true,"href":"https:\/\/diariodominicano.com\/index.php?rest_route=%2Fwp%2Fv2%2Ftags&post=191613"}],"curies":[{"name":"wp","href":"https:\/\/api.w.org\/{rel}","templated":true}]}}