{"id":191612,"date":"2008-01-16T16:12:33","date_gmt":"2008-01-16T16:12:33","guid":{"rendered":"http:\/\/diariodominicano.ddns.net\/?p=191612"},"modified":"2008-01-16T16:12:33","modified_gmt":"2008-01-16T16:12:33","slug":"francisco-javier-trazara-estrategia-electoral-en-nueva-york","status":"publish","type":"post","link":"https:\/\/diariodominicano.com\/?p=191612","title":{"rendered":"Francisco Javier trazar\u00e1 estrategia electoral en Nueva York"},"content":{"rendered":"<p><body><\/p>\n<p class=\"titulogrande1\">Francisco Javier trazar\u00e1 estrategia electoral en  Nueva York \u00a0\u00a0\u00a0\u00a0\u00a0 <\/p>\n<p>&#13;<\/p>\n<p align=\"justify\" class=\"text1noticias\"><strong><img loading=\"lazy\" decoding=\"async\" src=\"http:\/\/localhost:8080\/pictures\/francisco javier pic.jpg\" width=\"269\" height=\"297\" hspace=\"4\" align=\"left\" \/>Santo Domingo.-<\/strong> El  director del Comando Nacional de Campa\u00f1a del presidente Leonel Fern\u00e1ndez,  licenciado Francisco Javier Garc\u00eda, trazar\u00e1 este jueves\u00a0 la estrategia general para que el Partido de la Liberaci\u00f3n Dominicana  y sus aliados en Nueva York obtengan la victoria en la primera vuelta de las  elecciones de mayo pr\u00f3ximo.<\/p>\n<p>&#13;<\/p>\n<p align=\"justify\" class=\"text1noticias\"> Con  ese objetivo, el dirigente pol\u00edtico, junto a otros lideres del PLD, sostendr\u00e1  varios encuentros con la dirigencia del partido morado en Nueva York, a la que  definir\u00e1 la l\u00ednea general de campa\u00f1a con el prop\u00f3sito de que el presidente  Fern\u00e1ndez sea reelecto en la primera vuelta.<\/p>\n<p>&#13;<\/p>\n<p align=\"justify\" class=\"text1noticias\"> El  tambi\u00e9n miembro del Comit\u00e9 Pol\u00edtico ofrecer\u00e1 una rueda de prensa con los medios  de comunicaci\u00f3n de la urbe neoyorquina, el jueves a las 3:00 de la tarde, en el  restaurant Ambaroom, ubicado en la avenida 10 esquina calle 203, en el alto  Manhattan.<\/p>\n<p>&#13;<\/p>\n<p align=\"justify\" class=\"text1noticias\"> Junto  a Garc\u00eda estar\u00e1n el licenciado Jos\u00e9 Ram\u00f3n Fadul, miembro del Comit\u00e9 Central y  la direcci\u00f3n estatal del partido oficialista en Nueva York.<\/p>\n<p>&#13;<\/p>\n<p align=\"justify\" class=\"text1noticias\"> Durante  su r\u00e1pida visita pol\u00edtica a Nueva York, Francisco Javier sostendr\u00e1 un encuentro  con la direcci\u00f3n del comit\u00e9 estatal de campa\u00f1a y con los movimientos y grupos  de apoyo externo que respaldan la candidatura del presidente Fern\u00e1ndez.<\/p>\n<p>&#13;<\/p>\n<p align=\"justify\" class=\"text1noticias\"> Tambi\u00e9n  encabezar\u00e1 una asamblea general, el mismo jueves a las 6:00 de la tarde, en el  local del Sector Externo, situado en el 555 de la calle 157 casi esquina  Broadway. <\/p>\n<p>&#13;<\/p>\n<p align=\"justify\" class=\"text1noticias\"> Al  dar a conocer la visita de los dirigentes nacionales del PLD, el coordinador de  campa\u00f1a en Nueva York, Carlos Feliz destac\u00f3 que esta visita tiene el prop\u00f3sito  de definir la estrategia de campa\u00f1a hasta el 14 de mayo cuando concluye  oficialmente la fase proselitista de las elecciones.<\/p>\n<p>&#13;<\/p>\n<p align=\"justify\" class=\"text1noticias\"> A\u00f1adi\u00f3  que luego de concluido el proceso de empadronamiento a cargo de la Junta Central  Electoral, la direcci\u00f3n de campa\u00f1a en el estado de Nueva York se concentrar\u00e1  ahora en el trabajo electoral propio de una campa\u00f1a, por lo que la estrategia  que trazar\u00e1 Francisco Javier Garc\u00eda ser\u00e1 el arranque final hacia la victoria  del presidente Fern\u00e1ndez.<\/p>\n<p>&#13;<\/p>\n<p align=\"justify\" class=\"text1noticias\">\u201cLuego  del gran trabajo llevado a cabo por los pelede\u00edstas para registrar el gran  n\u00famero de empadronados que logramos, arrancamos con la campa\u00f1a para lograr que  el presidente Fern\u00e1ndez alcance una victoria arrolladora en las elecciones de  mayo en Nueva York, tal como ocurri\u00f3 en el 2004 cuando gan\u00f3 con el 73% de los  votos\u201d, expres\u00f3 Feliz.<\/p>\n<p>&#13;<\/p>\n<p align=\"justify\" class=\"text1noticias\"> Dijo  que \u201cnuestros adversarios saben que con el inicio formal de la campa\u00f1a y la  proclamaci\u00f3n de Leonel Fern\u00e1ndez el 27 de enero, el PLD y sus fuerzas aliadas  no se detendr\u00e1n hasta reelegir al presidente con una votaci\u00f3n igual o superior  a la obtenida en el 2004\u201d.<\/p>\n<p>&#13;<\/p>\n<p align=\"justify\" class=\"text1noticias\"> Record\u00f3  que el presidente Fern\u00e1ndez ha logrado integrar un frente encabezado por el PLD  que resulta pr\u00e1cticamente imbatible.\u00a0 <br \/>&#13;<br \/>\n\u00a0\u00a0\u00a0\u00a0\u00a0\u00a0\u00a0\u00a0 \u00a0\u00a0\u00a0 <br \/>&#13;<br \/>\n El  presidente Fern\u00e1ndez es candidato, adem\u00e1s del PLD, de los partidos de los  Trabajadores Dominicanos (PTD), Fuerza Nacional Progresista (FNP), Liberal la Estructura (PLE),  Bloque Institucional Social Dem\u00f3crata (BIS); Popular Cristiano (PPC),  Renacentista Nacional (PRN), Alianza por la Democracia (APD), Uni\u00f3n  Dem\u00f3crata Cristiana (UDC), Popular Reformista (PPR), Quisqueyano Dem\u00f3crata  (PQDC), de la Unidad   Nacional (PUN), Nacional de Veteranos y Civiles (PNVC) y  Dem\u00f3crata Popular (PDP). <\/p>\n<p>&#13;<\/p>\n<p align=\"justify\" class=\"text1noticias\"> Tambi\u00e9n  es apoyado por el Consejo Presidencial Reformista que encabeza el canciller  Carlos Morales Troncoso, y cientos de movimientos de apoyo tanto en el pa\u00eds  como en el exterior.<\/p>\n<p>&#13;<\/p>\n<h6> 2008-01-16 16:12:33 <\/h6>\n<p><!--\n<link rel=\"stylesheet\" href=\"css\/bootstrap.min.css\">\n\n\n<ul class=\"pagination\">\n\t    \n\t\n\n<li >\n\t<a href='?page_no=34359'>Previous<\/a>\n\t<\/li>\n\n\n       \n    \n\n<li><a href='?page_no=1'>1<\/a><\/li>\n\n\n\n<li><a href='?page_no=2'>2<\/a><\/li>\n\n\n\n<li><a>...<\/a><\/li>\n\n\n\n<li><a href='?page_no=34358'>34358<\/a><\/li>\n\n\n\n<li><a href='?page_no=34359'>34359<\/a><\/li>\n\n\n\n<li class='active'><a>34360<\/a><\/li>\n\n\n\n<li><a href='?page_no=34361'>34361<\/a><\/li>\n\n\n\n<li><a href='?page_no=34362'>34362<\/a><\/li>\n\n\n\n<li><a>...<\/a><\/li>\n\n\n\n<li><a href='?page_no=36999'>36999<\/a><\/li>\n\n\n\n<li><a href='?page_no=37000'>37000<\/a><\/li>\n\n    \n\t\n\n<li >\n\t<a href='?page_no=34361'>Next<\/a>\n\t<\/li>\n\n\n    \n\n<li><a href='?page_no=37000'>Last &rsaquo;&rsaquo;<\/a><\/li>\n\n<\/ul>\n\n\n--><br \/>\n<\/body><\/p>\n","protected":false},"excerpt":{"rendered":"<p>Francisco Javier trazar\u00e1 estrategia electoral en Nueva York \u00a0\u00a0\u00a0\u00a0\u00a0 &#13; Santo Domingo.- El director del Comando Nacional de Campa\u00f1a del presidente Leonel Fern\u00e1ndez, licenciado Francisco Javier Garc\u00eda, trazar\u00e1 este jueves\u00a0 la estrategia general para que el Partido de la Liberaci\u00f3n Dominicana y sus aliados en Nueva York obtengan la victoria en la primera vuelta de [&hellip;]<\/p>\n","protected":false},"author":3,"featured_media":0,"comment_status":"open","ping_status":"open","sticky":false,"template":"","format":"standard","meta":{"footnotes":""},"categories":[22],"tags":[],"class_list":["post-191612","post","type-post","status-publish","format-standard","hentry","category-politica"],"_links":{"self":[{"href":"https:\/\/diariodominicano.com\/index.php?rest_route=\/wp\/v2\/posts\/191612","targetHints":{"allow":["GET"]}}],"collection":[{"href":"https:\/\/diariodominicano.com\/index.php?rest_route=\/wp\/v2\/posts"}],"about":[{"href":"https:\/\/diariodominicano.com\/index.php?rest_route=\/wp\/v2\/types\/post"}],"author":[{"embeddable":true,"href":"https:\/\/diariodominicano.com\/index.php?rest_route=\/wp\/v2\/users\/3"}],"replies":[{"embeddable":true,"href":"https:\/\/diariodominicano.com\/index.php?rest_route=%2Fwp%2Fv2%2Fcomments&post=191612"}],"version-history":[{"count":0,"href":"https:\/\/diariodominicano.com\/index.php?rest_route=\/wp\/v2\/posts\/191612\/revisions"}],"wp:attachment":[{"href":"https:\/\/diariodominicano.com\/index.php?rest_route=%2Fwp%2Fv2%2Fmedia&parent=191612"}],"wp:term":[{"taxonomy":"category","embeddable":true,"href":"https:\/\/diariodominicano.com\/index.php?rest_route=%2Fwp%2Fv2%2Fcategories&post=191612"},{"taxonomy":"post_tag","embeddable":true,"href":"https:\/\/diariodominicano.com\/index.php?rest_route=%2Fwp%2Fv2%2Ftags&post=191612"}],"curies":[{"name":"wp","href":"https:\/\/api.w.org\/{rel}","templated":true}]}}