{"id":191611,"date":"2008-01-16T16:42:31","date_gmt":"2008-01-16T16:42:31","guid":{"rendered":"http:\/\/diariodominicano.ddns.net\/?p=191611"},"modified":"2008-01-16T16:42:31","modified_gmt":"2008-01-16T16:42:31","slug":"campana-de-descalificaciones-es-reflejo-de-deterioro-partidos-politicos","status":"publish","type":"post","link":"https:\/\/diariodominicano.com\/?p=191611","title":{"rendered":"Campa\u00f1a de descalificaciones es reflejo de deterioro Partidos Pol\u00edticos"},"content":{"rendered":"<p><body><\/p>\n<p align=\"center\"><strong class=\"titulogrande1\">Campa\u00f1a de descalificaciones es reflejo deterioro Partidos Pol\u00edticos<\/strong><br \/>&#13;<br \/>\n  <br \/>&#13;<br \/>\n    <strong>Pide a la Sociedad Civil asuma moderaci\u00f3n  de debates<\/strong><\/p>\n<p>&#13;<\/p>\n<p align=\"justify\" class=\"text1noticias\"><strong><img loading=\"lazy\" decoding=\"async\" src=\"http:\/\/localhost:8080\/pictures\/belarminio.jpg\" width=\"269\" height=\"354\" hspace=\"4\" align=\"left\" \/>Santo  Domingo.-<\/strong> El polit\u00f3logo Belarminio Ram\u00edrez Morillo lament\u00f3 el hecho de que los  partidos pol\u00edticos y equipos de campa\u00f1a para promover las candidaturas, hayan  optado por una campa\u00f1a de descalificaciones y no por el debate de las  propuestas y las ideas como recursos de persuasi\u00f3n de los electores.<\/p>\n<p>&#13;<\/p>\n<p align=\"justify\" class=\"text1noticias\">Dijo que la  forma como se ha iniciado la campa\u00f1a es el mejor indicador de que el sistema  pol\u00edtico dominicano requiere con car\u00e1cter de urgencia de un marco legal que  regule las contiendas electorales.<\/p>\n<p>&#13;<\/p>\n<p align=\"justify\" class=\"text1noticias\">\u201cEs  necesario comenzar a fomentar una forma de hacer pol\u00edtica que se apoye en el  debate de las propuestas y las ideas, y no en el insulto y la descalificaci\u00f3n  moral del adversario como sucede en la actualidad.\u201d Subray\u00f3 el especialista en  marketing pol\u00edtico.<\/p>\n<p>&#13;<\/p>\n<p align=\"justify\" class=\"text1noticias\">Expres\u00f3 que  es necesario crear una cultura del debate, y el primer paso para lograrlo es  incluyendo la figura del debate dentro de la normativa electoral como sucede en  otras sociedades democr\u00e1ticas.<\/p>\n<p>&#13;<\/p>\n<p align=\"justify\" class=\"text1noticias\">Dijo que  llevar la campa\u00f1a electoral al insulto personal y a las descalificaciones es  desaprovechar el desarrollo de las comunicaciones y colocar la pol\u00edtica de  espalda a los nuevos tiempos.<\/p>\n<p>&#13;<\/p>\n<p align=\"justify\" class=\"text1noticias\">Manifest\u00f3  que la pobreza conceptual de la campa\u00f1a que se inicia guarda relaci\u00f3n directa  con el deterioro de los partidos pol\u00edticos.<\/p>\n<p>&#13;<\/p>\n<p align=\"justify\" class=\"text1noticias\">\u201cAqu\u00ed hay  candidatos que aunque emplazan al debate como estrategia, no tienen capacidad  ni preparaci\u00f3n para debatir 15 minutos sobre ning\u00fan tema.\u201d Puntualiz\u00f3 el  escritor y profesor universitario.<\/p>\n<p>&#13;<\/p>\n<p align=\"justify\" class=\"text1noticias\">Adujo que  es necesario producir un marco legal para que el debate entre candidatos no se  deje como opci\u00f3n a la conveniencia de los contendientes. <\/p>\n<p>&#13;<\/p>\n<p align=\"justify\" class=\"text1noticias\">\u201cEn las  luchas pol\u00edticas dominicanas el debate por lo regular es propuesto por los  candidatos que est\u00e1n en desventaja en las simpat\u00edas y preferencias del  electorado. Es una estrategia correcta de parte de ellos, puesto que act\u00faan  movidos por la esperanza de que el que est\u00e1 en primer lugar cometa un error, y  as\u00ed ellos poder ascender.\u201d<\/p>\n<p>&#13;<\/p>\n<p align=\"justify\" class=\"text1noticias\">\u201cSustent\u00f3  que la regla del juego en la historia de las luchas pol\u00edticas contempor\u00e1neas es  que un candidato que est\u00e1 en un primer lugar con una ventaja c\u00f3moda no busca  nada debatiendo, puesto que lo \u00fanico que hace es arriesgarse.\u201d Manifest\u00f3 el  polit\u00f3logo y escritor.<\/p>\n<p>&#13;<\/p>\n<p align=\"justify\" class=\"text1noticias\"><strong>Pide a la sociedad civil asuma rol m\u00e1s activo<\/strong><\/p>\n<p>&#13;<\/p>\n<p align=\"justify\" class=\"text1noticias\">El abogado  y pol\u00edtico hizo un llamado a la sociedad civil para que asuma un rol m\u00e1s activo  en el proceso con el prop\u00f3sito de contribuir a elevar la calidad de la campa\u00f1a  electoral.<\/p>\n<p>&#13;<\/p>\n<p align=\"justify\" class=\"text1noticias\">Dijo que  aunque el debate no es obligatorio, instituciones como Participaci\u00f3n Ciudadana,  Fundaci\u00f3n Institucionalidad y Justicia, Consejo Nacional de Hombres de  Empresas, Asociaci\u00f3n Nacional de J\u00f3venes Empresarios, el Colegio Dominicano de  Periodistas, as\u00ed como las universidades y las iglesias pueden preparar  escenarios para que los candidatos y colaboradores integrantes del futuro  gabinete expongan las ideas y propuestas b\u00e1sicas que pondr\u00edan en pr\u00e1ctica en  caso de ser favorecidos con el voto mayoritario para afrontar los problemas de  la naci\u00f3n.<\/p>\n<p>&#13;<\/p>\n<p align=\"justify\" class=\"text1noticias\">Expres\u00f3 que  la sociedad civil y los medios de comunicaci\u00f3n deben asumir un papel estelar en  la creaci\u00f3n de una cultura del debate, como forma de hacer pol\u00edtica civilizada  y aprovechar el m\u00e1ximo los avances de las tecnolog\u00edas y la comunicaci\u00f3n. <\/p>\n<p>&#13;<\/p>\n<p align=\"justify\" class=\"text1noticias\">\u201cLa  sociedad dominicana tiene grandes retos de cara al futuro inmediato. Por tanto,  es saludable para la democracia preparar un ciclo de debates donde los  candidatos expongan sus propuestas para la educaci\u00f3n, la salud, la  delincuencia, la competitividad, la migraci\u00f3n haitiana, la preservaci\u00f3n del  medio ambiente y el Estado de derecho, entre otros.\u201d Subray\u00f3 el polit\u00f3logo y  escritor. \u00a0\u00a0<\/p>\n<p>&#13;<\/p>\n<h6> 2008-01-16 16:42:31 <\/h6>\n<p><!--\n<link rel=\"stylesheet\" href=\"css\/bootstrap.min.css\">\n\n\n<ul class=\"pagination\">\n\t    \n\t\n\n<li >\n\t<a href='?page_no=34358'>Previous<\/a>\n\t<\/li>\n\n\n       \n    \n\n<li><a href='?page_no=1'>1<\/a><\/li>\n\n\n\n<li><a href='?page_no=2'>2<\/a><\/li>\n\n\n\n<li><a>...<\/a><\/li>\n\n\n\n<li><a href='?page_no=34357'>34357<\/a><\/li>\n\n\n\n<li><a href='?page_no=34358'>34358<\/a><\/li>\n\n\n\n<li class='active'><a>34359<\/a><\/li>\n\n\n\n<li><a href='?page_no=34360'>34360<\/a><\/li>\n\n\n\n<li><a href='?page_no=34361'>34361<\/a><\/li>\n\n\n\n<li><a>...<\/a><\/li>\n\n\n\n<li><a href='?page_no=36999'>36999<\/a><\/li>\n\n\n\n<li><a href='?page_no=37000'>37000<\/a><\/li>\n\n    \n\t\n\n<li >\n\t<a href='?page_no=34360'>Next<\/a>\n\t<\/li>\n\n\n    \n\n<li><a href='?page_no=37000'>Last &rsaquo;&rsaquo;<\/a><\/li>\n\n<\/ul>\n\n\n--><br \/>\n<\/body><\/p>\n","protected":false},"excerpt":{"rendered":"<p>Campa\u00f1a de descalificaciones es reflejo deterioro Partidos Pol\u00edticos&#13; &#13; Pide a la Sociedad Civil asuma moderaci\u00f3n de debates &#13; Santo Domingo.- El polit\u00f3logo Belarminio Ram\u00edrez Morillo lament\u00f3 el hecho de que los partidos pol\u00edticos y equipos de campa\u00f1a para promover las candidaturas, hayan optado por una campa\u00f1a de descalificaciones y no por el debate de [&hellip;]<\/p>\n","protected":false},"author":3,"featured_media":0,"comment_status":"open","ping_status":"open","sticky":false,"template":"","format":"standard","meta":{"footnotes":""},"categories":[22],"tags":[],"class_list":["post-191611","post","type-post","status-publish","format-standard","hentry","category-politica"],"_links":{"self":[{"href":"https:\/\/diariodominicano.com\/index.php?rest_route=\/wp\/v2\/posts\/191611","targetHints":{"allow":["GET"]}}],"collection":[{"href":"https:\/\/diariodominicano.com\/index.php?rest_route=\/wp\/v2\/posts"}],"about":[{"href":"https:\/\/diariodominicano.com\/index.php?rest_route=\/wp\/v2\/types\/post"}],"author":[{"embeddable":true,"href":"https:\/\/diariodominicano.com\/index.php?rest_route=\/wp\/v2\/users\/3"}],"replies":[{"embeddable":true,"href":"https:\/\/diariodominicano.com\/index.php?rest_route=%2Fwp%2Fv2%2Fcomments&post=191611"}],"version-history":[{"count":0,"href":"https:\/\/diariodominicano.com\/index.php?rest_route=\/wp\/v2\/posts\/191611\/revisions"}],"wp:attachment":[{"href":"https:\/\/diariodominicano.com\/index.php?rest_route=%2Fwp%2Fv2%2Fmedia&parent=191611"}],"wp:term":[{"taxonomy":"category","embeddable":true,"href":"https:\/\/diariodominicano.com\/index.php?rest_route=%2Fwp%2Fv2%2Fcategories&post=191611"},{"taxonomy":"post_tag","embeddable":true,"href":"https:\/\/diariodominicano.com\/index.php?rest_route=%2Fwp%2Fv2%2Ftags&post=191611"}],"curies":[{"name":"wp","href":"https:\/\/api.w.org\/{rel}","templated":true}]}}