{"id":191608,"date":"2008-01-16T20:26:15","date_gmt":"2008-01-16T20:26:15","guid":{"rendered":"http:\/\/diariodominicano.ddns.net\/?p=191608"},"modified":"2008-01-16T20:26:15","modified_gmt":"2008-01-16T20:26:15","slug":"tito-hernandez-vocero-del-movimiento-leonel-en-primera-vuelta-dice-leonel-representa-sentir-del-pueblo-por-afinidad-con-balaguer","status":"publish","type":"post","link":"https:\/\/diariodominicano.com\/?p=191608","title":{"rendered":"Tito Hern\u00e1ndez vocero del movimiento \u00abLeonel en primera vuelta\u00bb dice: Leonel representa sentir del pueblo por afinidad con Balaguer"},"content":{"rendered":"<p><body><\/p>\n<p align=\"justify\" class=\"text1noticias\"><span class=\"titulogrande1\"><strong>V\u00edctor Hugo Hern\u00e1ndez vocero del movimiento \u00abLeonel en primera vuelta\u00bb dice: Leonel representa sentir del pueblo por afinidad con Balaguer<\/strong><\/span><strong><br \/>&#13;<br \/>\n  <br \/>&#13;<br \/>\n      <img loading=\"lazy\" decoding=\"async\" src=\"http:\/\/localhost:8080\/pictures\/tito hernandez.jpg\" width=\"226\" height=\"266\" hspace=\"4\" align=\"left\" \/>SANTO DOMINGO.- <\/strong>El vocero del movimiento \u201cLeonel en primera vuelta\u201d manifest\u00f3 ayer que el candidato presidencial  peledeista \u201ces el \u00fanico que representa el sentir del pueblo dominicano por su  gran afinidad con el exmandatario Joaqu\u00edn Balaguer\u201d.<\/p>\n<p>&#13;<\/p>\n<p align=\"justify\" class=\"text1noticias\">V\u00edctor Hugo (Tito) Hern\u00e1ndez se\u00f1al\u00f3 que de  todos los pol\u00edticos del pa\u00eds Fern\u00e1ndez es el que \u201cmayor  afinidad con  el fenecido expresidente Joaqu\u00edn Balaguer\u201d. <\/p>\n<p>&#13;<\/p>\n<p align=\"justify\" class=\"text1noticias\">Indic\u00f3 que el Mandatario es quien  verdaderamente este calificado para continuar dirigiendo los destinos del pa\u00eds,  para enrumbarlo por los caminos de progreso y prosperidad. <\/p>\n<p>&#13;<\/p>\n<p align=\"justify\" class=\"text1noticias\">\u201cLa mejor opci\u00f3n  que tiene el electorado nacional lo representa el actual Mandatario, de ah\u00ed la  imperiosa necesidad que contin\u00fae en el poder para que el progreso siga\u201d, sostuvo Hern\u00e1ndez. <\/p>\n<p>&#13;<\/p>\n<p align=\"justify\" class=\"text1noticias\">Resalt\u00f3 la estabilidad en materia econ\u00f3mica  que vive la Rep\u00fablica Dominicana  lo que ha sido reconocido por entidades como el Fondo Monetario Internacional  (FMI),Bando Mundial (BM) y Banco Interamericano de Desarrollo (BID), entre  otras. <\/p>\n<p>&#13;<\/p>\n<p align=\"justify\" class=\"text1noticias\">El secretario de Estado y asesor agr\u00edcola del  Poder Ejecutivo garantiz\u00f3 que Fern\u00e1ndez se impondr\u00e1 en la primera vuela en las  elecciones de mayo. <\/p>\n<p>&#13;<\/p>\n<h6> 2008-01-16 20:26:15 <\/h6>\n<p><!--\n<link rel=\"stylesheet\" href=\"css\/bootstrap.min.css\">\n\n\n<ul class=\"pagination\">\n\t    \n\t\n\n<li >\n\t<a href='?page_no=34355'>Previous<\/a>\n\t<\/li>\n\n\n       \n    \n\n<li><a href='?page_no=1'>1<\/a><\/li>\n\n\n\n<li><a href='?page_no=2'>2<\/a><\/li>\n\n\n\n<li><a>...<\/a><\/li>\n\n\n\n<li><a href='?page_no=34354'>34354<\/a><\/li>\n\n\n\n<li><a href='?page_no=34355'>34355<\/a><\/li>\n\n\n\n<li class='active'><a>34356<\/a><\/li>\n\n\n\n<li><a href='?page_no=34357'>34357<\/a><\/li>\n\n\n\n<li><a href='?page_no=34358'>34358<\/a><\/li>\n\n\n\n<li><a>...<\/a><\/li>\n\n\n\n<li><a href='?page_no=36999'>36999<\/a><\/li>\n\n\n\n<li><a href='?page_no=37000'>37000<\/a><\/li>\n\n    \n\t\n\n<li >\n\t<a href='?page_no=34357'>Next<\/a>\n\t<\/li>\n\n\n    \n\n<li><a href='?page_no=37000'>Last &rsaquo;&rsaquo;<\/a><\/li>\n\n<\/ul>\n\n\n--><br \/>\n<\/body><\/p>\n","protected":false},"excerpt":{"rendered":"<p>V\u00edctor Hugo Hern\u00e1ndez vocero del movimiento \u00abLeonel en primera vuelta\u00bb dice: Leonel representa sentir del pueblo por afinidad con Balaguer&#13; &#13; SANTO DOMINGO.- El vocero del movimiento \u201cLeonel en primera vuelta\u201d manifest\u00f3 ayer que el candidato presidencial peledeista \u201ces el \u00fanico que representa el sentir del pueblo dominicano por su gran afinidad con el exmandatario [&hellip;]<\/p>\n","protected":false},"author":3,"featured_media":0,"comment_status":"open","ping_status":"open","sticky":false,"template":"","format":"standard","meta":{"footnotes":""},"categories":[22],"tags":[],"class_list":["post-191608","post","type-post","status-publish","format-standard","hentry","category-politica"],"_links":{"self":[{"href":"https:\/\/diariodominicano.com\/index.php?rest_route=\/wp\/v2\/posts\/191608","targetHints":{"allow":["GET"]}}],"collection":[{"href":"https:\/\/diariodominicano.com\/index.php?rest_route=\/wp\/v2\/posts"}],"about":[{"href":"https:\/\/diariodominicano.com\/index.php?rest_route=\/wp\/v2\/types\/post"}],"author":[{"embeddable":true,"href":"https:\/\/diariodominicano.com\/index.php?rest_route=\/wp\/v2\/users\/3"}],"replies":[{"embeddable":true,"href":"https:\/\/diariodominicano.com\/index.php?rest_route=%2Fwp%2Fv2%2Fcomments&post=191608"}],"version-history":[{"count":0,"href":"https:\/\/diariodominicano.com\/index.php?rest_route=\/wp\/v2\/posts\/191608\/revisions"}],"wp:attachment":[{"href":"https:\/\/diariodominicano.com\/index.php?rest_route=%2Fwp%2Fv2%2Fmedia&parent=191608"}],"wp:term":[{"taxonomy":"category","embeddable":true,"href":"https:\/\/diariodominicano.com\/index.php?rest_route=%2Fwp%2Fv2%2Fcategories&post=191608"},{"taxonomy":"post_tag","embeddable":true,"href":"https:\/\/diariodominicano.com\/index.php?rest_route=%2Fwp%2Fv2%2Ftags&post=191608"}],"curies":[{"name":"wp","href":"https:\/\/api.w.org\/{rel}","templated":true}]}}