{"id":191607,"date":"2008-01-16T22:35:05","date_gmt":"2008-01-16T22:35:05","guid":{"rendered":"http:\/\/diariodominicano.ddns.net\/?p=191607"},"modified":"2008-01-16T22:35:05","modified_gmt":"2008-01-16T22:35:05","slug":"jce-inicia-campana-politica-y-promete-elecciones-justas-diafanas-y-transparentes","status":"publish","type":"post","link":"https:\/\/diariodominicano.com\/?p=191607","title":{"rendered":"JCE inicia campa\u00f1a pol\u00edtica, y promete elecciones justas, di\u00e1fanas y transparentes"},"content":{"rendered":"<p><body><\/p>\n<p align=\"justify\" class=\"titulogrande1\">JCE  inicia campa\u00f1a pol\u00edtica, y promete elecciones justas, di\u00e1fanas y transparentes<\/p>\n<p>&#13;<\/p>\n<p align=\"justify\" class=\"text1noticias\"><strong><img loading=\"lazy\" decoding=\"async\" src=\"http:\/\/localhost:8080\/pictures\/julio cesar castano guzman.jpg\" width=\"269\" height=\"284\" hspace=\"4\" align=\"left\" \/>SANTO DOMINGO.- <\/strong>La Junta Central  Electoral proclam\u00f3 \u00a0el inicio de la  campa\u00f1a electoral, con la promesa de que realizar\u00e1n unas elecciones \u201cjustas,  di\u00e1fanas y transparentes\u201d y una exhortaci\u00f3n a elevar el debate de los  candidatos.<\/p>\n<p>&#13;<\/p>\n<p align=\"justify\" class=\"text1noticias\">El presidente de la JCE, Julio C\u00e9sar Casta\u00f1os  Guzm\u00e1n, explic\u00f3 que el tribunal ha ido superando los inconveniente que se  ven\u00edan presentando en las 16 elecciones presidenciales, congresuales y municipales  a ra\u00edz de la muerte del ex dictador Rafael Leonidas Trujillo.<\/p>\n<p>&#13;<\/p>\n<p align=\"justify\" class=\"text1noticias\">Destac\u00f3 que\u00a0 la   JCE exhibe un padr\u00f3n fotogr\u00e1fico a color depurado y  ampliamente divulgado, c\u00f3digo de barras para el manejo de los materiales  electorales y la transmisi\u00f3n de los resultados por una l\u00ednea segura y  transparencia organizativa y responsabilidad a toda prueba.<\/p>\n<p>&#13;<\/p>\n<p align=\"justify\" class=\"text1noticias\">Destac\u00f3 que a nadie se le  ocurrir\u00eda en estos tiempos recurrir al nefasto recurso de alterar un acta o  descuadrarla con la fuerza bruta.<\/p>\n<p>&#13;<\/p>\n<p align=\"justify\" class=\"text1noticias\">Indic\u00f3 que la proclama de  hace ante una marga posibilidad de una campa\u00f1a disonante, marcada por la  posibilidad de la desconsideraci\u00f3n moral de los adversarios y que incita a la  violencia f\u00edsica o a la frivolidad de un primitivo asistencialismo que  sustituye \u201ccon pan y queso\u201d el debate de las ideas.<\/p>\n<p>&#13;<\/p>\n<p align=\"justify\" class=\"text1noticias\">Deplor\u00f3 la contaminaci\u00f3n  ambiental que genera la compa\u00f1a por el ruido y la propaganda del proselitismo  propio de estos tiempos.<\/p>\n<p>&#13;<\/p>\n<p align=\"justify\" class=\"text1noticias\">Asimismo se refiri\u00f3 al abuso  del uso de los recurso p\u00fablicos y dijo que en ella s\u00f3lo deben utilizarse los  que procedan de la contribuci\u00f3n del Estado que la Junta canaliza y entrega a  los partidos como establece la ley.<\/p>\n<p>&#13;<\/p>\n<h6> 2008-01-16 22:35:05 <\/h6>\n<p><!--\n<link rel=\"stylesheet\" href=\"css\/bootstrap.min.css\">\n\n\n<ul class=\"pagination\">\n\t    \n\t\n\n<li >\n\t<a href='?page_no=34354'>Previous<\/a>\n\t<\/li>\n\n\n       \n    \n\n<li><a href='?page_no=1'>1<\/a><\/li>\n\n\n\n<li><a href='?page_no=2'>2<\/a><\/li>\n\n\n\n<li><a>...<\/a><\/li>\n\n\n\n<li><a href='?page_no=34353'>34353<\/a><\/li>\n\n\n\n<li><a href='?page_no=34354'>34354<\/a><\/li>\n\n\n\n<li class='active'><a>34355<\/a><\/li>\n\n\n\n<li><a href='?page_no=34356'>34356<\/a><\/li>\n\n\n\n<li><a href='?page_no=34357'>34357<\/a><\/li>\n\n\n\n<li><a>...<\/a><\/li>\n\n\n\n<li><a href='?page_no=36999'>36999<\/a><\/li>\n\n\n\n<li><a href='?page_no=37000'>37000<\/a><\/li>\n\n    \n\t\n\n<li >\n\t<a href='?page_no=34356'>Next<\/a>\n\t<\/li>\n\n\n    \n\n<li><a href='?page_no=37000'>Last &rsaquo;&rsaquo;<\/a><\/li>\n\n<\/ul>\n\n\n--><br \/>\n<\/body><\/p>\n","protected":false},"excerpt":{"rendered":"<p>JCE inicia campa\u00f1a pol\u00edtica, y promete elecciones justas, di\u00e1fanas y transparentes &#13; SANTO DOMINGO.- La Junta Central Electoral proclam\u00f3 \u00a0el inicio de la campa\u00f1a electoral, con la promesa de que realizar\u00e1n unas elecciones \u201cjustas, di\u00e1fanas y transparentes\u201d y una exhortaci\u00f3n a elevar el debate de los candidatos. &#13; El presidente de la JCE, Julio C\u00e9sar [&hellip;]<\/p>\n","protected":false},"author":3,"featured_media":0,"comment_status":"open","ping_status":"open","sticky":false,"template":"","format":"standard","meta":{"footnotes":""},"categories":[22],"tags":[],"class_list":["post-191607","post","type-post","status-publish","format-standard","hentry","category-politica"],"_links":{"self":[{"href":"https:\/\/diariodominicano.com\/index.php?rest_route=\/wp\/v2\/posts\/191607","targetHints":{"allow":["GET"]}}],"collection":[{"href":"https:\/\/diariodominicano.com\/index.php?rest_route=\/wp\/v2\/posts"}],"about":[{"href":"https:\/\/diariodominicano.com\/index.php?rest_route=\/wp\/v2\/types\/post"}],"author":[{"embeddable":true,"href":"https:\/\/diariodominicano.com\/index.php?rest_route=\/wp\/v2\/users\/3"}],"replies":[{"embeddable":true,"href":"https:\/\/diariodominicano.com\/index.php?rest_route=%2Fwp%2Fv2%2Fcomments&post=191607"}],"version-history":[{"count":0,"href":"https:\/\/diariodominicano.com\/index.php?rest_route=\/wp\/v2\/posts\/191607\/revisions"}],"wp:attachment":[{"href":"https:\/\/diariodominicano.com\/index.php?rest_route=%2Fwp%2Fv2%2Fmedia&parent=191607"}],"wp:term":[{"taxonomy":"category","embeddable":true,"href":"https:\/\/diariodominicano.com\/index.php?rest_route=%2Fwp%2Fv2%2Fcategories&post=191607"},{"taxonomy":"post_tag","embeddable":true,"href":"https:\/\/diariodominicano.com\/index.php?rest_route=%2Fwp%2Fv2%2Ftags&post=191607"}],"curies":[{"name":"wp","href":"https:\/\/api.w.org\/{rel}","templated":true}]}}