{"id":191605,"date":"2008-01-16T23:48:42","date_gmt":"2008-01-16T23:48:42","guid":{"rendered":"http:\/\/diariodominicano.ddns.net\/?p=191605"},"modified":"2008-01-16T23:48:42","modified_gmt":"2008-01-16T23:48:42","slug":"pri-respalda-pastoral-de-la-iglesia-catolica","status":"publish","type":"post","link":"https:\/\/diariodominicano.com\/?p=191605","title":{"rendered":"PRI respalda pastoral de la Iglesia Cat\u00f3lica"},"content":{"rendered":"<p><body><\/p>\n<p align=\"justify\"><span class=\"titulogrande1\">PRI respalda pastoral de la Iglesia Cat\u00f3lica<\/span><br \/>&#13;<br \/>\n  \u00a0<br \/>&#13;<br \/>\n  <span class=\"text1noticias\"><strong>SANTO DOMINGO.-<\/strong> El candidato  presidencial del Partido Revolucionario Independiente (PRI),\u00a0 Trajano Santana, se solidariz\u00f3 con los  t\u00e9rminos de la carta pastoral de los obispos dominicanos, en la cual deploran la  corrupci\u00f3n, el clientelismo pol\u00edtico, el populismo y otros males que afectan a  la sociedad dominicana.<\/span><\/p>\n<p>&#13;<\/p>\n<p align=\"justify\" class=\"text1noticias\">El candidato del PRI  calific\u00f3\u00a0 de positivo y acertado el  llamado que hace la   Conferencia del Episcopado Dominicano, a enfrentar el gr\u00e1fico  de drogas, la violencia y las injusticias.<\/p>\n<p>&#13;<\/p>\n<p align=\"justify\" class=\"text1noticias\">Trajano Santana emplaz\u00f3 al  Gobierno del presidente Leonel Fern\u00e1ndez a reflexionar en torno a los grandes  males que padece la naci\u00f3n dominicano, puestos de relieve en la carta pastoral,  emitida con motivo de la celebraci\u00f3n del D\u00eda de Nuestra Se\u00f1ora de la Altagracia, el 21 de  \u00e9ste mes.<\/p>\n<p>&#13;<\/p>\n<p align=\"justify\" class=\"text1noticias\">Asimismo, pidi\u00f3 a los  dominicanos hacer valer sus derechos en las urnas, en las elecciones del 16 de  mayo, e impidiendo que el presidente Fern\u00e1ndez\u00a0  y sus funcionarios sigan llevando al pa\u00eds por los caminos del caos y la  desesperanza. <\/p>\n<p>&#13;<\/p>\n<p align=\"justify\" class=\"text1noticias\">El candidato presidencial del  PRI dijo que se solidariza con la de los obispos, que observan en el pa\u00eds  un\u00a0 proceso acelerado de transculturaci\u00f3n  y\u00a0 una perniciosa p\u00e9rdida de los valores  que nos destruyen como pueblo. <\/p>\n<p>&#13;<\/p>\n<p align=\"justify\" class=\"text1noticias\">El presidente Leonel  Fern\u00e1ndez, con su mayor\u00eda aplastante en el Congreso Nacional, se ha convertido,  junto con su partido, en un enorme peligro para el pa\u00eds, preciso.<\/p>\n<p>&#13;<\/p>\n<p align=\"justify\" class=\"text1noticias\">Indic\u00f3 que el jefe del Estado  \u201cexhibe una desbordante pasi\u00f3n por la fortuna y el c\u00famulo de dinero, dando  grandes saltos econ\u00f3micos producto de la corrupci\u00f3n que se drag\u00f3 los recursos  generados por las tres reformas fiscales\u00a0  hechas por la actual administraci\u00f3n gubernamental\u201d, dijo.<\/p>\n<p>&#13;<\/p>\n<p align=\"justify\" class=\"text1noticias\">Trajano Santana consider\u00f3  que, para alcanzar la estabilidad y el progreso, la\u00a0 naci\u00f3n dominicana amerita el surgimiento de  un liderazgo emergente, que debe\u00a0  sustituir a los tres partidos tradicionales que mal han gobernado la  naci\u00f3n.<\/p>\n<p>&#13;<\/p>\n<p align=\"justify\" class=\"text1noticias\">Expres\u00f3 que, con un  comportamiento de gavilleros, esas camarillas pol\u00edticas han\u00a0 desfalcado los fondos p\u00fablicos y acus\u00f3 al  presidente Fern\u00e1ndez de romper los par\u00e1metros.<\/p>\n<p>&#13;<\/p>\n<p align=\"justify\" class=\"text1noticias\">Santana critic\u00f3 que, pese a  la ostentaci\u00f3n de bonanza y crecimiento econ\u00f3mico del gobierno pelede\u00edsta, \u201ces  evidente el crecimiento de la pobreza, la marginalidad, la carencia, deterioro  de los servicios b\u00e1sicos y la falta de pol\u00edticas p\u00fablicas claras.<\/p>\n<p>&#13;<\/p>\n<h6> 2008-01-16 23:48:42 <\/h6>\n<p><!--\n<link rel=\"stylesheet\" href=\"css\/bootstrap.min.css\">\n\n\n<ul class=\"pagination\">\n\t    \n\t\n\n<li >\n\t<a href='?page_no=34352'>Previous<\/a>\n\t<\/li>\n\n\n       \n    \n\n<li><a href='?page_no=1'>1<\/a><\/li>\n\n\n\n<li><a href='?page_no=2'>2<\/a><\/li>\n\n\n\n<li><a>...<\/a><\/li>\n\n\n\n<li><a href='?page_no=34351'>34351<\/a><\/li>\n\n\n\n<li><a href='?page_no=34352'>34352<\/a><\/li>\n\n\n\n<li class='active'><a>34353<\/a><\/li>\n\n\n\n<li><a href='?page_no=34354'>34354<\/a><\/li>\n\n\n\n<li><a href='?page_no=34355'>34355<\/a><\/li>\n\n\n\n<li><a>...<\/a><\/li>\n\n\n\n<li><a href='?page_no=36999'>36999<\/a><\/li>\n\n\n\n<li><a href='?page_no=37000'>37000<\/a><\/li>\n\n    \n\t\n\n<li >\n\t<a href='?page_no=34354'>Next<\/a>\n\t<\/li>\n\n\n    \n\n<li><a href='?page_no=37000'>Last &rsaquo;&rsaquo;<\/a><\/li>\n\n<\/ul>\n\n\n--><br \/>\n<\/body><\/p>\n","protected":false},"excerpt":{"rendered":"<p>PRI respalda pastoral de la Iglesia Cat\u00f3lica&#13; \u00a0&#13; SANTO DOMINGO.- El candidato presidencial del Partido Revolucionario Independiente (PRI),\u00a0 Trajano Santana, se solidariz\u00f3 con los t\u00e9rminos de la carta pastoral de los obispos dominicanos, en la cual deploran la corrupci\u00f3n, el clientelismo pol\u00edtico, el populismo y otros males que afectan a la sociedad dominicana. &#13; El [&hellip;]<\/p>\n","protected":false},"author":3,"featured_media":0,"comment_status":"open","ping_status":"open","sticky":false,"template":"","format":"standard","meta":{"footnotes":""},"categories":[22],"tags":[],"class_list":["post-191605","post","type-post","status-publish","format-standard","hentry","category-politica"],"_links":{"self":[{"href":"https:\/\/diariodominicano.com\/index.php?rest_route=\/wp\/v2\/posts\/191605","targetHints":{"allow":["GET"]}}],"collection":[{"href":"https:\/\/diariodominicano.com\/index.php?rest_route=\/wp\/v2\/posts"}],"about":[{"href":"https:\/\/diariodominicano.com\/index.php?rest_route=\/wp\/v2\/types\/post"}],"author":[{"embeddable":true,"href":"https:\/\/diariodominicano.com\/index.php?rest_route=\/wp\/v2\/users\/3"}],"replies":[{"embeddable":true,"href":"https:\/\/diariodominicano.com\/index.php?rest_route=%2Fwp%2Fv2%2Fcomments&post=191605"}],"version-history":[{"count":0,"href":"https:\/\/diariodominicano.com\/index.php?rest_route=\/wp\/v2\/posts\/191605\/revisions"}],"wp:attachment":[{"href":"https:\/\/diariodominicano.com\/index.php?rest_route=%2Fwp%2Fv2%2Fmedia&parent=191605"}],"wp:term":[{"taxonomy":"category","embeddable":true,"href":"https:\/\/diariodominicano.com\/index.php?rest_route=%2Fwp%2Fv2%2Fcategories&post=191605"},{"taxonomy":"post_tag","embeddable":true,"href":"https:\/\/diariodominicano.com\/index.php?rest_route=%2Fwp%2Fv2%2Ftags&post=191605"}],"curies":[{"name":"wp","href":"https:\/\/api.w.org\/{rel}","templated":true}]}}