{"id":191603,"date":"2008-01-17T00:08:55","date_gmt":"2008-01-17T00:08:55","guid":{"rendered":"http:\/\/diariodominicano.ddns.net\/?p=191603"},"modified":"2008-01-17T00:08:55","modified_gmt":"2008-01-17T00:08:55","slug":"amable-promete-respaldar-a-productores-con-ventanillas-especiales-en-banco-agricola","status":"publish","type":"post","link":"https:\/\/diariodominicano.com\/?p=191603","title":{"rendered":"Amable promete respaldar a productores con ventanillas especiales en Banco Agr\u00edcola"},"content":{"rendered":"<p><body><\/p>\n<p align=\"justify\" class=\"titulogrande1\"><strong>Amable promete respaldar a productores<\/strong> <strong>con ventanillas especiales en Banco Agr\u00edcola <\/strong><\/p>\n<p>&#13;<\/p>\n<p><strong>DICE EN SU  GOBIERNO \u201cLO DOMINICANO\u201d SERA LO PRIMERO <\/strong><\/p>\n<p>&#13;<\/p>\n<p align=\"justify\" class=\"text1noticias\"><strong><img loading=\"lazy\" decoding=\"async\" src=\"http:\/\/localhost:8080\/pictures\/amablearisty foto.jpg\" width=\"269\" height=\"263\" hspace=\"4\" align=\"left\" \/>MOCA.-<\/strong> El  candidato presidencial reformista, Amable Aristy Castro, declar\u00f3 aqu\u00ed tras  concluir una gigantesca marcha-caravana y participar en un encuentro con la Asociaci\u00f3n de  Productores de Huevos que en su gobierno \u201clo dominicano\u201d ser\u00e1 primero, por lo  que respaldar\u00e1 la producci\u00f3n nacional con financiamiento y apoyo institucional.<\/p>\n<p>&#13;<\/p>\n<p align=\"justify\" class=\"text1noticias\">Dijo que crear\u00e1  ventanillas especiales en el Banco Agr\u00edcola para cada sector de la agropecuaria  y la agroindustria, como una forma de brindarle su apoyo desde el gobierno.<\/p>\n<p>&#13;<\/p>\n<p align=\"justify\" class=\"text1noticias\">\u201cSer\u00e1 algo  similar a los fondos FIDE que implement\u00f3 el doctor Joaqu\u00edn Balaguer en sus  administraciones\u201d, agreg\u00f3.<\/p>\n<p>&#13;<\/p>\n<p align=\"justify\" class=\"text1noticias\">Aristy Castro  prometi\u00f3 rehabilitar y recatar el Instituto Nacional de Estabilizaci\u00f3n de Precios  (INESPRE) para que en coordinaci\u00f3n con la secretar\u00eda de Agricultura garantice  precios estables a los productores y al mismo tiempo asequible a los  consumidores.<\/p>\n<p>&#13;<\/p>\n<p align=\"justify\" class=\"text1noticias\">\u201cCrear\u00e9 con los  productores agr\u00edcolas y de nuestra agroindustria una marca-pa\u00eds, para lo que daremos  todas las facilidades para que nuestros productores sean competitivos y puedan acceder  a los mercados internacionales y volver a ser una fuente importante de ingresos  de divisas\u201d, agreg\u00f3.<\/p>\n<p>&#13;<\/p>\n<p align=\"justify\" class=\"text1noticias\">El candidato  presidencial reformista garantiz\u00f3 que en el \u201cGobierno de los pobres\u201d el  desayuno escolar, el Plan Social de la Presidencia, los Comedores Econ\u00f3micos, el Sistema  Penitenciarios, los hospitales y todas las instituciones estatales que  adquieran alimentos tendr\u00e1n que comprar productos nacionales.<\/p>\n<p>&#13;<\/p>\n<p align=\"justify\" class=\"text1noticias\">Al participar en  el Primer Encuentro Nacional de la Asociaci\u00f3n de Productores de Huevos, Aristy  Castro dijo que en su administraci\u00f3n se respetar\u00e1n estrictamente la cuota de  importaci\u00f3n de pollitas ponedoras, para garantizar la autosuficiencia, la  capacidad exportadora y la rentabilidad que demanda el sector.<\/p>\n<p>&#13;<\/p>\n<p align=\"justify\" class=\"text1noticias\">Consider\u00f3  criminal que la secretaria de Agricultura haya permitido el ingreso de 200 mil  pollitas ponedoras por encima de la cuota establecida, produciendo una sobreproducci\u00f3n  de huevos que hace que los productores  pierdan 40 centavos por cada huevo y est\u00e9n a punto de desaparecer.<\/p>\n<p>&#13;<\/p>\n<p align=\"justify\" class=\"text1noticias\">Igualmente  consider\u00f3 un bochorno de que el gobierno est\u00e9 importando pl\u00e1tanos desde Ecuador  para venderlos a siete pesos, o sea subsidiar a productores extranjeros en vez  de adquirir la producci\u00f3n nacional de ese rublo y venderlo a precios asequible  a la poblaci\u00f3n.<\/p>\n<p>&#13;<\/p>\n<p align=\"justify\" class=\"text1noticias\">\u201cEs un crimen  que despu\u00e9s de las tormentas Noel y Olga que arrasaron a plantaciones de  pl\u00e1tanos el gobierno presione a los productores locales con importaciones del  extranjero, precipit\u00e1ndolo aun mas a la quiebra\u201d, dijo.<\/p>\n<p>&#13;<\/p>\n<p align=\"justify\" class=\"text1noticias\">Resalt\u00f3 asimismo  que esta es la segunda crisis del sector av\u00edcola en los \u00faltimos tres meses y prometi\u00f3  adquirir 100 mil gallinas de la fecha hasta el 16 de mayo para distribuirlas en  barrios pobres de la Capital  y pueblos del interior dentro de su programa \u201ccacerolazo contra la pobreza\u201d.<\/p>\n<p>&#13;<\/p>\n<p align=\"justify\" class=\"text1noticias\">La caravana  comenz\u00f3 a las tres de la tarde y se prolong\u00f3 hasta poco despu\u00e9s de las siete de  la noche, en la que el candidato reformista demostr\u00f3 el gran apoyo que tiene en  Moca por la cantidad de gente que se lanzaba a las calles a vitorearlo con  diferentes objetos rojos, alusivos al color del Partido Reformista.<\/p>\n<p>&#13;<\/p>\n<p align=\"justify\" class=\"text1noticias\">El candidato  presidencial del PRSC estuvo acompa\u00f1ado de los dirigentes Remberto Cruz, V\u00edctor  Abreu, Mari\u00e9n Alba, Hip\u00f3lito Nina; el ex secretario de Agricultura, Pedro  Bret\u00f3n, Tony Garc\u00eda Santos, coordinador de campa\u00f1a en la provincia Espaillat, y  el coordinador nacional de campa\u00f1a, Ram\u00f3n Rogelio Genao.<\/p>\n<p>&#13;<\/p>\n<p align=\"justify\" class=\"text1noticias\">La caravana  recorri\u00f3 los barrios Quija Quieta, Sal si Puedes, La Punta, La Espa\u00f1ola, Puerto Rico, La Punta, Capotillo, entre  otros sectores populares de Moca.<\/p>\n<p>&#13;<\/p>\n<h6> 2008-01-17 00:08:55 <\/h6>\n<p><!--\n<link rel=\"stylesheet\" href=\"css\/bootstrap.min.css\">\n\n\n<ul class=\"pagination\">\n\t    \n\t\n\n<li >\n\t<a href='?page_no=34350'>Previous<\/a>\n\t<\/li>\n\n\n       \n    \n\n<li><a href='?page_no=1'>1<\/a><\/li>\n\n\n\n<li><a href='?page_no=2'>2<\/a><\/li>\n\n\n\n<li><a>...<\/a><\/li>\n\n\n\n<li><a href='?page_no=34349'>34349<\/a><\/li>\n\n\n\n<li><a href='?page_no=34350'>34350<\/a><\/li>\n\n\n\n<li class='active'><a>34351<\/a><\/li>\n\n\n\n<li><a href='?page_no=34352'>34352<\/a><\/li>\n\n\n\n<li><a href='?page_no=34353'>34353<\/a><\/li>\n\n\n\n<li><a>...<\/a><\/li>\n\n\n\n<li><a href='?page_no=36999'>36999<\/a><\/li>\n\n\n\n<li><a href='?page_no=37000'>37000<\/a><\/li>\n\n    \n\t\n\n<li >\n\t<a href='?page_no=34352'>Next<\/a>\n\t<\/li>\n\n\n    \n\n<li><a href='?page_no=37000'>Last &rsaquo;&rsaquo;<\/a><\/li>\n\n<\/ul>\n\n\n--><br \/>\n<\/body><\/p>\n","protected":false},"excerpt":{"rendered":"<p>Amable promete respaldar a productores con ventanillas especiales en Banco Agr\u00edcola &#13; DICE EN SU GOBIERNO \u201cLO DOMINICANO\u201d SERA LO PRIMERO &#13; MOCA.- El candidato presidencial reformista, Amable Aristy Castro, declar\u00f3 aqu\u00ed tras concluir una gigantesca marcha-caravana y participar en un encuentro con la Asociaci\u00f3n de Productores de Huevos que en su gobierno \u201clo dominicano\u201d [&hellip;]<\/p>\n","protected":false},"author":3,"featured_media":0,"comment_status":"open","ping_status":"open","sticky":false,"template":"","format":"standard","meta":{"footnotes":""},"categories":[22],"tags":[],"class_list":["post-191603","post","type-post","status-publish","format-standard","hentry","category-politica"],"_links":{"self":[{"href":"https:\/\/diariodominicano.com\/index.php?rest_route=\/wp\/v2\/posts\/191603","targetHints":{"allow":["GET"]}}],"collection":[{"href":"https:\/\/diariodominicano.com\/index.php?rest_route=\/wp\/v2\/posts"}],"about":[{"href":"https:\/\/diariodominicano.com\/index.php?rest_route=\/wp\/v2\/types\/post"}],"author":[{"embeddable":true,"href":"https:\/\/diariodominicano.com\/index.php?rest_route=\/wp\/v2\/users\/3"}],"replies":[{"embeddable":true,"href":"https:\/\/diariodominicano.com\/index.php?rest_route=%2Fwp%2Fv2%2Fcomments&post=191603"}],"version-history":[{"count":0,"href":"https:\/\/diariodominicano.com\/index.php?rest_route=\/wp\/v2\/posts\/191603\/revisions"}],"wp:attachment":[{"href":"https:\/\/diariodominicano.com\/index.php?rest_route=%2Fwp%2Fv2%2Fmedia&parent=191603"}],"wp:term":[{"taxonomy":"category","embeddable":true,"href":"https:\/\/diariodominicano.com\/index.php?rest_route=%2Fwp%2Fv2%2Fcategories&post=191603"},{"taxonomy":"post_tag","embeddable":true,"href":"https:\/\/diariodominicano.com\/index.php?rest_route=%2Fwp%2Fv2%2Ftags&post=191603"}],"curies":[{"name":"wp","href":"https:\/\/api.w.org\/{rel}","templated":true}]}}