{"id":191601,"date":"2008-01-17T00:54:32","date_gmt":"2008-01-17T00:54:32","guid":{"rendered":"http:\/\/diariodominicano.ddns.net\/?p=191601"},"modified":"2008-01-17T00:54:32","modified_gmt":"2008-01-17T00:54:32","slug":"candelier-dice-que-le-preocupa-una-crisis-civico-militar","status":"publish","type":"post","link":"https:\/\/diariodominicano.com\/?p=191601","title":{"rendered":"Candelier dice que le preocupa una crisis Civico-Militar"},"content":{"rendered":"<p><body><\/p>\n<p class=\"titulogrande1\"><strong>Candelier<\/strong> dice que le<strong> preocupa una crisis Civico-Militar <\/strong><\/p>\n<p>&#13;<\/p>\n<p align=\"justify\" class=\"text1noticias\"><strong>Santo Domingo.-<\/strong> Pedro de Jes\u00fas Candelier  manifest\u00f3 su disposici\u00f3n en debatir con los dem\u00e1s candidatos sobre los temas  centrales que afectan a al pa\u00eds. <\/p>\n<p>&#13;<\/p>\n<p align=\"justify\" class=\"text1noticias\">\u201cLas propuestas del debate entre los candidatos  presidenciales de los diferentes partidos han sido postergadas en el tiempo,  politizada y distorsionada en sus prop\u00f3sitos esenciales\u201d se quejo Candelier. <\/p>\n<p>&#13;<\/p>\n<p align=\"justify\" class=\"text1noticias\">Dijo que \u00a0este pueblo quiere un debate entorno a sus  problemas, quiere escuchar las razones y or\u00edgenes de sus calamidades y  desesperanzas, quiere escuchar el porque la econom\u00eda crece y beneficia solo a \u00a0los sectores de la   Banca nacional e internacional y a los grandes contratista. <\/p>\n<p>&#13;<\/p>\n<p align=\"justify\" class=\"text1noticias\">\u201cEl debate se ha trasladado a un escenario  donde se aplica el ajustes de cuentas por la v\u00eda de expedientes engavetados por  las dos anteriores administraciones\u201d se quejo el general. <\/p>\n<p>&#13;<\/p>\n<p align=\"justify\" class=\"text1noticias\">Expres\u00f3 que \u00a0nos preocupa la grave situaci\u00f3n que se pueda  derivar de que dos de los candidatos de los partidos mayoritarios tengan que  cumplir con las leyes y responder ante el ministerio p\u00fablico sobre acusaciones  introducidas en esas instancias judiciales. <\/p>\n<p>&#13;<\/p>\n<p align=\"justify\" class=\"text1noticias\">Ante el escenario social que vive el pa\u00eds  presionado por los reclamos que demandan sectores \u00a0laborales, y ante la incapacidad del presidente \u00a0de la republica Leonel Fern\u00e1ndez \u00a0de ofertar soluciones salariales \u201cpudiese  estar ante situaciones explosivas\u201d analizo el candidato del PAP. <\/p>\n<p>&#13;<\/p>\n<p align=\"justify\" class=\"text1noticias\">Ante un inminente cuadro de crisis social  y ante la puerta de una crisis pol\u00edtica como consecuencia de la posibilidad de  una inhabilidad por parte de el candidato presidencia Leonel Fern\u00e1ndez\u2026 \u201cnos \u00a0preocupan cambios y movimientos en los estamentos militares que  podr\u00edan responder a medidas preventivas ante una crisis pol\u00edtica\u201d coment\u00f3  Candelier.<\/p>\n<p>&#13;<\/p>\n<p align=\"justify\" class=\"text1noticias\">\u201cUna crisis C\u00edvico-Militar le dar\u00eda una  dimensi\u00f3n mas compleja \u00a0al proceso electoral donde se cambiar\u00edan  los actores y los discursos cambiar\u00edan de contenido\u201d se preocup\u00f3 Candelier.<\/p>\n<p>&#13;<\/p>\n<p align=\"justify\" class=\"text1noticias\">\u201cLo mas importante es mantener la vigencia  de nuestras propuestas en cualquier escenario y que no se le cercene esta  esperanza que representa nuestra candidatura y Alianza Popular\u201d. Se\u00f1al\u00f3  Candelier.<\/p>\n<p>&#13;<\/p>\n<p align=\"justify\" class=\"text1noticias\">\u201cConfiamos en la participaci\u00f3n y en los  esfuerzas que est\u00e1n realizando amplios sectores de la sociedad, \u00a0los medios de comunicaci\u00f3n \u00a0y todas \u00a0las iglesias para desintoxicar el ambiente  electoral con el objetivo que \u00a0se abren tribunas para un mayor y mejor  discurso entre los candidato\u201d confi\u00f3 Candelier.<\/p>\n<p>&#13;<\/p>\n<h6> 2008-01-17 00:54:32 <\/h6>\n<p><!--\n<link rel=\"stylesheet\" href=\"css\/bootstrap.min.css\">\n\n\n<ul class=\"pagination\">\n\t    \n\t\n\n<li >\n\t<a href='?page_no=34348'>Previous<\/a>\n\t<\/li>\n\n\n       \n    \n\n<li><a href='?page_no=1'>1<\/a><\/li>\n\n\n\n<li><a href='?page_no=2'>2<\/a><\/li>\n\n\n\n<li><a>...<\/a><\/li>\n\n\n\n<li><a href='?page_no=34347'>34347<\/a><\/li>\n\n\n\n<li><a href='?page_no=34348'>34348<\/a><\/li>\n\n\n\n<li class='active'><a>34349<\/a><\/li>\n\n\n\n<li><a href='?page_no=34350'>34350<\/a><\/li>\n\n\n\n<li><a href='?page_no=34351'>34351<\/a><\/li>\n\n\n\n<li><a>...<\/a><\/li>\n\n\n\n<li><a href='?page_no=36999'>36999<\/a><\/li>\n\n\n\n<li><a href='?page_no=37000'>37000<\/a><\/li>\n\n    \n\t\n\n<li >\n\t<a href='?page_no=34350'>Next<\/a>\n\t<\/li>\n\n\n    \n\n<li><a href='?page_no=37000'>Last &rsaquo;&rsaquo;<\/a><\/li>\n\n<\/ul>\n\n\n--><br \/>\n<\/body><\/p>\n","protected":false},"excerpt":{"rendered":"<p>Candelier dice que le preocupa una crisis Civico-Militar &#13; Santo Domingo.- Pedro de Jes\u00fas Candelier manifest\u00f3 su disposici\u00f3n en debatir con los dem\u00e1s candidatos sobre los temas centrales que afectan a al pa\u00eds. &#13; \u201cLas propuestas del debate entre los candidatos presidenciales de los diferentes partidos han sido postergadas en el tiempo, politizada y distorsionada [&hellip;]<\/p>\n","protected":false},"author":3,"featured_media":0,"comment_status":"open","ping_status":"open","sticky":false,"template":"","format":"standard","meta":{"footnotes":""},"categories":[22],"tags":[],"class_list":["post-191601","post","type-post","status-publish","format-standard","hentry","category-politica"],"_links":{"self":[{"href":"https:\/\/diariodominicano.com\/index.php?rest_route=\/wp\/v2\/posts\/191601","targetHints":{"allow":["GET"]}}],"collection":[{"href":"https:\/\/diariodominicano.com\/index.php?rest_route=\/wp\/v2\/posts"}],"about":[{"href":"https:\/\/diariodominicano.com\/index.php?rest_route=\/wp\/v2\/types\/post"}],"author":[{"embeddable":true,"href":"https:\/\/diariodominicano.com\/index.php?rest_route=\/wp\/v2\/users\/3"}],"replies":[{"embeddable":true,"href":"https:\/\/diariodominicano.com\/index.php?rest_route=%2Fwp%2Fv2%2Fcomments&post=191601"}],"version-history":[{"count":0,"href":"https:\/\/diariodominicano.com\/index.php?rest_route=\/wp\/v2\/posts\/191601\/revisions"}],"wp:attachment":[{"href":"https:\/\/diariodominicano.com\/index.php?rest_route=%2Fwp%2Fv2%2Fmedia&parent=191601"}],"wp:term":[{"taxonomy":"category","embeddable":true,"href":"https:\/\/diariodominicano.com\/index.php?rest_route=%2Fwp%2Fv2%2Fcategories&post=191601"},{"taxonomy":"post_tag","embeddable":true,"href":"https:\/\/diariodominicano.com\/index.php?rest_route=%2Fwp%2Fv2%2Ftags&post=191601"}],"curies":[{"name":"wp","href":"https:\/\/api.w.org\/{rel}","templated":true}]}}