{"id":191600,"date":"2008-01-17T04:17:56","date_gmt":"2008-01-17T04:17:56","guid":{"rendered":"http:\/\/diariodominicano.ddns.net\/?p=191600"},"modified":"2008-01-17T04:17:56","modified_gmt":"2008-01-17T04:17:56","slug":"bachelet-los-viejos-anhelos-de-justicia-se-traducen-hoy-en-hechos","status":"publish","type":"post","link":"https:\/\/diariodominicano.com\/?p=191600","title":{"rendered":"Bachelet: \u00abLos viejos anhelos de justicia se traducen hoy en hechos\u00bb"},"content":{"rendered":"<p><body><\/p>\n<h1 class=\"titulogrande1\">Bachelet: \u00abLos viejos anhelos de justicia se traducen hoy en  hechos\u00bb<\/h1>\n<p>&#13;<\/p>\n<p align=\"justify\"><strong>Mediante cadena nacional de televisi\u00f3n, la Mandataria destac\u00f3 la  aprobaci\u00f3n de la   Reforma Previsional, proyecto emblem\u00e1tico de su gobierno.<\/strong><\/p>\n<p>&#13;<\/p>\n<p align=\"justify\" class=\"text1noticias\"><img loading=\"lazy\" decoding=\"async\" src=\"http:\/\/localhost:8080\/pictures\/bachelet foto.jpg\" width=\"269\" height=\"404\" hspace=\"4\" align=\"left\" \/>La Presidenta <strong>Michelle<\/strong><strong> Bachelet<\/strong>\u00a0 destac\u00f3 la aprobaci\u00f3n de la <strong>Reforma Previsional<\/strong>,  uno de los proyectos m\u00e1s emblem\u00e1ticos de su gobierno, afirmando que con su  implementaci\u00f3n, \u00ablos viejos anhelos de justicia se traducen hoy en  hechos\u00bb.<br \/>&#13;<br \/>\n  <br \/>&#13;<br \/>\n  A trav\u00e9s de cadena nacional televisiva, Bachelet destac\u00f3 que la reforma  tiene una \u00abtrascendencia hist\u00f3rica para la sociedad chilena\u00bb y puso  \u00e9nfasis en los acuerdos pol\u00edticos que permitieron la llegada de esta iniciativa  a buen puerto.<br \/>&#13;<br \/>\n  <br \/>&#13;<br \/>\n  La Presidenta  hizo hincapi\u00e9 en que con la entrada en vigencia de la reforma, tambi\u00e9n se  mejorar\u00e1 \u00abel lado privado del sistema previsional\u00bb.<br \/>&#13;<br \/>\n  <br \/>&#13;<br \/>\n  \u00abA la industria previsional le ha faltado competencia, y ha significado  cobros demasiado altos para los usuarios y ganancias elevadas para los due\u00f1os  de la AFP. Esta  reforma garantiza que las AFP tendr\u00e1n que competir, todos sabemos que dee sta  forma los costos se reducir\u00e1n para la gente y a la larga eso significar\u00e1  mejores pensiones\u00bb, sostuvo.<br \/>&#13;<br \/>\n  <br \/>&#13;<br \/>\n  Las modificaciones del Senado al proyecto que reforma el sistema previsional  chileno\u00a0fueron aprobadas hoy por <strong>107 votos a favor<\/strong>, en la <strong>C\u00e1mara<\/strong><strong> de Diputados.<\/strong><br \/>&#13;<br \/>\n  <br \/>&#13;<br \/>\n  La iniciativa crea un nuevo sistema de car\u00e1cter solidario, financiado con  aportes del Estado y complementario al regulado en el Decreto Ley 3.500,  destinado a otorgar pensiones b\u00e1sicas y aportes previsionales, tanto de vejez  como de invalidez.<br \/>&#13;<br \/>\n  <br \/>&#13;<br \/>\n  La pensi\u00f3n b\u00e1sica beneficiar\u00e1 a quienes no tienen derecho a pensi\u00f3n en alg\u00fan  r\u00e9gimen previsional y, tendr\u00e1 un valor de 60 mil pesos a contar del 1 de julio  de 2008; y de 75 mil desde el 1 de julio de 2009.<br \/>&#13;<br \/>\n  <br \/>&#13;<br \/>\n  Dentro de los m\u00faltiples cambios que el Senado introdujo a esta iniciativa  figura la creaci\u00f3n del Fondo de Educaci\u00f3n Previsional, que estar\u00e1 a cargo de la Subsecretar\u00eda de  Previsi\u00f3n Social, destinado a desarrollar iniciativas de promoci\u00f3n, difusi\u00f3n y  educaci\u00f3n de este sistema, mediante un mecanismo concursable, estableciendo  que, al menos un 60% de los fondos, deber\u00e1 destinarse a beneficiarios de  regiones.<br \/>&#13;<br \/>\n  <br \/>&#13;<br \/>\n  En tanto, el vocero de Gobierno, <strong>Francisco Vidal<\/strong>, indic\u00f3  que \u00abse ha aprobado la principal reforma antes de cumplir la mitad de su  mandato (Bachelet) una reforma que para decirlo f\u00e1cil son m\u00e1s y mejores  pensiones\u00bb.<br \/>&#13;<br \/>\n  <br \/>&#13;<br \/>\n  Consultado por algunas discrepancias entre personeros al interior del  oficialismo, los que aseguraron que la reforma era d\u00e9bil, Vidal dijo \u00abno hay  nadie de la Concertaci\u00f3n  que est\u00e9 en contra, hay gente de la Concertaci\u00f3n que quer\u00eda ir m\u00e1s all\u00e1, algunos que  quer\u00edan que fueran 60.000 este a\u00f1o y 75.000 el otro a\u00f1o, pero que fueran 75.000  ahora. Lo que importa\u00a0es que van a haber decenas de miles de chilenos que  nunca han recibido una pensi\u00f3n y que la van a recibir\u00bb.<br \/>&#13;<br \/>\n  <br \/>&#13;<br \/>\n  \u00abAs\u00ed que para los chilenos y chilenas de m\u00e1s de 65 a\u00f1os la mejor  noticia se inicia este a\u00f1o con una pol\u00edtica que va a hacer justicia a los que  hoy d\u00eda tienen pensiones bajas y a los que hoy d\u00eda, habiendo trabajado o no, no  han recibido nunca una pensi\u00f3n\u00bb, aclar\u00f3 el vocero de Gobierno.<br \/>&#13;<br \/>\n  <br \/>&#13;<br \/>\n  <strong>AFP ESTATAL<\/strong><strong><br \/>&#13;<br \/>\n  <br \/>&#13;<br \/>\n  <\/strong>La C\u00e1mara  ratific\u00f3 adem\u00e1s el cambio que introdujo el Senado, en orden a rechazar la norma  que autorizaba a los bancos a constituir AFP.<br \/>&#13;<br \/>\n  <br \/>&#13;<br \/>\n  Sin embargo, en su intervenci\u00f3n en la Sala, el ministro de Hacienda, Andr\u00e9s Velasco,  reiter\u00f3 que una vez que los beneficios que introduce esta ley comiencen a  pagarse, en julio de este a\u00f1o, el Ejecutivo enviar\u00e1 un proyecto de ley para  crear una AFP estatal como filial del Bancoestado.<br \/>&#13;<br \/>\n  <br \/>&#13;<br \/>\n  La ley crea, adem\u00e1s, una nueva institucionalidad previsional, que incluye  una Superintendencia de Pensiones, que reemplazar\u00e1 a la actual de AFP. Esta  repartici\u00f3n se encargar\u00e1 de la regulaci\u00f3n del sistema previsional, incluyendo  los reg\u00edmenes solidario, contributivo y voluntario.<br \/>&#13;<br \/>\n  <br \/>&#13;<br \/>\n  Para ello tambi\u00e9n se crea un Consejo T\u00e9cnico de Inversiones, que recomendar\u00e1  a la nueva Superintendencia la normativa espec\u00edfica sobre inversiones de los  fondos administrados por las AFP; y el Instituto de Previsi\u00f3n Social,  responsable de la administraci\u00f3n del sistema de pensiones solidarias, de los  reg\u00edmenes previsionales que administra el INP, y de los centros de atenci\u00f3n  previsional integral.<br \/>&#13;<br \/>\n  <br \/>&#13;<br \/>\n  En otro plano, se faculta a la Tesorer\u00eda General para retener del empleador el  equivalente a las cotizaciones previsionales adeudadas de su devoluci\u00f3n de  impuestos y de cualquier otra devoluci\u00f3n o cr\u00e9dito fiscal.<br \/>&#13;<br \/>\n  <br \/>&#13;<br \/>\n  En el \u00e1mbito de participaci\u00f3n ciudadana se crea la Comisi\u00f3n de Usuarios del  sistema de pensiones que informar\u00e1 a la Subsecretar\u00eda de  Previsi\u00f3n Social y a otros organismos p\u00fablicos del sector, sobre el  funcionamiento del sistema y propondr\u00e1 las estrategias de educaci\u00f3n y difusi\u00f3n.<\/p>\n<p>&#13;<\/p>\n<h6> 2008-01-17 04:17:56 <\/h6>\n<p><!--\n<link rel=\"stylesheet\" href=\"css\/bootstrap.min.css\">\n\n\n<ul class=\"pagination\">\n\t    \n\t\n\n<li >\n\t<a href='?page_no=34347'>Previous<\/a>\n\t<\/li>\n\n\n       \n    \n\n<li><a href='?page_no=1'>1<\/a><\/li>\n\n\n\n<li><a href='?page_no=2'>2<\/a><\/li>\n\n\n\n<li><a>...<\/a><\/li>\n\n\n\n<li><a href='?page_no=34346'>34346<\/a><\/li>\n\n\n\n<li><a href='?page_no=34347'>34347<\/a><\/li>\n\n\n\n<li class='active'><a>34348<\/a><\/li>\n\n\n\n<li><a href='?page_no=34349'>34349<\/a><\/li>\n\n\n\n<li><a href='?page_no=34350'>34350<\/a><\/li>\n\n\n\n<li><a>...<\/a><\/li>\n\n\n\n<li><a href='?page_no=36999'>36999<\/a><\/li>\n\n\n\n<li><a href='?page_no=37000'>37000<\/a><\/li>\n\n    \n\t\n\n<li >\n\t<a href='?page_no=34349'>Next<\/a>\n\t<\/li>\n\n\n    \n\n<li><a href='?page_no=37000'>Last &rsaquo;&rsaquo;<\/a><\/li>\n\n<\/ul>\n\n\n--><br \/>\n<\/body><\/p>\n","protected":false},"excerpt":{"rendered":"<p>Bachelet: \u00abLos viejos anhelos de justicia se traducen hoy en hechos\u00bb &#13; Mediante cadena nacional de televisi\u00f3n, la Mandataria destac\u00f3 la aprobaci\u00f3n de la Reforma Previsional, proyecto emblem\u00e1tico de su gobierno. &#13; La Presidenta Michelle Bachelet\u00a0 destac\u00f3 la aprobaci\u00f3n de la Reforma Previsional, uno de los proyectos m\u00e1s emblem\u00e1ticos de su gobierno, afirmando que con [&hellip;]<\/p>\n","protected":false},"author":3,"featured_media":0,"comment_status":"open","ping_status":"open","sticky":false,"template":"","format":"standard","meta":{"footnotes":""},"categories":[22],"tags":[],"class_list":["post-191600","post","type-post","status-publish","format-standard","hentry","category-politica"],"_links":{"self":[{"href":"https:\/\/diariodominicano.com\/index.php?rest_route=\/wp\/v2\/posts\/191600","targetHints":{"allow":["GET"]}}],"collection":[{"href":"https:\/\/diariodominicano.com\/index.php?rest_route=\/wp\/v2\/posts"}],"about":[{"href":"https:\/\/diariodominicano.com\/index.php?rest_route=\/wp\/v2\/types\/post"}],"author":[{"embeddable":true,"href":"https:\/\/diariodominicano.com\/index.php?rest_route=\/wp\/v2\/users\/3"}],"replies":[{"embeddable":true,"href":"https:\/\/diariodominicano.com\/index.php?rest_route=%2Fwp%2Fv2%2Fcomments&post=191600"}],"version-history":[{"count":0,"href":"https:\/\/diariodominicano.com\/index.php?rest_route=\/wp\/v2\/posts\/191600\/revisions"}],"wp:attachment":[{"href":"https:\/\/diariodominicano.com\/index.php?rest_route=%2Fwp%2Fv2%2Fmedia&parent=191600"}],"wp:term":[{"taxonomy":"category","embeddable":true,"href":"https:\/\/diariodominicano.com\/index.php?rest_route=%2Fwp%2Fv2%2Fcategories&post=191600"},{"taxonomy":"post_tag","embeddable":true,"href":"https:\/\/diariodominicano.com\/index.php?rest_route=%2Fwp%2Fv2%2Ftags&post=191600"}],"curies":[{"name":"wp","href":"https:\/\/api.w.org\/{rel}","templated":true}]}}