{"id":191599,"date":"2008-01-17T04:22:06","date_gmt":"2008-01-17T04:22:06","guid":{"rendered":"http:\/\/diariodominicano.ddns.net\/?p=191599"},"modified":"2008-01-17T04:22:06","modified_gmt":"2008-01-17T04:22:06","slug":"foxley-peru-desconoce-tratados-vigentes","status":"publish","type":"post","link":"https:\/\/diariodominicano.com\/?p=191599","title":{"rendered":"Foxley: \u00abPer\u00fa desconoce tratados vigentes\u00bb"},"content":{"rendered":"<p><body><\/p>\n<h1 class=\"titulogrande1\">Foxley: \u00abPer\u00fa desconoce tratados vigentes\u00bb<\/h1>\n<p>&#13;<\/p>\n<p align=\"justify\"><strong>El titular de RR.EE. expres\u00f3, adem\u00e1s, \u00abnuestro reconocimiento muy  sincero\u00bb a todos los sectores pol\u00edtico-sociales del pa\u00eds por el respaldo  un\u00e1nime a la postura chilena frente al litigio.<\/strong><\/p>\n<p>&#13;<\/p>\n<p align=\"justify\" class=\"text1noticias\"><img loading=\"lazy\" decoding=\"async\" src=\"http:\/\/localhost:8080\/pictures\/alejandro foxley pic.jpg\" width=\"269\" height=\"195\" hspace=\"4\" align=\"left\" \/>Pasadas las 13.00 horas, el canciller <strong>Alejandro Foxley<\/strong> ley\u00f3  una declaraci\u00f3n, en representaci\u00f3n de la Presidenta Michelle  Bachelet, a modo de respuesta frente a la demanda interpuesta esta ma\u00f1ana por  el Estado peruano en la   Corte Internacional de Justicia de La Haya.<br \/>&#13;<br \/>\n  <br \/>&#13;<br \/>\n\u00abEl gobierno de Chile lamenta profundamente esta presentaci\u00f3n ya que en  ella se desconocen tratados vigentes entre ambos pa\u00edses y se desconoce la  pr\u00e1ctica observada por d\u00e9cadas en su aplicaci\u00f3n\u00bb, sostuvo Foxley.<br \/>&#13;<br \/>\n<br \/>&#13;<br \/>\nEl ministro destac\u00f3 que \u00abla demanda del Per\u00fa se refiere a espacios que  se encuentran incuestionablemente bajo soberan\u00eda y jursidicci\u00f3n chilena\u00bb,  de modo que \u00abnuestro pa\u00eds har\u00e1 valer todos los derechos que le asisten de  acuerdo al derecho internacional\u00bb.<br \/>&#13;<br \/>\n<br \/>&#13;<br \/>\nAsimismo, el titular de RR.EE. manifest\u00f3 las intenciones de Chile por  mantener las buenas relaciones con el vecino pa\u00eds. \u00abEsperamos que las  relaciones con Per\u00fa contin\u00faen por la senda de la cooperaci\u00f3n y del  entendimiento, en beneficio de sus respectivos pueblos y de las futuras generaciones\u00bb,  dijo.<br \/>&#13;<br \/>\n<br \/>&#13;<br \/>\nRespecto de la estrategia chilena, Foxley nombr\u00f3 a algunos de los  integrantes del equipo que estar\u00e1 a cargo del subsecretario de RR.EE., <strong>Alberto  van Klaveren<\/strong>, y de los co-agentes <strong>Mar\u00eda Teresa Infante<\/strong> (directora de Fronteras y L\u00edmites) y <strong>Juan Martabit\u00a0<\/strong> (actual embajador en Ginebra).<br \/>&#13;<br \/>\n<br \/>&#13;<br \/>\nComo parte del equipo jur\u00eddico externo, Foxley\u00a0confirm\u00f3 al especialista  en arbitrajes\u00a0<strong>Jan Paulsson<\/strong>, nominaci\u00f3n que ayer fue  adelantada por <strong>La   Tercera.<\/strong><br \/>&#13;<br \/>\n<br \/>&#13;<br \/>\nFinalmente, el canciller expres\u00f3 su \u00abreconocimiento muy sincero a todos  los partidos pol\u00edticos, a la Central Unitaria de Trabajadores, a la Confederaci\u00f3n de la Producci\u00f3n y el  Comercio y a los ex cancilleres por su respaldo un\u00e1nime a la defensa que est\u00e1  haciendo Chile\u00bb. \u00abLa unidad nacional ser\u00e1 el principal factor que  har\u00e1 posible que esta sea una defensa de la cual nos sintamos orgullosos\u00bb,  concluy\u00f3.<br \/>&#13;<br \/>\n<br \/>&#13;<br \/>\n  <strong>DEMANDA OFICIALIZADA<\/strong><br \/>&#13;<br \/>\n  <br \/>&#13;<br \/>\n  El gobierno de Per\u00fa present\u00f3 oficialmente este mi\u00e9rcoles ante la Corte Internacional  de La Haya su  demanda por un supuesto diferendo mar\u00edtimo con Chile.<br \/>&#13;<br \/>\n  <br \/>&#13;<br \/>\n  El jefe de la delegaci\u00f3n diplom\u00e1tica de Per\u00fa ante la Corte Internacional  de La Haya, <strong>Allan  Wagner<\/strong> materializ\u00f3 la entrega del documento a las\u00a07:30 horas de  Per\u00fa (5:30 de Chile), seg\u00fan informa la prensa del vecino pa\u00eds.<br \/>&#13;<br \/>\n  <br \/>&#13;<br \/>\n  Wagner confirm\u00f3 que present\u00f3 hoy ante ese tribunal la demanda para  solucionar la controversia en torno a los l\u00edmites mar\u00edtimos con Chile.<br \/>&#13;<br \/>\n  <br \/>&#13;<br \/>\n\u00abProced\u00ed a entregar al secretario de la Corte el documento que  solicita a la Corte  de Justicia Internacional (para) definir el l\u00edmite mar\u00edtimo con Chile y resolver  por consiguiente, de una forma pac\u00edfica, la controversia al respecto\u00bb,  manifest\u00f3 Wagner a Radio Programas del Per\u00fa (RPP).<br \/>&#13;<br \/>\n<br \/>&#13;<br \/>\nWagner subray\u00f3 que no dar\u00e1 mayores detalles sobre el contenido la demanda  porque ser\u00e1 el presidente de Per\u00fa, Alan Garc\u00eda, quien informe del asunto en un  mensaje p\u00fablico que dar\u00e1 al Congreso en las pr\u00f3ximas horas.<br \/>&#13;<br \/>\n<br \/>&#13;<br \/>\n  El canciller peruano, <strong>Jos\u00e9 Antonio Garc\u00eda Belaunde<\/strong>, declar\u00f3  ayer que es previsible que la presentaci\u00f3n de la demanda cause cierto revuelo,  pero mantuvo el discurso de las autoridades y expres\u00f3 que despu\u00e9s todo volver\u00e1  a la normalidad.<br \/>&#13;<br \/>\n  <br \/>&#13;<br \/>\n  Por su parte\u00a0el Presidente <strong>Alan Garc\u00eda<\/strong> va camino en  estos momentos al Congreso para entregar detalles de los aspectos contenidos en  el documento presentado por Wagner en el tribunal internacional..<br \/>&#13;<br \/>\n  <br \/>&#13;<br \/>\n  Per\u00fa notific\u00f3 oficialmente a Chile en septiembre\u00a0de 2007\u00a0su  intenci\u00f3n de llevar el reclamo al Tribunal Internacional, en una disputa que se  reactiv\u00f3 en mayo del a\u00f1o pasado, cuando el gobierno de Lima present\u00f3 ante las  Naciones Unidas la Ley  de L\u00edneas de Base del Dominio Mar\u00edtimo, aprobada por el Congreso en 2005.<br \/>&#13;<br \/>\n  <br \/>&#13;<br \/>\n  La decisi\u00f3n de acudir a esa instancia ha causado gran malestar en Chile, ya  que\u00a0los l\u00edmites mar\u00edtimos bilaterales fueron fijados en tratados suscritos  en 1952 y 1954, que seg\u00fan la posici\u00f3n oficial del Per\u00fa s\u00f3lo son acuerdos  pesqueros.<br \/>&#13;<br \/>\n  <br \/>&#13;<br \/>\n  Los peruanos, que plasmaron sus l\u00edmites mar\u00edtimos en un mapa publicado en  agosto pasado, toman como base el Punto de la Concordia para  proyectar, en un trazo equidistante, las 200 millas de dominio  mar\u00edtimo.<br \/>&#13;<br \/>\n  <br \/>&#13;<br \/>\n  Chile, por su parte, utiliza la l\u00ednea del paralelo para fijar la frontera  mar\u00edtima y argumenta que el l\u00edmite territorial no est\u00e1 a orillas del mar, sino  en el denominado Hito 1, unos 220 metros tierra adentro hacia el nordeste.<\/p>\n<p>&#13;<\/p>\n<h1 align=\"justify\" class=\"text1noticias\">Los pasos del litigio<\/h1>\n<p>&#13;<\/p>\n<p align=\"justify\" class=\"text1noticias\"><strong>1.-<\/strong> El Gobierno peruano -a trav\u00e9s del jefe de su equipo,  Allan Wagner- presenta, ante la Corte Internacional de La Haya, la demanda en contra de  Chile.<br \/>&#13;<br \/>\n  <br \/>&#13;<br \/>\n  <strong>2.-<\/strong> La presidenta de la Corte convoca a los agentes de cada pa\u00eds, para  definir calendario del litigio y fijar fecha para la entrega de  los\u00a0antecedentes.<br \/>&#13;<br \/>\n  <br \/>&#13;<br \/>\n  <strong>3.-<\/strong> Corte decide competencia en el caso. La estrategia  chilena tendr\u00e1 como primera etapa la impugnaci\u00f3n de la competencia del  tribunal.<br \/>&#13;<br \/>\n  <br \/>&#13;<br \/>\n  <strong>4.-<\/strong> Si se acepta la demanda se inicia el juicio que -seg\u00fan  han se\u00f1alado las autoridades de la Canciller\u00eda- podr\u00eda durar cinco a\u00f1os o m\u00e1s.<br \/>&#13;<br \/>\n  <br \/>&#13;<br \/>\n<strong>Jorge Ram\u00edrez\/LaTercera<\/strong><\/p>\n<p>&#13;<\/p>\n<h6> 2008-01-17 04:22:06 <\/h6>\n<p><!--\n<link rel=\"stylesheet\" href=\"css\/bootstrap.min.css\">\n\n\n<ul class=\"pagination\">\n\t    \n\t\n\n<li >\n\t<a href='?page_no=34346'>Previous<\/a>\n\t<\/li>\n\n\n       \n    \n\n<li><a href='?page_no=1'>1<\/a><\/li>\n\n\n\n<li><a href='?page_no=2'>2<\/a><\/li>\n\n\n\n<li><a>...<\/a><\/li>\n\n\n\n<li><a href='?page_no=34345'>34345<\/a><\/li>\n\n\n\n<li><a href='?page_no=34346'>34346<\/a><\/li>\n\n\n\n<li class='active'><a>34347<\/a><\/li>\n\n\n\n<li><a href='?page_no=34348'>34348<\/a><\/li>\n\n\n\n<li><a href='?page_no=34349'>34349<\/a><\/li>\n\n\n\n<li><a>...<\/a><\/li>\n\n\n\n<li><a href='?page_no=36999'>36999<\/a><\/li>\n\n\n\n<li><a href='?page_no=37000'>37000<\/a><\/li>\n\n    \n\t\n\n<li >\n\t<a href='?page_no=34348'>Next<\/a>\n\t<\/li>\n\n\n    \n\n<li><a href='?page_no=37000'>Last &rsaquo;&rsaquo;<\/a><\/li>\n\n<\/ul>\n\n\n--><br \/>\n<\/body><\/p>\n","protected":false},"excerpt":{"rendered":"<p>Foxley: \u00abPer\u00fa desconoce tratados vigentes\u00bb &#13; El titular de RR.EE. expres\u00f3, adem\u00e1s, \u00abnuestro reconocimiento muy sincero\u00bb a todos los sectores pol\u00edtico-sociales del pa\u00eds por el respaldo un\u00e1nime a la postura chilena frente al litigio. &#13; Pasadas las 13.00 horas, el canciller Alejandro Foxley ley\u00f3 una declaraci\u00f3n, en representaci\u00f3n de la Presidenta Michelle Bachelet, a modo [&hellip;]<\/p>\n","protected":false},"author":3,"featured_media":0,"comment_status":"open","ping_status":"open","sticky":false,"template":"","format":"standard","meta":{"footnotes":""},"categories":[22],"tags":[],"class_list":["post-191599","post","type-post","status-publish","format-standard","hentry","category-politica"],"_links":{"self":[{"href":"https:\/\/diariodominicano.com\/index.php?rest_route=\/wp\/v2\/posts\/191599","targetHints":{"allow":["GET"]}}],"collection":[{"href":"https:\/\/diariodominicano.com\/index.php?rest_route=\/wp\/v2\/posts"}],"about":[{"href":"https:\/\/diariodominicano.com\/index.php?rest_route=\/wp\/v2\/types\/post"}],"author":[{"embeddable":true,"href":"https:\/\/diariodominicano.com\/index.php?rest_route=\/wp\/v2\/users\/3"}],"replies":[{"embeddable":true,"href":"https:\/\/diariodominicano.com\/index.php?rest_route=%2Fwp%2Fv2%2Fcomments&post=191599"}],"version-history":[{"count":0,"href":"https:\/\/diariodominicano.com\/index.php?rest_route=\/wp\/v2\/posts\/191599\/revisions"}],"wp:attachment":[{"href":"https:\/\/diariodominicano.com\/index.php?rest_route=%2Fwp%2Fv2%2Fmedia&parent=191599"}],"wp:term":[{"taxonomy":"category","embeddable":true,"href":"https:\/\/diariodominicano.com\/index.php?rest_route=%2Fwp%2Fv2%2Fcategories&post=191599"},{"taxonomy":"post_tag","embeddable":true,"href":"https:\/\/diariodominicano.com\/index.php?rest_route=%2Fwp%2Fv2%2Ftags&post=191599"}],"curies":[{"name":"wp","href":"https:\/\/api.w.org\/{rel}","templated":true}]}}