{"id":191598,"date":"2008-01-17T04:25:31","date_gmt":"2008-01-17T04:25:31","guid":{"rendered":"http:\/\/diariodominicano.ddns.net\/?p=191598"},"modified":"2008-01-17T04:25:31","modified_gmt":"2008-01-17T04:25:31","slug":"insulza-llama-a-que-paises-latinoamericanos-se-unan-para-liberar-a-rehenes-de-las-farc","status":"publish","type":"post","link":"https:\/\/diariodominicano.com\/?p=191598","title":{"rendered":"Insulza llama a que pa\u00edses latinoamericanos se unan para liberar a rehenes de las Farc"},"content":{"rendered":"<p><body><\/p>\n<h1 align=\"justify\" class=\"titulogrande1\">Insulza llama a que pa\u00edses latinoamericanos se unan para liberar a rehenes  de las Farc<\/h1>\n<p>&#13;<\/p>\n<p align=\"justify\"><strong>Insulza calific\u00f3 la situaci\u00f3n de los secuestrados como uno de los casos  \u00abm\u00e1s dram\u00e1ticos\u00bb de violaci\u00f3n de los derechos humanos en el continente.<\/strong><\/p>\n<p>&#13;<\/p>\n<p align=\"justify\" class=\"text1noticias\"><img loading=\"lazy\" decoding=\"async\" src=\"http:\/\/localhost:8080\/pictures\/jose miguel insulza.jpg\" width=\"269\" height=\"351\" hspace=\"4\" align=\"left\" \/>Los pa\u00edses de Am\u00e9rica Latina y del hemisferio deber\u00edan unirse para trabajar  por la liberaci\u00f3n de todas las personas secuestradas por la guerrilla de las  Farc en Colombia, dijo el mi\u00e9rcoles el secretario general de la OEA, <strong>Jos\u00e9 Miguel  Insulza<\/strong>.<br \/>&#13;<br \/>\n  <br \/>&#13;<br \/>\n  El secretario record\u00f3 que despu\u00e9s de la liberaci\u00f3n unilateral de dos rehenes  la semana pasada a\u00fan quedaban 774 personas secuestradas, muchas de ellas hace  a\u00f1os en cautiverio.<br \/>&#13;<br \/>\n  <br \/>&#13;<br \/>\n\u00abEsos secuestros prolongados de personas son atropellos contra la  humanidad\u00bb, dijo Insulza durante una sesi\u00f3n del consejo permanente de la Organizaci\u00f3n de  Estados Americanos.<br \/>&#13;<br \/>\n<br \/>&#13;<br \/>\n\u00abCreo que todos tenemos que reconocer eso y trabajar unidos para  ponerle fin\u00bb, agreg\u00f3.<br \/>&#13;<br \/>\n<br \/>&#13;<br \/>\nInsulza calific\u00f3 la situaci\u00f3n de los secuestrados como uno de los casos  \u00abm\u00e1s dram\u00e1ticos\u00bb de violaci\u00f3n de los derechos humanos en el  continente y reiter\u00f3 la disposici\u00f3n del organismo para seguir trabajando con el  Gobierno de Colombia por un acuerdo de paz con la guerrilla.<br \/>&#13;<br \/>\n<br \/>&#13;<br \/>\nLas dos rehenes, Clara Rojas y Consuelo Gonz\u00e1lez, fueron liberadas por las  Fuerzas Armadas Revolucionarias de Colombia (Farc) como desagravio al presidente izquierdista venezolano, Hugo Ch\u00e1vez,  despu\u00e9s que Bogot\u00e1 interrumpi\u00f3 su mediaci\u00f3n con la guerrilla que buscaba  liberar lo menos 45 rehenes pol\u00edticos.<br \/>&#13;<br \/>\n<br \/>&#13;<br \/>\nEl gobierno colombiano se\u00f1al\u00f3 en la ocasi\u00f3n que puso fin a las negociaciones  porque Ch\u00e1vez se entrometi\u00f3 en asuntos internos del pa\u00eds.<br \/>&#13;<br \/>\n<br \/>&#13;<br \/>\nPero despu\u00e9s de la liberaci\u00f3n de las dos secuestradas la semana pasada,  Ch\u00e1vez pidi\u00f3 a los pa\u00edses que califican las Farc como grupo terrorista que  reconsideraran la denominaci\u00f3n, diciendo que en realidad los rebeldes son  \u00abinsurgentes\u00bb.<br \/>&#13;<br \/>\n<br \/>&#13;<br \/>\nEn la OEA, el  representante permanente de Colombia, Camilo Ospina, agradeci\u00f3 la preocupaci\u00f3n  del organismo con los rehenes y reiter\u00f3 palabras del mandatario conservador  Alvaro Uribe,\u00a0afirmando que Colombia \u00abconsidera terroristas a grupos  insurgentes\u00bb.<br \/>&#13;<br \/>\n<br \/>&#13;<br \/>\nAgreg\u00f3 adem\u00e1s que el pa\u00eds \u00abratifica su compromiso con los principios  del derecho internacional y muy especialmente con el principio de no  intervenci\u00f3n en los asuntos internos de los Estados, sin perjucio de los  compromisos y obligaciones que la lucha contra el terrorismo y el narcotr\u00e1fico exigen\u00bb.<br \/>&#13;<br \/>\n<br \/>&#13;<br \/>\n<em>Reuters.-<\/em><\/p>\n<p>&#13;<\/p>\n<h6> 2008-01-17 04:25:31 <\/h6>\n<p><!--\n<link rel=\"stylesheet\" href=\"css\/bootstrap.min.css\">\n\n\n<ul class=\"pagination\">\n\t    \n\t\n\n<li >\n\t<a href='?page_no=34345'>Previous<\/a>\n\t<\/li>\n\n\n       \n    \n\n<li><a href='?page_no=1'>1<\/a><\/li>\n\n\n\n<li><a href='?page_no=2'>2<\/a><\/li>\n\n\n\n<li><a>...<\/a><\/li>\n\n\n\n<li><a href='?page_no=34344'>34344<\/a><\/li>\n\n\n\n<li><a href='?page_no=34345'>34345<\/a><\/li>\n\n\n\n<li class='active'><a>34346<\/a><\/li>\n\n\n\n<li><a href='?page_no=34347'>34347<\/a><\/li>\n\n\n\n<li><a href='?page_no=34348'>34348<\/a><\/li>\n\n\n\n<li><a>...<\/a><\/li>\n\n\n\n<li><a href='?page_no=36999'>36999<\/a><\/li>\n\n\n\n<li><a href='?page_no=37000'>37000<\/a><\/li>\n\n    \n\t\n\n<li >\n\t<a href='?page_no=34347'>Next<\/a>\n\t<\/li>\n\n\n    \n\n<li><a href='?page_no=37000'>Last &rsaquo;&rsaquo;<\/a><\/li>\n\n<\/ul>\n\n\n--><br \/>\n<\/body><\/p>\n","protected":false},"excerpt":{"rendered":"<p>Insulza llama a que pa\u00edses latinoamericanos se unan para liberar a rehenes de las Farc &#13; Insulza calific\u00f3 la situaci\u00f3n de los secuestrados como uno de los casos \u00abm\u00e1s dram\u00e1ticos\u00bb de violaci\u00f3n de los derechos humanos en el continente. &#13; Los pa\u00edses de Am\u00e9rica Latina y del hemisferio deber\u00edan unirse para trabajar por la liberaci\u00f3n [&hellip;]<\/p>\n","protected":false},"author":3,"featured_media":0,"comment_status":"open","ping_status":"open","sticky":false,"template":"","format":"standard","meta":{"footnotes":""},"categories":[22],"tags":[],"class_list":["post-191598","post","type-post","status-publish","format-standard","hentry","category-politica"],"_links":{"self":[{"href":"https:\/\/diariodominicano.com\/index.php?rest_route=\/wp\/v2\/posts\/191598","targetHints":{"allow":["GET"]}}],"collection":[{"href":"https:\/\/diariodominicano.com\/index.php?rest_route=\/wp\/v2\/posts"}],"about":[{"href":"https:\/\/diariodominicano.com\/index.php?rest_route=\/wp\/v2\/types\/post"}],"author":[{"embeddable":true,"href":"https:\/\/diariodominicano.com\/index.php?rest_route=\/wp\/v2\/users\/3"}],"replies":[{"embeddable":true,"href":"https:\/\/diariodominicano.com\/index.php?rest_route=%2Fwp%2Fv2%2Fcomments&post=191598"}],"version-history":[{"count":0,"href":"https:\/\/diariodominicano.com\/index.php?rest_route=\/wp\/v2\/posts\/191598\/revisions"}],"wp:attachment":[{"href":"https:\/\/diariodominicano.com\/index.php?rest_route=%2Fwp%2Fv2%2Fmedia&parent=191598"}],"wp:term":[{"taxonomy":"category","embeddable":true,"href":"https:\/\/diariodominicano.com\/index.php?rest_route=%2Fwp%2Fv2%2Fcategories&post=191598"},{"taxonomy":"post_tag","embeddable":true,"href":"https:\/\/diariodominicano.com\/index.php?rest_route=%2Fwp%2Fv2%2Ftags&post=191598"}],"curies":[{"name":"wp","href":"https:\/\/api.w.org\/{rel}","templated":true}]}}