{"id":191597,"date":"2008-01-17T18:22:33","date_gmt":"2008-01-17T18:22:33","guid":{"rendered":"http:\/\/diariodominicano.ddns.net\/?p=191597"},"modified":"2008-01-17T18:22:33","modified_gmt":"2008-01-17T18:22:33","slug":"gobierno-mantendra-estabilidad-economica-2","status":"publish","type":"post","link":"https:\/\/diariodominicano.com\/?p=191597","title":{"rendered":"Gobierno mantendr\u00e1 estabilidad econ\u00f3mica"},"content":{"rendered":"<p><body><\/p>\n<p align=\"justify\" class=\"text1noticias\"><span class=\"titulogrande1\">Gobierno mantendr\u00e1 estabilidad econ\u00f3mica<\/span><br \/>&#13;<br \/>\n  <br \/>&#13;<br \/>\n    <img loading=\"lazy\" decoding=\"async\" src=\"http:\/\/localhost:8080\/pictures\/temo23.jpg\" width=\"269\" height=\"299\" hspace=\"4\" align=\"left\" \/><strong>Santo Domingo.-<\/strong> En  opini\u00f3n del ingeniero Temistocles Montas , Secretario de Econom\u00eda ,  Planificaci\u00f3n y Desarrollo la crisis econ\u00f3mica que se registra en la actualidad  en el mundo , no amenaza bajo ninguna circunstancia la actual estabilidad que  registra la   Republica Dominicana. <\/p>\n<p>&#13;<\/p>\n<p align=\"justify\" class=\"text1noticias\">El  funcionario sostuvo que las autoridades actuales han tomado todas las  medidas de rigor para evitar que la econom\u00eda dominicana sea afectada ante el  desplome de la econom\u00eda mundial. <\/p>\n<p>&#13;<\/p>\n<p align=\"justify\" class=\"text1noticias\">Tem\u00edstocles  Mont\u00e1s asegur\u00f3 que por el contrario, la econom\u00eda de la Rep\u00fablica Dominicana  experimentar\u00e1 un crecimiento vigoroso durante el presente a\u00f1o con proyecciones  extraordinaria. <\/p>\n<p>&#13;<\/p>\n<p align=\"justify\" class=\"text1noticias\">Dijo  que el gobierno garantiza la estabilidad econ\u00f3mica y trabajar\u00e1 para lograr que  la econom\u00eda siga creciendo como ha sido su norte desde que asumi\u00f3 el poder. <\/p>\n<p>&#13;<\/p>\n<p align=\"justify\" class=\"text1noticias\">El  ingeniero Tem\u00edstocles Mont\u00e1s tambi\u00e9n anunci\u00f3 que en los pr\u00f3ximos d\u00edas el Fondo  Monetario Internacional (FMI) conocer\u00e1 la \u00faltima carta de intenciones del  acuerdo Stand By que mantiene con la Rep\u00fablica Dominicana. <\/p>\n<p>&#13;<\/p>\n<p align=\"justify\" class=\"text1noticias\">Sostuvo  que espera que los ejecutivos del FMI hagan las revisiones de lugar y aprueben  todo, debido a que el gobierno cumpli\u00f3 con las metas acordadas con el organismo  crediticio internacional. <\/p>\n<p>&#13;<\/p>\n<h6> 2008-01-17 18:22:33 <\/h6>\n<p><!--\n<link rel=\"stylesheet\" href=\"css\/bootstrap.min.css\">\n\n\n<ul class=\"pagination\">\n\t    \n\t\n\n<li >\n\t<a href='?page_no=34344'>Previous<\/a>\n\t<\/li>\n\n\n       \n    \n\n<li><a href='?page_no=1'>1<\/a><\/li>\n\n\n\n<li><a href='?page_no=2'>2<\/a><\/li>\n\n\n\n<li><a>...<\/a><\/li>\n\n\n\n<li><a href='?page_no=34343'>34343<\/a><\/li>\n\n\n\n<li><a href='?page_no=34344'>34344<\/a><\/li>\n\n\n\n<li class='active'><a>34345<\/a><\/li>\n\n\n\n<li><a href='?page_no=34346'>34346<\/a><\/li>\n\n\n\n<li><a href='?page_no=34347'>34347<\/a><\/li>\n\n\n\n<li><a>...<\/a><\/li>\n\n\n\n<li><a href='?page_no=36999'>36999<\/a><\/li>\n\n\n\n<li><a href='?page_no=37000'>37000<\/a><\/li>\n\n    \n\t\n\n<li >\n\t<a href='?page_no=34346'>Next<\/a>\n\t<\/li>\n\n\n    \n\n<li><a href='?page_no=37000'>Last &rsaquo;&rsaquo;<\/a><\/li>\n\n<\/ul>\n\n\n--><br \/>\n<\/body><\/p>\n","protected":false},"excerpt":{"rendered":"<p>Gobierno mantendr\u00e1 estabilidad econ\u00f3mica&#13; &#13; Santo Domingo.- En opini\u00f3n del ingeniero Temistocles Montas , Secretario de Econom\u00eda , Planificaci\u00f3n y Desarrollo la crisis econ\u00f3mica que se registra en la actualidad en el mundo , no amenaza bajo ninguna circunstancia la actual estabilidad que registra la Republica Dominicana. &#13; El funcionario sostuvo que las autoridades actuales [&hellip;]<\/p>\n","protected":false},"author":3,"featured_media":0,"comment_status":"open","ping_status":"open","sticky":false,"template":"","format":"standard","meta":{"footnotes":""},"categories":[22],"tags":[],"class_list":["post-191597","post","type-post","status-publish","format-standard","hentry","category-politica"],"_links":{"self":[{"href":"https:\/\/diariodominicano.com\/index.php?rest_route=\/wp\/v2\/posts\/191597","targetHints":{"allow":["GET"]}}],"collection":[{"href":"https:\/\/diariodominicano.com\/index.php?rest_route=\/wp\/v2\/posts"}],"about":[{"href":"https:\/\/diariodominicano.com\/index.php?rest_route=\/wp\/v2\/types\/post"}],"author":[{"embeddable":true,"href":"https:\/\/diariodominicano.com\/index.php?rest_route=\/wp\/v2\/users\/3"}],"replies":[{"embeddable":true,"href":"https:\/\/diariodominicano.com\/index.php?rest_route=%2Fwp%2Fv2%2Fcomments&post=191597"}],"version-history":[{"count":0,"href":"https:\/\/diariodominicano.com\/index.php?rest_route=\/wp\/v2\/posts\/191597\/revisions"}],"wp:attachment":[{"href":"https:\/\/diariodominicano.com\/index.php?rest_route=%2Fwp%2Fv2%2Fmedia&parent=191597"}],"wp:term":[{"taxonomy":"category","embeddable":true,"href":"https:\/\/diariodominicano.com\/index.php?rest_route=%2Fwp%2Fv2%2Fcategories&post=191597"},{"taxonomy":"post_tag","embeddable":true,"href":"https:\/\/diariodominicano.com\/index.php?rest_route=%2Fwp%2Fv2%2Ftags&post=191597"}],"curies":[{"name":"wp","href":"https:\/\/api.w.org\/{rel}","templated":true}]}}