{"id":191595,"date":"2008-01-17T21:39:58","date_gmt":"2008-01-17T21:39:58","guid":{"rendered":"http:\/\/diariodominicano.ddns.net\/?p=191595"},"modified":"2008-01-17T21:39:58","modified_gmt":"2008-01-17T21:39:58","slug":"vargas-maldonado-dice-que-se-propone-desarrollar-una-transformacion-del-sistema-educativo","status":"publish","type":"post","link":"https:\/\/diariodominicano.com\/?p=191595","title":{"rendered":"Vargas Maldonado dice que se propone desarrollar una transformaci\u00f3n del sistema educativo"},"content":{"rendered":"<p><body><\/p>\n<p align=\"justify\"><span class=\"titulogrande1\">Vargas Maldonado dice que se propone  desarrollar una transformaci\u00f3n del sistema educativo<\/span> <br \/>&#13;<br \/>\n      <strong><br \/>&#13;<br \/>\n          <img loading=\"lazy\" decoding=\"async\" src=\"http:\/\/localhost:8080\/pictures\/prd ataques.jpg\" width=\"269\" height=\"179\" hspace=\"4\" align=\"left\" \/>Santo  Domingo.-<\/strong><span class=\"text1noticias\"> El candidato presidencial Miguel Vargas afirm\u00f3 que una de las medidas  fundamentales del gobierno que se propone ejecutar a partir del 16 de agosto es  \u201cdesarrollar una eficiente transformaci\u00f3n del sistema educativo, y como  presidente de la Rep\u00fablica  hacer el aporte fundamental a la educaci\u00f3n nacional de cumplir y hacer cumplir la Constituci\u00f3n y las  leyes, lo cual no hace el presidente candidato\u201d.<br \/>&#13;<br \/>\n    <br \/>&#13;<br \/>\n    Expuso  que como jefe del Estado asegurar\u00e1 un adecuado financiamiento y un riguroso  seguimiento a la calidad del sistema educativo por entender que s\u00f3lo as\u00ed podr\u00e1  la sociedad dominicana superar el estancamiento en que se encuentra y dar  inicio a una etapa de desarrollo que genere bienestar y avance verdadero para  la mayor\u00eda de los dominicanos y dominicanas.<br \/>&#13;<br \/>\n    <br \/>&#13;<br \/>\n\u201cNos  encontramos en un momento crucial para el desarrollo del pa\u00eds, en el que  invertimos lo necesario y aseguramos la calidad de la educaci\u00f3n, o continuamos  siendo un pa\u00eds sin capacidad competitiva en una \u00e9poca en la que el conocimiento  y el dominio de nuevas tecnolog\u00edas son esenciales para el desarrollo de las  personas y de la estructura productiva de las naciones\u201d, afirm\u00f3 durante una  reuni\u00f3n del Sector Educativo de la   Direcci\u00f3n de Pol\u00edticas P\u00fablicas de su proyecto  presidencial.\u00a0\u00a0 <br \/>&#13;<br \/>\n<br \/>&#13;<br \/>\nEn  la actividad tambi\u00e9n intervino la ex vicepresidenta Milagros Ortiz Bosch, quien  expuso sobre el impacto de la educaci\u00f3n para mejorar la calidad de vida de los  y las ciudadanas.<br \/>&#13;<br \/>\n<br \/>&#13;<br \/>\nDurante  el encuentro el candidato presidencial recibi\u00f3 de Roberto Fulcar, a cargo del  sector educativo de la   Direcci\u00f3n de Reformas y Pol\u00edticas Publicas\u00a0 de su  campa\u00f1a, un informe que incluy\u00f3 un an\u00e1lisis hist\u00f3rico sobre los \u00faltimos 25 a\u00f1os  de la educaci\u00f3n dominicana, una evaluaci\u00f3n de la presente gesti\u00f3n educativa, un  balance sobre el estado actual de la educaci\u00f3n dominicana y la l\u00ednea general de  acci\u00f3n del programa de gobierno del candidato presidencial para los diferentes  niveles, \u00e1reas y modalidades de la educaci\u00f3n para el cuatrienio 2008-2012.<br \/>&#13;<br \/>\n<br \/>&#13;<br \/>\nEn  el encuentro-almuerzo con intelectuales, acad\u00e9micos y especialistas del sector  educativo, incluyendo a rectores, vicerrectores, decanos, catedr\u00e1ticos y  representantes de las diferentes universidades e institutos superiores de los  sectores p\u00fablico y privado as\u00ed como de los diferentes niveles, \u00e1reas y  modalidades de la educaci\u00f3n, Vargas deplor\u00f3 que un mandatario que habla de  modernidad como el presidente Leonel Fern\u00e1ndez, haya descuidado el sector  educativo al extremo de retroceder la inversi\u00f3n en educaci\u00f3n a los niveles de  hace 13 a\u00f1os.<br \/>&#13;<br \/>\n<br \/>&#13;<br \/>\nPrecis\u00f3  que el presupuesto destinado por el presidente Fern\u00e1ndez para el presente a\u00f1o  es con relaci\u00f3n al Producto Interno Bruto (PIB) un 19.43% menor\u00a0 del monto  de 1995, dejando de invertir m\u00e1s de la mitad de lo que ordena la Ley de Educaci\u00f3n, promulgada  por \u00e9l mismo.<br \/>&#13;<br \/>\n<br \/>&#13;<br \/>\nAfirm\u00f3  que \u201ctal incumplimiento del candidato reeleccionista al financiamiento a la  educaci\u00f3n, que conforme a la ley debe ascender al 16% del Presupuesto Nacional  \u00f3 el 4% PIB, constituye una visi\u00f3n muy atrasada sobre la importancia de la  educaci\u00f3n en el desarrollo, la lucha contra la pobreza y el bienestar de la  gente\u201d.<br \/>&#13;<br \/>\n<br \/>&#13;<br \/>\nConsider\u00f3  ese incumplimiento de la ley de Educaci\u00f3n., n\u00famero 66-97, como parte de una  conducta del doctor Fern\u00e1ndez, que lo ha llevado a violar la Constituci\u00f3n de la Rep\u00fablica, como lo  hiciera en el pr\u00e9stamo contra\u00eddo en el contrato de la SunLand, y como lo hiciera  con m\u00faltiples leyes, como la de Autonom\u00eda Presupuestaria, violaci\u00f3n con la cual  ha reducido los recursos que corresponden a la Suprema Corte de  Justicia, los ayuntamientos, la Junta Central Electoral y otras entidades del  Estado. <br \/>&#13;<br \/>\n<br \/>&#13;<br \/>\nReflexion\u00f3  que a los presidentes de la   Rep\u00fablica corresponde educar con el ejemplo de sus acciones,  una de las m\u00e1s importantes es cumplir y hacer cumplir la Constituci\u00f3n y las  leyes de su pa\u00eds, \u201cy en ese sentido me he comprometido con la sociedad  dominicana, y me comprometo con ustedes a actuar diferentes al presidente  candidato, quien en vez de educar hace lo contrario con sus incumplimientos a  la normativa que todos y todas debemos respetar como pa\u00eds civilizado y  democr\u00e1tico\u201d, concluy\u00f3.\u00a0<\/span><\/p>\n<p>&#13;<\/p>\n<h6> 2008-01-17 21:39:58 <\/h6>\n<p><!--\n<link rel=\"stylesheet\" href=\"css\/bootstrap.min.css\">\n\n\n<ul class=\"pagination\">\n\t    \n\t\n\n<li >\n\t<a href='?page_no=34342'>Previous<\/a>\n\t<\/li>\n\n\n       \n    \n\n<li><a href='?page_no=1'>1<\/a><\/li>\n\n\n\n<li><a href='?page_no=2'>2<\/a><\/li>\n\n\n\n<li><a>...<\/a><\/li>\n\n\n\n<li><a href='?page_no=34341'>34341<\/a><\/li>\n\n\n\n<li><a href='?page_no=34342'>34342<\/a><\/li>\n\n\n\n<li class='active'><a>34343<\/a><\/li>\n\n\n\n<li><a href='?page_no=34344'>34344<\/a><\/li>\n\n\n\n<li><a href='?page_no=34345'>34345<\/a><\/li>\n\n\n\n<li><a>...<\/a><\/li>\n\n\n\n<li><a href='?page_no=36999'>36999<\/a><\/li>\n\n\n\n<li><a href='?page_no=37000'>37000<\/a><\/li>\n\n    \n\t\n\n<li >\n\t<a href='?page_no=34344'>Next<\/a>\n\t<\/li>\n\n\n    \n\n<li><a href='?page_no=37000'>Last &rsaquo;&rsaquo;<\/a><\/li>\n\n<\/ul>\n\n\n--><br \/>\n<\/body><\/p>\n","protected":false},"excerpt":{"rendered":"<p>Vargas Maldonado dice que se propone desarrollar una transformaci\u00f3n del sistema educativo &#13; &#13; Santo Domingo.- El candidato presidencial Miguel Vargas afirm\u00f3 que una de las medidas fundamentales del gobierno que se propone ejecutar a partir del 16 de agosto es \u201cdesarrollar una eficiente transformaci\u00f3n del sistema educativo, y como presidente de la Rep\u00fablica hacer [&hellip;]<\/p>\n","protected":false},"author":3,"featured_media":0,"comment_status":"open","ping_status":"open","sticky":false,"template":"","format":"standard","meta":{"footnotes":""},"categories":[22],"tags":[],"class_list":["post-191595","post","type-post","status-publish","format-standard","hentry","category-politica"],"_links":{"self":[{"href":"https:\/\/diariodominicano.com\/index.php?rest_route=\/wp\/v2\/posts\/191595","targetHints":{"allow":["GET"]}}],"collection":[{"href":"https:\/\/diariodominicano.com\/index.php?rest_route=\/wp\/v2\/posts"}],"about":[{"href":"https:\/\/diariodominicano.com\/index.php?rest_route=\/wp\/v2\/types\/post"}],"author":[{"embeddable":true,"href":"https:\/\/diariodominicano.com\/index.php?rest_route=\/wp\/v2\/users\/3"}],"replies":[{"embeddable":true,"href":"https:\/\/diariodominicano.com\/index.php?rest_route=%2Fwp%2Fv2%2Fcomments&post=191595"}],"version-history":[{"count":0,"href":"https:\/\/diariodominicano.com\/index.php?rest_route=\/wp\/v2\/posts\/191595\/revisions"}],"wp:attachment":[{"href":"https:\/\/diariodominicano.com\/index.php?rest_route=%2Fwp%2Fv2%2Fmedia&parent=191595"}],"wp:term":[{"taxonomy":"category","embeddable":true,"href":"https:\/\/diariodominicano.com\/index.php?rest_route=%2Fwp%2Fv2%2Fcategories&post=191595"},{"taxonomy":"post_tag","embeddable":true,"href":"https:\/\/diariodominicano.com\/index.php?rest_route=%2Fwp%2Fv2%2Ftags&post=191595"}],"curies":[{"name":"wp","href":"https:\/\/api.w.org\/{rel}","templated":true}]}}