{"id":191594,"date":"2008-01-17T23:38:36","date_gmt":"2008-01-17T23:38:36","guid":{"rendered":"http:\/\/diariodominicano.ddns.net\/?p=191594"},"modified":"2008-01-17T23:38:36","modified_gmt":"2008-01-17T23:38:36","slug":"piden-seguidores-de-vargas-maldonado-acudan-a-marchas-del-sabado","status":"publish","type":"post","link":"https:\/\/diariodominicano.com\/?p=191594","title":{"rendered":"Piden seguidores de Vargas Maldonado acudan a marchas del s\u00e1bado"},"content":{"rendered":"<p><body><\/p>\n<p class=\"titulogrande1\">Piden  seguidores de Vargas Maldonado acudan a marchas del s\u00e1bado<\/p>\n<p>&#13;<\/p>\n<p align=\"justify\" class=\"text1noticias\"><strong>Santo Domingo.-<\/strong> La dirigencia  del Sector Externo por la Victoria Electoral  (SEVE) inst\u00f3 a sus miembros y simpatizantes en la capital y las provincias a  integrarse de manera masiva y entusiasta a la Gran Caravana Nacional por la Ruta del cambio y la  victoria\u00a0 prevista para este s\u00e1bado 19  con tal de demostrar la fuerza que apoya la candidatura presidencial del  ingeniero Miguel Vargas Maldonado.<\/p>\n<p>&#13;<\/p>\n<p align=\"justify\" class=\"text1noticias\">El Partido Revolucionario  Dominicano (PRD), que postula a Vargas Maldonado,\u00a0 convoc\u00f3 a partir de la una de la tarde de  este s\u00e1bado el inicio de movilizaciones en la capital, provincias, municipios y  otras demarcaciones del territorio nacional.<\/p>\n<p>&#13;<\/p>\n<p align=\"justify\" class=\"text1noticias\">El SEVE, que preside el  reconocido m\u00e9dico y dirigente deportivo Jos\u00e9 Joaqu\u00edn Puello, fu\u00e9 constituido  precisamente para aglutinar a primer votante, sin partido o que pertenezcan a  otras organizaciones pol\u00edticas que, en cualquiera de los casos, decidan apoyar  las aspiraciones de Vargas Maldonado.<\/p>\n<p>&#13;<\/p>\n<p align=\"justify\" class=\"text1noticias\">\u201cLos miembros y simpatizantes  del Sector Externo por la Victoria Electoral  en todo el territorio nacional est\u00e1n llamados a integrarse a la marcha y  caravana que para este s\u00e1bado ha convocado la dirigencia del PRD\u201d, dijo el  doctor Puello.<\/p>\n<p>&#13;<\/p>\n<h6> 2008-01-17 23:38:36 <\/h6>\n<p><!--\n<link rel=\"stylesheet\" href=\"css\/bootstrap.min.css\">\n\n\n<ul class=\"pagination\">\n\t    \n\t\n\n<li >\n\t<a href='?page_no=34341'>Previous<\/a>\n\t<\/li>\n\n\n       \n    \n\n<li><a href='?page_no=1'>1<\/a><\/li>\n\n\n\n<li><a href='?page_no=2'>2<\/a><\/li>\n\n\n\n<li><a>...<\/a><\/li>\n\n\n\n<li><a href='?page_no=34340'>34340<\/a><\/li>\n\n\n\n<li><a href='?page_no=34341'>34341<\/a><\/li>\n\n\n\n<li class='active'><a>34342<\/a><\/li>\n\n\n\n<li><a href='?page_no=34343'>34343<\/a><\/li>\n\n\n\n<li><a href='?page_no=34344'>34344<\/a><\/li>\n\n\n\n<li><a>...<\/a><\/li>\n\n\n\n<li><a href='?page_no=36999'>36999<\/a><\/li>\n\n\n\n<li><a href='?page_no=37000'>37000<\/a><\/li>\n\n    \n\t\n\n<li >\n\t<a href='?page_no=34343'>Next<\/a>\n\t<\/li>\n\n\n    \n\n<li><a href='?page_no=37000'>Last &rsaquo;&rsaquo;<\/a><\/li>\n\n<\/ul>\n\n\n--><br \/>\n<\/body><\/p>\n","protected":false},"excerpt":{"rendered":"<p>Piden seguidores de Vargas Maldonado acudan a marchas del s\u00e1bado &#13; Santo Domingo.- La dirigencia del Sector Externo por la Victoria Electoral (SEVE) inst\u00f3 a sus miembros y simpatizantes en la capital y las provincias a integrarse de manera masiva y entusiasta a la Gran Caravana Nacional por la Ruta del cambio y la victoria\u00a0 [&hellip;]<\/p>\n","protected":false},"author":3,"featured_media":0,"comment_status":"open","ping_status":"open","sticky":false,"template":"","format":"standard","meta":{"footnotes":""},"categories":[22],"tags":[],"class_list":["post-191594","post","type-post","status-publish","format-standard","hentry","category-politica"],"_links":{"self":[{"href":"https:\/\/diariodominicano.com\/index.php?rest_route=\/wp\/v2\/posts\/191594","targetHints":{"allow":["GET"]}}],"collection":[{"href":"https:\/\/diariodominicano.com\/index.php?rest_route=\/wp\/v2\/posts"}],"about":[{"href":"https:\/\/diariodominicano.com\/index.php?rest_route=\/wp\/v2\/types\/post"}],"author":[{"embeddable":true,"href":"https:\/\/diariodominicano.com\/index.php?rest_route=\/wp\/v2\/users\/3"}],"replies":[{"embeddable":true,"href":"https:\/\/diariodominicano.com\/index.php?rest_route=%2Fwp%2Fv2%2Fcomments&post=191594"}],"version-history":[{"count":0,"href":"https:\/\/diariodominicano.com\/index.php?rest_route=\/wp\/v2\/posts\/191594\/revisions"}],"wp:attachment":[{"href":"https:\/\/diariodominicano.com\/index.php?rest_route=%2Fwp%2Fv2%2Fmedia&parent=191594"}],"wp:term":[{"taxonomy":"category","embeddable":true,"href":"https:\/\/diariodominicano.com\/index.php?rest_route=%2Fwp%2Fv2%2Fcategories&post=191594"},{"taxonomy":"post_tag","embeddable":true,"href":"https:\/\/diariodominicano.com\/index.php?rest_route=%2Fwp%2Fv2%2Ftags&post=191594"}],"curies":[{"name":"wp","href":"https:\/\/api.w.org\/{rel}","templated":true}]}}