{"id":191591,"date":"2008-01-18T02:29:51","date_gmt":"2008-01-18T02:29:51","guid":{"rendered":"http:\/\/diariodominicano.ddns.net\/?p=191591"},"modified":"2008-01-18T02:29:51","modified_gmt":"2008-01-18T02:29:51","slug":"presidente-fernandez-realizara-recorrido-por-la-region-sur","status":"publish","type":"post","link":"https:\/\/diariodominicano.com\/?p=191591","title":{"rendered":"Presidente Fern\u00e1ndez realizar\u00e1 recorrido por la Regi\u00f3n Sur"},"content":{"rendered":"<p><body><\/p>\n<p class=\"titulogrande1\"><strong>Presidente Fern\u00e1ndez realizar\u00e1 recorrido por la Regi\u00f3n Sur <\/strong><\/p>\n<p>&#13;<\/p>\n<p align=\"justify\" class=\"text1noticias\"><strong><img loading=\"lazy\" decoding=\"async\" src=\"http:\/\/localhost:8080\/pictures\/leonel en recorrido 1.jpg\" width=\"269\" height=\"179\" hspace=\"4\" align=\"left\" \/>Santo Domingo.-<\/strong> Con miras a intensificar la actividad  proselitista y confirmar que ganar\u00e1 las elecciones presidenciales en la primera  vuelta el pr\u00f3ximo 16 de mayo, el candidato a la reelecci\u00f3n presidencial, doctor  Leonel Fern\u00e1ndez estar\u00e1 visitando desde este fin de semana algunos puntos de la  regi\u00f3n Sur. <\/p>\n<p>&#13;<\/p>\n<p align=\"justify\" class=\"text1noticias\">Este viernes a partir de las cuatro de la  tarde, el mandatario recorrer\u00e1 sectores de la provincia de San Crist\u00f3bal. El  s\u00e1bado el gobernante visitar\u00e1 a la misma hora el municipio Ban\u00ed de la provincia  de Peravia y el domingo el mandatario concluir\u00e1 su recorrido por la zona sur en  la provincia de Azua.<\/p>\n<p>&#13;<\/p>\n<p align=\"justify\" class=\"text1noticias\">Durante el recorrido, al cual asistir\u00e1n los  principales dirigentes del Comit\u00e9 Pol\u00edtico del Partido de la Liberaci\u00f3n  Dominicana, se demostrar\u00e1 como en cada encuentro,\u00a0 la gran simpat\u00eda y el gran respaldo del que  goza el presidente Fern\u00e1ndez,\u00a0 de la  naci\u00f3n dominicana.<\/p>\n<p>&#13;<\/p>\n<h6> 2008-01-18 02:29:51 <\/h6>\n<p><!--\n<link rel=\"stylesheet\" href=\"css\/bootstrap.min.css\">\n\n\n<ul class=\"pagination\">\n\t    \n\t\n\n<li >\n\t<a href='?page_no=34338'>Previous<\/a>\n\t<\/li>\n\n\n       \n    \n\n<li><a href='?page_no=1'>1<\/a><\/li>\n\n\n\n<li><a href='?page_no=2'>2<\/a><\/li>\n\n\n\n<li><a>...<\/a><\/li>\n\n\n\n<li><a href='?page_no=34337'>34337<\/a><\/li>\n\n\n\n<li><a href='?page_no=34338'>34338<\/a><\/li>\n\n\n\n<li class='active'><a>34339<\/a><\/li>\n\n\n\n<li><a href='?page_no=34340'>34340<\/a><\/li>\n\n\n\n<li><a href='?page_no=34341'>34341<\/a><\/li>\n\n\n\n<li><a>...<\/a><\/li>\n\n\n\n<li><a href='?page_no=36999'>36999<\/a><\/li>\n\n\n\n<li><a href='?page_no=37000'>37000<\/a><\/li>\n\n    \n\t\n\n<li >\n\t<a href='?page_no=34340'>Next<\/a>\n\t<\/li>\n\n\n    \n\n<li><a href='?page_no=37000'>Last &rsaquo;&rsaquo;<\/a><\/li>\n\n<\/ul>\n\n\n--><br \/>\n<\/body><\/p>\n","protected":false},"excerpt":{"rendered":"<p>Presidente Fern\u00e1ndez realizar\u00e1 recorrido por la Regi\u00f3n Sur &#13; Santo Domingo.- Con miras a intensificar la actividad proselitista y confirmar que ganar\u00e1 las elecciones presidenciales en la primera vuelta el pr\u00f3ximo 16 de mayo, el candidato a la reelecci\u00f3n presidencial, doctor Leonel Fern\u00e1ndez estar\u00e1 visitando desde este fin de semana algunos puntos de la regi\u00f3n [&hellip;]<\/p>\n","protected":false},"author":3,"featured_media":0,"comment_status":"open","ping_status":"open","sticky":false,"template":"","format":"standard","meta":{"footnotes":""},"categories":[22],"tags":[],"class_list":["post-191591","post","type-post","status-publish","format-standard","hentry","category-politica"],"_links":{"self":[{"href":"https:\/\/diariodominicano.com\/index.php?rest_route=\/wp\/v2\/posts\/191591","targetHints":{"allow":["GET"]}}],"collection":[{"href":"https:\/\/diariodominicano.com\/index.php?rest_route=\/wp\/v2\/posts"}],"about":[{"href":"https:\/\/diariodominicano.com\/index.php?rest_route=\/wp\/v2\/types\/post"}],"author":[{"embeddable":true,"href":"https:\/\/diariodominicano.com\/index.php?rest_route=\/wp\/v2\/users\/3"}],"replies":[{"embeddable":true,"href":"https:\/\/diariodominicano.com\/index.php?rest_route=%2Fwp%2Fv2%2Fcomments&post=191591"}],"version-history":[{"count":0,"href":"https:\/\/diariodominicano.com\/index.php?rest_route=\/wp\/v2\/posts\/191591\/revisions"}],"wp:attachment":[{"href":"https:\/\/diariodominicano.com\/index.php?rest_route=%2Fwp%2Fv2%2Fmedia&parent=191591"}],"wp:term":[{"taxonomy":"category","embeddable":true,"href":"https:\/\/diariodominicano.com\/index.php?rest_route=%2Fwp%2Fv2%2Fcategories&post=191591"},{"taxonomy":"post_tag","embeddable":true,"href":"https:\/\/diariodominicano.com\/index.php?rest_route=%2Fwp%2Fv2%2Ftags&post=191591"}],"curies":[{"name":"wp","href":"https:\/\/api.w.org\/{rel}","templated":true}]}}