{"id":191590,"date":"2008-01-18T15:07:05","date_gmt":"2008-01-18T15:07:05","guid":{"rendered":"http:\/\/diariodominicano.ddns.net\/?p=191590"},"modified":"2008-01-18T15:07:05","modified_gmt":"2008-01-18T15:07:05","slug":"ptd-escoge-comite-nacional-de-campana-con-miras-a-las-elecciones-de-mayo","status":"publish","type":"post","link":"https:\/\/diariodominicano.com\/?p=191590","title":{"rendered":"PTD escoge Comit\u00e9 Nacional de Campa\u00f1a con miras a las elecciones de mayo"},"content":{"rendered":"<p><body><\/p>\n<p align=\"justify\" class=\"text1noticias\"><span class=\"titulogrande1\"><strong>PTD escoge Comit\u00e9 Nacional de Campa\u00f1a con miras a las elecciones de mayo<\/strong><\/span><strong><br \/>&#13;<br \/>\n  <br \/>&#13;<br \/>\n      <img loading=\"lazy\" decoding=\"async\" src=\"http:\/\/localhost:8080\/pictures\/ptd.jpg\" width=\"269\" height=\"227\" hspace=\"4\" align=\"left\" \/>BARAHONA.-<\/strong> El Partido de los Trabajadores  Dominicanos (PTD), escogi\u00f3 su Comit\u00e9 Nacional de Campa\u00f1a con miras a su  participaci\u00f3n en las elecciones del 16 de mayo donde se escoger\u00e1 al presidente  y vicepresidente de la republica para el periodo 2008-2012. <\/p>\n<p>&#13;<\/p>\n<p align=\"justify\" class=\"text1noticias\">El Comit\u00e9 Nacional de Campa\u00f1a petede\u00edsta  esta integrado por su presidente y director ejecutivo del Fondo de Promoci\u00f3n a  las Iniciativas Comunitarias (Procomunidad), Jos\u00e9 Gonz\u00e1lez Espinosa quien  fungir\u00e1 como Coordinador General. <\/p>\n<p>&#13;<\/p>\n<p align=\"justify\" class=\"text1noticias\"> Adem\u00e1s de Antonio Flori\u00e1n (pe\u00f1ita),  director ejecutivo, el ex diputado Esteban D\u00edaz Jaquez, director de finanzas,  el profesor M\u00e1ximo de la Cruz, director de  operaciones, el licenciado Francisco Luciano, director de comunicaciones, el  periodista Octavio Estella, director de prensa y relaciones p\u00fablicas. <\/p>\n<p>&#13;<\/p>\n<p align=\"justify\" class=\"text1noticias\">Tambi\u00e9n integran el organismo de campa\u00f1a  del PTD el profesor universitario F\u00e9lix G\u00f3mez como director t\u00e9cnico, el  licenciado Rodolfo Coiscou, la ex candidata a diputada por la provincia peravia  Carla Beltr\u00e9, \u00a0Pablo  Alfonso Rosario, Fernando Rodr\u00edguez, Silvio Arzeno, Antonio Adames Ram\u00edrez y  Miguel El\u00edas Castillo como \u00a0miembros. <\/p>\n<p>&#13;<\/p>\n<p align=\"justify\" class=\"text1noticias\">\u201clos  petede\u00edstas nos proponemos realizar un arduo trabajo en todo el pa\u00eds a favor de  la candidatura del presidente Fern\u00e1ndez  Reyna, para que gane las elecciones, contribuir al logro del bienestar general  del pueblo, impulsar la construcci\u00f3n de un pa\u00eds verdaderamente productivo y  democr\u00e1tico, procurar que el pa\u00eds sea gobernado y administrado decentemente\u201d  expres\u00f3 Gonz\u00e1lez Espinosa en nota de prensa. <\/p>\n<p>&#13;<\/p>\n<p align=\"justify\" class=\"text1noticias\">El PTD, como organizaci\u00f3n revolucionaria  participar\u00e1 en el pr\u00f3ximo torneo electoral aliado al PLD y dem\u00e1s fuerzas que  componen el Bloque Progresista con la finalidad de impulsar los cambios  progresistas que requiere la   Naci\u00f3n. <\/p>\n<p>&#13;<\/p>\n<p align=\"justify\" class=\"text1noticias\">La entidad pol\u00edtica de los colores verde  y negro y la flor de la cayena en su s\u00e9ptima Convenci\u00f3n Nacional Electoral,  escogi\u00f3 nuevamente\u00a0 como  su candidato presidencial al presidente Leonel Fern\u00e1ndez Reyna. <\/p>\n<p>&#13;<\/p>\n<h6> 2008-01-18 15:07:05 <\/h6>\n<p><!--\n<link rel=\"stylesheet\" href=\"css\/bootstrap.min.css\">\n\n\n<ul class=\"pagination\">\n\t    \n\t\n\n<li >\n\t<a href='?page_no=34337'>Previous<\/a>\n\t<\/li>\n\n\n       \n    \n\n<li><a href='?page_no=1'>1<\/a><\/li>\n\n\n\n<li><a href='?page_no=2'>2<\/a><\/li>\n\n\n\n<li><a>...<\/a><\/li>\n\n\n\n<li><a href='?page_no=34336'>34336<\/a><\/li>\n\n\n\n<li><a href='?page_no=34337'>34337<\/a><\/li>\n\n\n\n<li class='active'><a>34338<\/a><\/li>\n\n\n\n<li><a href='?page_no=34339'>34339<\/a><\/li>\n\n\n\n<li><a href='?page_no=34340'>34340<\/a><\/li>\n\n\n\n<li><a>...<\/a><\/li>\n\n\n\n<li><a href='?page_no=36999'>36999<\/a><\/li>\n\n\n\n<li><a href='?page_no=37000'>37000<\/a><\/li>\n\n    \n\t\n\n<li >\n\t<a href='?page_no=34339'>Next<\/a>\n\t<\/li>\n\n\n    \n\n<li><a href='?page_no=37000'>Last &rsaquo;&rsaquo;<\/a><\/li>\n\n<\/ul>\n\n\n--><br \/>\n<\/body><\/p>\n","protected":false},"excerpt":{"rendered":"<p>PTD escoge Comit\u00e9 Nacional de Campa\u00f1a con miras a las elecciones de mayo&#13; &#13; BARAHONA.- El Partido de los Trabajadores Dominicanos (PTD), escogi\u00f3 su Comit\u00e9 Nacional de Campa\u00f1a con miras a su participaci\u00f3n en las elecciones del 16 de mayo donde se escoger\u00e1 al presidente y vicepresidente de la republica para el periodo 2008-2012. &#13; [&hellip;]<\/p>\n","protected":false},"author":3,"featured_media":0,"comment_status":"open","ping_status":"open","sticky":false,"template":"","format":"standard","meta":{"footnotes":""},"categories":[22],"tags":[],"class_list":["post-191590","post","type-post","status-publish","format-standard","hentry","category-politica"],"_links":{"self":[{"href":"https:\/\/diariodominicano.com\/index.php?rest_route=\/wp\/v2\/posts\/191590","targetHints":{"allow":["GET"]}}],"collection":[{"href":"https:\/\/diariodominicano.com\/index.php?rest_route=\/wp\/v2\/posts"}],"about":[{"href":"https:\/\/diariodominicano.com\/index.php?rest_route=\/wp\/v2\/types\/post"}],"author":[{"embeddable":true,"href":"https:\/\/diariodominicano.com\/index.php?rest_route=\/wp\/v2\/users\/3"}],"replies":[{"embeddable":true,"href":"https:\/\/diariodominicano.com\/index.php?rest_route=%2Fwp%2Fv2%2Fcomments&post=191590"}],"version-history":[{"count":0,"href":"https:\/\/diariodominicano.com\/index.php?rest_route=\/wp\/v2\/posts\/191590\/revisions"}],"wp:attachment":[{"href":"https:\/\/diariodominicano.com\/index.php?rest_route=%2Fwp%2Fv2%2Fmedia&parent=191590"}],"wp:term":[{"taxonomy":"category","embeddable":true,"href":"https:\/\/diariodominicano.com\/index.php?rest_route=%2Fwp%2Fv2%2Fcategories&post=191590"},{"taxonomy":"post_tag","embeddable":true,"href":"https:\/\/diariodominicano.com\/index.php?rest_route=%2Fwp%2Fv2%2Ftags&post=191590"}],"curies":[{"name":"wp","href":"https:\/\/api.w.org\/{rel}","templated":true}]}}