{"id":191589,"date":"2008-01-18T16:00:30","date_gmt":"2008-01-18T16:00:30","guid":{"rendered":"http:\/\/diariodominicano.ddns.net\/?p=191589"},"modified":"2008-01-18T16:00:30","modified_gmt":"2008-01-18T16:00:30","slug":"los-integrantes-de-los-equipos-de-la-direccion-de-propaganda-del-pld-accidentados-se-encuentran-fuera-de-peligro","status":"publish","type":"post","link":"https:\/\/diariodominicano.com\/?p=191589","title":{"rendered":"Los integrantes de los equipos de la Direcci\u00f3n de Propaganda del PLD, accidentados se encuentran fuera de peligro"},"content":{"rendered":"<p><body><\/p>\n<p align=\"justify\" class=\"titulogrande1\"><strong>Los integrantes de los equipos de la Direcci\u00f3n de Propaganda  del PLD, accidentados se encuentran fuera de peligro <\/strong><\/p>\n<p>&#13;<\/p>\n<p align=\"justify\" class=\"text1noticias\"><strong>SANTO DOMINGO.-<\/strong> Est\u00e1n fuera de  peligro los j\u00f3venes integrantes de los equipos de la Direcci\u00f3n de Propaganda  del Partido de la   Liberaci\u00f3n Dominicana que\u00a0  en horas de la tarde del jueves fueron embestidos en el vehiculo que se  desplazaban en el sector los Parados de la Capital, inform\u00f3 este viernes el partido de  gobierno.<\/p>\n<p>&#13;<\/p>\n<p align=\"justify\" class=\"text1noticias\">Una nota informativa del partido  morado asegur\u00f3 Tony Herrera, miembro del Comit\u00e9 Central e integrante de la Direcci\u00f3n de Propaganda  del Comit\u00e9 de Campa\u00f1a pelede\u00edsta, confirm\u00f3 que en su gran mayor\u00eda los miembros  del PLD accidentados fueron curados y despachados.<\/p>\n<p>&#13;<\/p>\n<p align=\"justify\" class=\"text1noticias\">\u00abUna mayor\u00eda fueron  afectados con\u00a0\u00a0 rasgu\u00f1os, moratones y  contusiones menores, por lo que fueron atendidos y despachados\u00bb, signific\u00f3  Herrera mediante el despacho de prensa de la Secretar\u00eda de  Comunicaciones del PLD. <\/p>\n<p>&#13;<\/p>\n<p align=\"justify\" class=\"text1noticias\">No obstante aclar\u00f3 que tres de  ellas reportaron alg\u00fan tipo de traumatismo por lo que est\u00e1n siendo atendidas en  el hospital especializado\u00a0 Marcelino  V\u00e9lez Santana ubicado en el sector de Herrera en el Municipio Santo Domingo  Oeste.<\/p>\n<p>&#13;<\/p>\n<p align=\"justify\" class=\"text1noticias\">Un equipo de 23 j\u00f3venes de ambos  sexos, miembros del PLD en Herrera,\u00a0  conclu\u00edan su labor de entrega de propaganda grafica a automovilistas  cuando se dispon\u00edan a regresar al local de la Direcci\u00f3n de Propaganda  del PLD, siendo embestidos en el vehiculo en que viajaban por un cami\u00f3n. <\/p>\n<p>&#13;<\/p>\n<p align=\"justify\" class=\"text1noticias\">En principio recibieron las  atenciones primarias en el centro medico privado Moderno del Sector Los Prados,  desde donde fueron trasladadas al Hospital V\u00e9lez Santana de Herrera. <\/p>\n<p>&#13;<\/p>\n<p align=\"justify\" class=\"text1noticias\">Traumatismos de consideraci\u00f3n  sufrieron Angelina Toribio, Kimberly Reyes y Marianna Fern\u00e1ndez, quienes est\u00e1n  debidamente atendidas por especialistas en el centro cl\u00ednico de Herrera, seg\u00fan  las confirmaciones del Regidor en el ayuntamiento del Municipio Santo Domingo  Oeste, Clemente Mart\u00ednez, quien como parte de la Direcci\u00f3n Pol\u00edtica  del PLD en Herrera est\u00e1 dando seguimiento al caso. <\/p>\n<p>&#13;<\/p>\n<h6> 2008-01-18 16:00:30 <\/h6>\n<p><!--\n<link rel=\"stylesheet\" href=\"css\/bootstrap.min.css\">\n\n\n<ul class=\"pagination\">\n\t    \n\t\n\n<li >\n\t<a href='?page_no=34336'>Previous<\/a>\n\t<\/li>\n\n\n       \n    \n\n<li><a href='?page_no=1'>1<\/a><\/li>\n\n\n\n<li><a href='?page_no=2'>2<\/a><\/li>\n\n\n\n<li><a>...<\/a><\/li>\n\n\n\n<li><a href='?page_no=34335'>34335<\/a><\/li>\n\n\n\n<li><a href='?page_no=34336'>34336<\/a><\/li>\n\n\n\n<li class='active'><a>34337<\/a><\/li>\n\n\n\n<li><a href='?page_no=34338'>34338<\/a><\/li>\n\n\n\n<li><a href='?page_no=34339'>34339<\/a><\/li>\n\n\n\n<li><a>...<\/a><\/li>\n\n\n\n<li><a href='?page_no=36999'>36999<\/a><\/li>\n\n\n\n<li><a href='?page_no=37000'>37000<\/a><\/li>\n\n    \n\t\n\n<li >\n\t<a href='?page_no=34338'>Next<\/a>\n\t<\/li>\n\n\n    \n\n<li><a href='?page_no=37000'>Last &rsaquo;&rsaquo;<\/a><\/li>\n\n<\/ul>\n\n\n--><br \/>\n<\/body><\/p>\n","protected":false},"excerpt":{"rendered":"<p>Los integrantes de los equipos de la Direcci\u00f3n de Propaganda del PLD, accidentados se encuentran fuera de peligro &#13; SANTO DOMINGO.- Est\u00e1n fuera de peligro los j\u00f3venes integrantes de los equipos de la Direcci\u00f3n de Propaganda del Partido de la Liberaci\u00f3n Dominicana que\u00a0 en horas de la tarde del jueves fueron embestidos en el vehiculo [&hellip;]<\/p>\n","protected":false},"author":3,"featured_media":0,"comment_status":"open","ping_status":"open","sticky":false,"template":"","format":"standard","meta":{"footnotes":""},"categories":[22],"tags":[],"class_list":["post-191589","post","type-post","status-publish","format-standard","hentry","category-politica"],"_links":{"self":[{"href":"https:\/\/diariodominicano.com\/index.php?rest_route=\/wp\/v2\/posts\/191589","targetHints":{"allow":["GET"]}}],"collection":[{"href":"https:\/\/diariodominicano.com\/index.php?rest_route=\/wp\/v2\/posts"}],"about":[{"href":"https:\/\/diariodominicano.com\/index.php?rest_route=\/wp\/v2\/types\/post"}],"author":[{"embeddable":true,"href":"https:\/\/diariodominicano.com\/index.php?rest_route=\/wp\/v2\/users\/3"}],"replies":[{"embeddable":true,"href":"https:\/\/diariodominicano.com\/index.php?rest_route=%2Fwp%2Fv2%2Fcomments&post=191589"}],"version-history":[{"count":0,"href":"https:\/\/diariodominicano.com\/index.php?rest_route=\/wp\/v2\/posts\/191589\/revisions"}],"wp:attachment":[{"href":"https:\/\/diariodominicano.com\/index.php?rest_route=%2Fwp%2Fv2%2Fmedia&parent=191589"}],"wp:term":[{"taxonomy":"category","embeddable":true,"href":"https:\/\/diariodominicano.com\/index.php?rest_route=%2Fwp%2Fv2%2Fcategories&post=191589"},{"taxonomy":"post_tag","embeddable":true,"href":"https:\/\/diariodominicano.com\/index.php?rest_route=%2Fwp%2Fv2%2Ftags&post=191589"}],"curies":[{"name":"wp","href":"https:\/\/api.w.org\/{rel}","templated":true}]}}