{"id":191588,"date":"2008-01-18T16:42:54","date_gmt":"2008-01-18T16:42:54","guid":{"rendered":"http:\/\/diariodominicano.ddns.net\/?p=191588"},"modified":"2008-01-18T16:42:54","modified_gmt":"2008-01-18T16:42:54","slug":"vocero-reformista-llama-a-amable-aliarse-con-el-pld","status":"publish","type":"post","link":"https:\/\/diariodominicano.com\/?p=191588","title":{"rendered":"Vocero reformista llama a Amable aliarse con el PLD"},"content":{"rendered":"<p><body><\/p>\n<p class=\"titulogrande1\"><strong>Vocero  reformista llama a Amable aliarse con el PLD <\/strong><\/p>\n<p>&#13;<\/p>\n<p><strong>Dice que el candidato presidencial del  PRSC carece de preferencia pol\u00edtica ante la poblaci\u00f3n <\/strong><\/p>\n<p>&#13;<\/p>\n<p align=\"justify\" class=\"text1noticias\"><strong><img loading=\"lazy\" decoding=\"async\" src=\"http:\/\/localhost:8080\/pictures\/humberto salazar pic.jpg\" width=\"269\" height=\"336\" hspace=\"4\" align=\"left\" \/>SANTO DOMINGO.-<\/strong> El vocero del Consejo  Presidencial Reformista, Humberto Salazar, hizo un llamado este viernes al  candidato presidencial del Partido Reformista Social Cristiano (PRSC),\u00a0 Amable Aristy Castro, para que desde ya  motorice una\u00a0 alianza electoral con el Partido de la Liberaci\u00f3n Dominicana  (PLD) en la primera vuelta en las elecciones del pr\u00f3ximo 16 de mayo. <\/p>\n<p>&#13;<\/p>\n<p align=\"justify\" class=\"text1noticias\">EL dirigente pol\u00edtico y funcionario del  gobierno inform\u00f3 que el actual secretario general de la Liga Municipal  Dominicana\u00a0 carece de preferencia pol\u00edtica ante la poblaci\u00f3n.<\/p>\n<p>&#13;<\/p>\n<p align=\"justify\" class=\"text1noticias\">Dijo adem\u00e1s \u00a0que, propiciando una  alianza con el\u00a0 PLD en la actual coyuntura electoral, el candidato  presidencial reformista \u00a0\u201cse pondr\u00eda el traje de la gloria,\u00a0reunificando al partido colorao y\u00a0 apoyando la candidatura del presidente  Leonel Fern\u00e1ndez, actual presidente de la Republica y \u00a0quien cuenta con \u00a0un 54%  de preferencia pol\u00edtica\u201d.<\/p>\n<p>&#13;<\/p>\n<p align=\"justify\" class=\"text1noticias\">\u201cEl candidato presidencial Amable Aristy  Castro debe buscar su nivel, ya que en las \u00faltimas encuestas s\u00f3lo\u00a0  alcanza un 9% de preferencia, \u00a0la mayor\u00eda de la estructura del partido  reformista est\u00e1 apoyando la candidatura del presidente Leonel Fern\u00e1ndez\u201d,  sostuvo el dirigente pol\u00edtico.<\/p>\n<p>&#13;<\/p>\n<p align=\"justify\" class=\"text1noticias\">A\u00f1adi\u00f3 Salazar \u00a0que Aristy\u00a0  Castro \u00a0\u00a0no debe permitir que lo lleven a un matadero electoral, como  lo ocurrido al formalizarse la \u00a0Alianza Rosada en el 2006 por lo que debe  de permitir que ese tipo de acci\u00f3n vuelva a suceder en la contienda de mayo  pr\u00f3ximo.<\/p>\n<p>&#13;<\/p>\n<p align=\"justify\" class=\"text1noticias\">Vaticin\u00f3 que la popularidad del Amable  seguir\u00e1 bajando,\u00a0 debido a que no \u00a0es una opci\u00f3n de poder para los  dominicanos en la actual coyuntura pol\u00edtica.<\/p>\n<p>&#13;<\/p>\n<h6> 2008-01-18 16:42:54 <\/h6>\n<p><!--\n<link rel=\"stylesheet\" href=\"css\/bootstrap.min.css\">\n\n\n<ul class=\"pagination\">\n\t    \n\t\n\n<li >\n\t<a href='?page_no=34335'>Previous<\/a>\n\t<\/li>\n\n\n       \n    \n\n<li><a href='?page_no=1'>1<\/a><\/li>\n\n\n\n<li><a href='?page_no=2'>2<\/a><\/li>\n\n\n\n<li><a>...<\/a><\/li>\n\n\n\n<li><a href='?page_no=34334'>34334<\/a><\/li>\n\n\n\n<li><a href='?page_no=34335'>34335<\/a><\/li>\n\n\n\n<li class='active'><a>34336<\/a><\/li>\n\n\n\n<li><a href='?page_no=34337'>34337<\/a><\/li>\n\n\n\n<li><a href='?page_no=34338'>34338<\/a><\/li>\n\n\n\n<li><a>...<\/a><\/li>\n\n\n\n<li><a href='?page_no=36999'>36999<\/a><\/li>\n\n\n\n<li><a href='?page_no=37000'>37000<\/a><\/li>\n\n    \n\t\n\n<li >\n\t<a href='?page_no=34337'>Next<\/a>\n\t<\/li>\n\n\n    \n\n<li><a href='?page_no=37000'>Last &rsaquo;&rsaquo;<\/a><\/li>\n\n<\/ul>\n\n\n--><br \/>\n<\/body><\/p>\n","protected":false},"excerpt":{"rendered":"<p>Vocero reformista llama a Amable aliarse con el PLD &#13; Dice que el candidato presidencial del PRSC carece de preferencia pol\u00edtica ante la poblaci\u00f3n &#13; SANTO DOMINGO.- El vocero del Consejo Presidencial Reformista, Humberto Salazar, hizo un llamado este viernes al candidato presidencial del Partido Reformista Social Cristiano (PRSC),\u00a0 Amable Aristy Castro, para que desde [&hellip;]<\/p>\n","protected":false},"author":3,"featured_media":0,"comment_status":"open","ping_status":"open","sticky":false,"template":"","format":"standard","meta":{"footnotes":""},"categories":[22],"tags":[],"class_list":["post-191588","post","type-post","status-publish","format-standard","hentry","category-politica"],"_links":{"self":[{"href":"https:\/\/diariodominicano.com\/index.php?rest_route=\/wp\/v2\/posts\/191588","targetHints":{"allow":["GET"]}}],"collection":[{"href":"https:\/\/diariodominicano.com\/index.php?rest_route=\/wp\/v2\/posts"}],"about":[{"href":"https:\/\/diariodominicano.com\/index.php?rest_route=\/wp\/v2\/types\/post"}],"author":[{"embeddable":true,"href":"https:\/\/diariodominicano.com\/index.php?rest_route=\/wp\/v2\/users\/3"}],"replies":[{"embeddable":true,"href":"https:\/\/diariodominicano.com\/index.php?rest_route=%2Fwp%2Fv2%2Fcomments&post=191588"}],"version-history":[{"count":0,"href":"https:\/\/diariodominicano.com\/index.php?rest_route=\/wp\/v2\/posts\/191588\/revisions"}],"wp:attachment":[{"href":"https:\/\/diariodominicano.com\/index.php?rest_route=%2Fwp%2Fv2%2Fmedia&parent=191588"}],"wp:term":[{"taxonomy":"category","embeddable":true,"href":"https:\/\/diariodominicano.com\/index.php?rest_route=%2Fwp%2Fv2%2Fcategories&post=191588"},{"taxonomy":"post_tag","embeddable":true,"href":"https:\/\/diariodominicano.com\/index.php?rest_route=%2Fwp%2Fv2%2Ftags&post=191588"}],"curies":[{"name":"wp","href":"https:\/\/api.w.org\/{rel}","templated":true}]}}