{"id":191586,"date":"2008-01-18T18:54:56","date_gmt":"2008-01-18T18:54:56","guid":{"rendered":"http:\/\/diariodominicano.ddns.net\/?p=191586"},"modified":"2008-01-18T18:54:56","modified_gmt":"2008-01-18T18:54:56","slug":"oscar-santiago-batista-ex-senador-pld-se-juramenta-en-prsc-para-respaldar-candidatura-de-amable","status":"publish","type":"post","link":"https:\/\/diariodominicano.com\/?p=191586","title":{"rendered":"Oscar Santiago Batista: Ex senador PLD se juramenta en PRSC para respaldar candidatura de Amable"},"content":{"rendered":"<p><body><\/p>\n<p align=\"justify\" class=\"titulogrande1\">Oscar Santiago Batista: <strong>Ex senador PLD se juramenta en PRSC<\/strong> <strong>para respaldar candidatura de Amable <\/strong><\/p>\n<p>&#13;<\/p>\n<p><strong>FUE JURAMENTADO COMO VICEPRESIDENTE DEL PRSC<\/strong><\/p>\n<p>&#13;<\/p>\n<p align=\"justify\" class=\"text1noticias\"><strong><img loading=\"lazy\" decoding=\"async\" src=\"http:\/\/localhost:8080\/pictures\/senador pld prsc.jpg\" width=\"269\" height=\"360\" hspace=\"4\" align=\"left\" \/>BONAO.-<\/strong> El empresario  y ex senador pelede\u00edsta Oscar Santiago Batista anunci\u00f3 su respaldo a la  candidatura presidencial de Amable Aristy Castro durante un acto en el que fue  juramentado como vicepresidente del Partido Reformista Social Cristiano (PRSC).<\/p>\n<p>&#13;<\/p>\n<p align=\"justify\" class=\"text1noticias\">El juramento lo  tom\u00f3 el propio Aristy Castro, quien de inmediato le entreg\u00f3 el carnet que lo acredita  como vicepresidente de esa organizaci\u00f3n pol\u00edtica opositora.<\/p>\n<p>&#13;<\/p>\n<p align=\"justify\" class=\"text1noticias\">En el acto,  celebrado en un restaurante de este municipio, tambi\u00e9n fueron juramentados  cientos de dirigentes y militantes del Partido Revolucionario Social Dem\u00f3crata  (PRSD) que siguen las directrices politicas del ex legislador y ex director  ejecutivo del Consejo Estatal del Azucar (CEA) en el primer gobierno de Leonel  Fernandez.<\/p>\n<p>&#13;<\/p>\n<p align=\"justify\" class=\"text1noticias\">Batista dijo que  se integra con fe y dedicaci\u00f3n a la candidatura de Aristy Castro por entender  que constituye una verdadera opci\u00f3n de poder para resolver los graves problemas  que afectan al pa\u00eds, especialmente a los sectores pobres.<\/p>\n<p>&#13;<\/p>\n<p align=\"justify\" class=\"text1noticias\">\u201cMe voy a  integrar a tiempo completo para fortalecer la candidatura de Amable en toda la  provincia Monse\u00f1or Noel\u201d, dijo.<\/p>\n<p>&#13;<\/p>\n<p align=\"justify\" class=\"text1noticias\">Al acto, en el  que tambi\u00e9n fueron juramentados decenas de dirigentes pelede\u00edstas,  participaron, adem\u00e1s, los dirigentes reformistas V\u00edctor G\u00f3mez Casanova; Ram\u00f3n  Rogelio Genao, Alfonso Ferm\u00edn Balcacer, Fiordaliza Pichardo, Mercedes Osorio de  Fern\u00e1ndez, Wellington Mej\u00eda, Confesor Marte, Bol\u00edvar Abreu, William \u00c1lvarez,  Marino L\u00f3pez y Juan Hach\u00e9 Cury.<\/p>\n<p>&#13;<\/p>\n<h6> 2008-01-18 18:54:56 <\/h6>\n<p><!--\n<link rel=\"stylesheet\" href=\"css\/bootstrap.min.css\">\n\n\n<ul class=\"pagination\">\n\t    \n\t\n\n<li >\n\t<a href='?page_no=34333'>Previous<\/a>\n\t<\/li>\n\n\n       \n    \n\n<li><a href='?page_no=1'>1<\/a><\/li>\n\n\n\n<li><a href='?page_no=2'>2<\/a><\/li>\n\n\n\n<li><a>...<\/a><\/li>\n\n\n\n<li><a href='?page_no=34332'>34332<\/a><\/li>\n\n\n\n<li><a href='?page_no=34333'>34333<\/a><\/li>\n\n\n\n<li class='active'><a>34334<\/a><\/li>\n\n\n\n<li><a href='?page_no=34335'>34335<\/a><\/li>\n\n\n\n<li><a href='?page_no=34336'>34336<\/a><\/li>\n\n\n\n<li><a>...<\/a><\/li>\n\n\n\n<li><a href='?page_no=36999'>36999<\/a><\/li>\n\n\n\n<li><a href='?page_no=37000'>37000<\/a><\/li>\n\n    \n\t\n\n<li >\n\t<a href='?page_no=34335'>Next<\/a>\n\t<\/li>\n\n\n    \n\n<li><a href='?page_no=37000'>Last &rsaquo;&rsaquo;<\/a><\/li>\n\n<\/ul>\n\n\n--><br \/>\n<\/body><\/p>\n","protected":false},"excerpt":{"rendered":"<p>Oscar Santiago Batista: Ex senador PLD se juramenta en PRSC para respaldar candidatura de Amable &#13; FUE JURAMENTADO COMO VICEPRESIDENTE DEL PRSC &#13; BONAO.- El empresario y ex senador pelede\u00edsta Oscar Santiago Batista anunci\u00f3 su respaldo a la candidatura presidencial de Amable Aristy Castro durante un acto en el que fue juramentado como vicepresidente del [&hellip;]<\/p>\n","protected":false},"author":3,"featured_media":0,"comment_status":"open","ping_status":"open","sticky":false,"template":"","format":"standard","meta":{"footnotes":""},"categories":[22],"tags":[],"class_list":["post-191586","post","type-post","status-publish","format-standard","hentry","category-politica"],"_links":{"self":[{"href":"https:\/\/diariodominicano.com\/index.php?rest_route=\/wp\/v2\/posts\/191586","targetHints":{"allow":["GET"]}}],"collection":[{"href":"https:\/\/diariodominicano.com\/index.php?rest_route=\/wp\/v2\/posts"}],"about":[{"href":"https:\/\/diariodominicano.com\/index.php?rest_route=\/wp\/v2\/types\/post"}],"author":[{"embeddable":true,"href":"https:\/\/diariodominicano.com\/index.php?rest_route=\/wp\/v2\/users\/3"}],"replies":[{"embeddable":true,"href":"https:\/\/diariodominicano.com\/index.php?rest_route=%2Fwp%2Fv2%2Fcomments&post=191586"}],"version-history":[{"count":0,"href":"https:\/\/diariodominicano.com\/index.php?rest_route=\/wp\/v2\/posts\/191586\/revisions"}],"wp:attachment":[{"href":"https:\/\/diariodominicano.com\/index.php?rest_route=%2Fwp%2Fv2%2Fmedia&parent=191586"}],"wp:term":[{"taxonomy":"category","embeddable":true,"href":"https:\/\/diariodominicano.com\/index.php?rest_route=%2Fwp%2Fv2%2Fcategories&post=191586"},{"taxonomy":"post_tag","embeddable":true,"href":"https:\/\/diariodominicano.com\/index.php?rest_route=%2Fwp%2Fv2%2Ftags&post=191586"}],"curies":[{"name":"wp","href":"https:\/\/api.w.org\/{rel}","templated":true}]}}