{"id":191585,"date":"2008-01-18T19:24:15","date_gmt":"2008-01-18T19:24:15","guid":{"rendered":"http:\/\/diariodominicano.ddns.net\/?p=191585"},"modified":"2008-01-18T19:24:15","modified_gmt":"2008-01-18T19:24:15","slug":"en-juramentacion-frente-de-cultos-amable-dice-pld-y-prd-gobiernan-con-un-ateismo-que-afecta-a-pobres","status":"publish","type":"post","link":"https:\/\/diariodominicano.com\/?p=191585","title":{"rendered":"En Juramentaci\u00f3n Frente de Cultos: Amable dice PLD y PRD gobiernan con un ateismo  que afecta a pobres"},"content":{"rendered":"<p><body><\/p>\n<p align=\"justify\" class=\"titulogrande1\">En Juramentaci\u00f3n Frente de Cultos: <strong>Amable dice PLD y PRD gobiernan<\/strong> <strong>con un ateismo que afecta a pobres<\/strong><\/p>\n<p>&#13;<\/p>\n<p align=\"justify\" class=\"text1noticias\"><strong><img loading=\"lazy\" decoding=\"async\" src=\"http:\/\/localhost:8080\/pictures\/amablearisty.jpg\" width=\"269\" height=\"320\" hspace=\"4\" align=\"left\" \/>Santo Domingo.-<\/strong> El  candidato presidencial reformista, Amable Aristy Castro, dijo hoy que el  gobierno del doctor Leonel Fern\u00e1ndez y la administraci\u00f3n PRD-PPH han gobernado el  pa\u00eds ejerciendo un \u201cateismo pr\u00e1ctico\u201d de espalda a la mayor\u00eda del pueblo,  especialmente de los pobres y excluidos.<\/p>\n<p>&#13;<\/p>\n<p align=\"justify\" class=\"text1noticias\">Sostuvo  que ambas administraciones han abandonando a su suerte a los sectores m\u00e1s  desprotegidos de la poblaci\u00f3n, olvid\u00e1ndose de los principios cristianos de  ayudar al pr\u00f3jimo y a los necesitados, que seg\u00fan explico, es un mandato divino.<\/p>\n<p>&#13;<\/p>\n<p align=\"justify\" class=\"text1noticias\">Prometi\u00f3  gobernar con temor a Dios, respetando sus mandamientos y en procura de una  sociedad m\u00e1s justa, con menos desigualdades en la que imperen los valores y  principios del cristianismo.<\/p>\n<p>&#13;<\/p>\n<p align=\"justify\" class=\"text1noticias\">\u201cVamos  a procurar que los pobres puedan ascender socialmente en base a una m\u00e1s justa  distribuci\u00f3n de la riqueza y oportunidades dentro de un verdadero estado de  derecho y una cultura de ciudadan\u00eda\u201d, agreg\u00f3.<\/p>\n<p>&#13;<\/p>\n<p align=\"justify\" class=\"text1noticias\">Aristy  Castro habl\u00f3 en el acto de juramentaci\u00f3n de los directivos del Frente Nacional  de Cultos del PRSC que presiden Gregorio Cuevas y Jos\u00e9 N\u00fa\u00f1ez. Estuvieron  presentes el presidente del partido, Federico Ant\u00fan Batlle, y los dirigentes  nacionales Rafaela Alburquerque, Ram\u00f3n Rogelio Genao; Oscar Santiago Batista,  Pedro Bret\u00f3n, entre otros.<br \/>&#13;<br \/>\n  \u00a0<br \/>&#13;<br \/>\n  Afirmo  que est\u00e1 seguro que con la   Providencia divina y la sabidur\u00eda del pueblo dominicano ser\u00e1  el pr\u00f3ximo presidente de la   Rep\u00fablica para trabajar por el bienestar de los casi diez  millones de dominicanos, \u201cpero los pobres ser\u00e1n los primeros\u201d.<\/p>\n<p>&#13;<\/p>\n<p align=\"justify\" class=\"text1noticias\">Reiter\u00f3  su compromiso de dar un trato igualitario a las iglesias cristianas y en ese  sentido dijo que tendr\u00e1n el respaldo del Estado para la construcci\u00f3n de  templos, importaci\u00f3n de veh\u00edculos y equipos, as\u00ed como el desarrollo de las  labores sociales de los diferentes ministerios y concilios que las agrupan.<\/p>\n<p>&#13;<\/p>\n<p align=\"justify\" class=\"text1noticias\">El  aspirante a la Presidencia  de la Rep\u00fablica  prometi\u00f3, adem\u00e1s, construir un estadio con capacidad para 100 mil personas en  el que tengan prioridad las actividades de las iglesias y de manera especial la  concentraci\u00f3n que cada a\u00f1o celebran los cristianos evang\u00e9licos.<\/p>\n<p>&#13;<\/p>\n<p align=\"justify\" class=\"text1noticias\">Aristy  Castro pidi\u00f3 a los pastores que transmitan este compromiso suyo a los m\u00e1s de  dos millones de congregados que existen en Rep\u00fablica Dominicana.<\/p>\n<p>&#13;<\/p>\n<p align=\"justify\" class=\"text1noticias\">Asegur\u00f3  que en su gobierno, al igual que en la divisa que corona el escudo nacional,  Dios estar\u00e1 en primer lugar y la   Patria y sus sagrados intereses en segundo, \u201cy un tercer  lugar ser\u00e1 para la libertad, la liberaci\u00f3n de un pueblo oprimido por el hambre  y la falta de oportunidades, reo del enga\u00f1o y la simulaci\u00f3n que necesita un  gobierno de la verdad, con sensibilidad social y pol\u00edtica\u201d.<\/p>\n<p>&#13;<\/p>\n<h6> 2008-01-18 19:24:15 <\/h6>\n<p><!--\n<link rel=\"stylesheet\" href=\"css\/bootstrap.min.css\">\n\n\n<ul class=\"pagination\">\n\t    \n\t\n\n<li >\n\t<a href='?page_no=34332'>Previous<\/a>\n\t<\/li>\n\n\n       \n    \n\n<li><a href='?page_no=1'>1<\/a><\/li>\n\n\n\n<li><a href='?page_no=2'>2<\/a><\/li>\n\n\n\n<li><a>...<\/a><\/li>\n\n\n\n<li><a href='?page_no=34331'>34331<\/a><\/li>\n\n\n\n<li><a href='?page_no=34332'>34332<\/a><\/li>\n\n\n\n<li class='active'><a>34333<\/a><\/li>\n\n\n\n<li><a href='?page_no=34334'>34334<\/a><\/li>\n\n\n\n<li><a href='?page_no=34335'>34335<\/a><\/li>\n\n\n\n<li><a>...<\/a><\/li>\n\n\n\n<li><a href='?page_no=36999'>36999<\/a><\/li>\n\n\n\n<li><a href='?page_no=37000'>37000<\/a><\/li>\n\n    \n\t\n\n<li >\n\t<a href='?page_no=34334'>Next<\/a>\n\t<\/li>\n\n\n    \n\n<li><a href='?page_no=37000'>Last &rsaquo;&rsaquo;<\/a><\/li>\n\n<\/ul>\n\n\n--><br \/>\n<\/body><\/p>\n","protected":false},"excerpt":{"rendered":"<p>En Juramentaci\u00f3n Frente de Cultos: Amable dice PLD y PRD gobiernan con un ateismo que afecta a pobres &#13; Santo Domingo.- El candidato presidencial reformista, Amable Aristy Castro, dijo hoy que el gobierno del doctor Leonel Fern\u00e1ndez y la administraci\u00f3n PRD-PPH han gobernado el pa\u00eds ejerciendo un \u201cateismo pr\u00e1ctico\u201d de espalda a la mayor\u00eda del [&hellip;]<\/p>\n","protected":false},"author":3,"featured_media":0,"comment_status":"open","ping_status":"open","sticky":false,"template":"","format":"standard","meta":{"footnotes":""},"categories":[22],"tags":[],"class_list":["post-191585","post","type-post","status-publish","format-standard","hentry","category-politica"],"_links":{"self":[{"href":"https:\/\/diariodominicano.com\/index.php?rest_route=\/wp\/v2\/posts\/191585","targetHints":{"allow":["GET"]}}],"collection":[{"href":"https:\/\/diariodominicano.com\/index.php?rest_route=\/wp\/v2\/posts"}],"about":[{"href":"https:\/\/diariodominicano.com\/index.php?rest_route=\/wp\/v2\/types\/post"}],"author":[{"embeddable":true,"href":"https:\/\/diariodominicano.com\/index.php?rest_route=\/wp\/v2\/users\/3"}],"replies":[{"embeddable":true,"href":"https:\/\/diariodominicano.com\/index.php?rest_route=%2Fwp%2Fv2%2Fcomments&post=191585"}],"version-history":[{"count":0,"href":"https:\/\/diariodominicano.com\/index.php?rest_route=\/wp\/v2\/posts\/191585\/revisions"}],"wp:attachment":[{"href":"https:\/\/diariodominicano.com\/index.php?rest_route=%2Fwp%2Fv2%2Fmedia&parent=191585"}],"wp:term":[{"taxonomy":"category","embeddable":true,"href":"https:\/\/diariodominicano.com\/index.php?rest_route=%2Fwp%2Fv2%2Fcategories&post=191585"},{"taxonomy":"post_tag","embeddable":true,"href":"https:\/\/diariodominicano.com\/index.php?rest_route=%2Fwp%2Fv2%2Ftags&post=191585"}],"curies":[{"name":"wp","href":"https:\/\/api.w.org\/{rel}","templated":true}]}}