{"id":191583,"date":"2008-01-18T23:47:39","date_gmt":"2008-01-18T23:47:39","guid":{"rendered":"http:\/\/diariodominicano.ddns.net\/?p=191583"},"modified":"2008-01-18T23:47:39","modified_gmt":"2008-01-18T23:47:39","slug":"dominicanos-buscaron-votos-para-candidatura-de-leonel-en-nueva-york","status":"publish","type":"post","link":"https:\/\/diariodominicano.com\/?p=191583","title":{"rendered":"Dominicanos buscaron votos para candidatura de Leonel en Nueva York"},"content":{"rendered":"<p><body><\/p>\n<p class=\"titulogrande1\">Dominicanos  buscaron votos para candidatura de Leonel en Nueva York<\/p>\n<p>&#13;<\/p>\n<p align=\"justify\" class=\"text1noticias\"><strong>NUEVA YORK.-<\/strong> Decenas de  dominicanos se reunieron este viernes en  esta ciudad para dejar constituido un nuevo movimiento politico con el objetivo de integrar una gran parte de  la comunidad quisqueyana en el exterior al proceso electoral\u00a0 que se celebrar\u00e1\u00a0 el 16 de mayo del presente a\u00f1o.<br \/>&#13;<br \/>\n  \u00a0<br \/>&#13;<br \/>\n  En el encuentro se eligi\u00f3 el  equipo de direcci\u00f3n del Movimiento Compromiso Ciudadano Real (COCIRE), el caul  se dedicar\u00e1 a buscar votos entre los votantes del exterior para el candidato del PLD, doctor Leonel  Fern\u00e1ndez.<br \/>&#13;<br \/>\n  \u00a0<br \/>&#13;<br \/>\n  La directiva est\u00e1 encabezada  por el agronomo Oscar Merejo,Luis Padilla, encargado de asuntos  operativos;Griselda batista, secretaria de organizaci\u00f3n; Edgar Figueroa, secretario  de finanzas;modesto Bautista, secretario de actas y correspondencias; Arismendy  Gonzalez, secretario de prensa y propaganda;Leonel Jimenez, secretario de  ultramar y Miguel valentin,encargado de transporte.<br \/>&#13;<br \/>\n  \u00a0<br \/>&#13;<br \/>\n  En el encuentro efectuado en  un restaurant del Alto Manhtatan, tambien se encontraban presentes, los  miembros del nuevo movimiento\u00a0 Rafael  Sanchez,Gorge Vidal,Abigail Rodriguez,Pedro Santana, Sergio Valdez, Am\u00e9rica  S\u00e1nchez y Alba Valoi, entre otros.<br \/>&#13;<br \/>\n  \u00a0<br \/>&#13;<br \/>\n  \u00abDebemos se\u00f1alar que la  mayoria de los miembros de este movimiento nunca habian participado en ning\u00fan  partido politico, pero en los ultimos tiempos se han interesados por participar  en un equipo que apoye las ejecutorias realizadas durante el gobierno encabezado por el compa\u00f1ero Leonel  Fern\u00e1ndez\u00bb, se\u00f1al\u00f3\u00a0 Merejo, el  coordinador general del movimiento.<br \/>&#13;<br \/>\n  \u00a0<br \/>&#13;<br \/>\n  Dijo que dicho movimiento\u00a0 est\u00e1 trabajando para aportar miles\u00a0 de votos al candidato del PLD , para que gane  en la priemra vuelta de las elecciones del 16 de mayo del presente a\u00f1o.<\/p>\n<p>&#13;<\/p>\n<h6> 2008-01-18 23:47:39 <\/h6>\n<p><!--\n<link rel=\"stylesheet\" href=\"css\/bootstrap.min.css\">\n\n\n<ul class=\"pagination\">\n\t    \n\t\n\n<li >\n\t<a href='?page_no=34330'>Previous<\/a>\n\t<\/li>\n\n\n       \n    \n\n<li><a href='?page_no=1'>1<\/a><\/li>\n\n\n\n<li><a href='?page_no=2'>2<\/a><\/li>\n\n\n\n<li><a>...<\/a><\/li>\n\n\n\n<li><a href='?page_no=34329'>34329<\/a><\/li>\n\n\n\n<li><a href='?page_no=34330'>34330<\/a><\/li>\n\n\n\n<li class='active'><a>34331<\/a><\/li>\n\n\n\n<li><a href='?page_no=34332'>34332<\/a><\/li>\n\n\n\n<li><a href='?page_no=34333'>34333<\/a><\/li>\n\n\n\n<li><a>...<\/a><\/li>\n\n\n\n<li><a href='?page_no=36999'>36999<\/a><\/li>\n\n\n\n<li><a href='?page_no=37000'>37000<\/a><\/li>\n\n    \n\t\n\n<li >\n\t<a href='?page_no=34332'>Next<\/a>\n\t<\/li>\n\n\n    \n\n<li><a href='?page_no=37000'>Last &rsaquo;&rsaquo;<\/a><\/li>\n\n<\/ul>\n\n\n--><br \/>\n<\/body><\/p>\n","protected":false},"excerpt":{"rendered":"<p>Dominicanos buscaron votos para candidatura de Leonel en Nueva York &#13; NUEVA YORK.- Decenas de dominicanos se reunieron este viernes en esta ciudad para dejar constituido un nuevo movimiento politico con el objetivo de integrar una gran parte de la comunidad quisqueyana en el exterior al proceso electoral\u00a0 que se celebrar\u00e1\u00a0 el 16 de mayo [&hellip;]<\/p>\n","protected":false},"author":3,"featured_media":0,"comment_status":"open","ping_status":"open","sticky":false,"template":"","format":"standard","meta":{"footnotes":""},"categories":[22],"tags":[],"class_list":["post-191583","post","type-post","status-publish","format-standard","hentry","category-politica"],"_links":{"self":[{"href":"https:\/\/diariodominicano.com\/index.php?rest_route=\/wp\/v2\/posts\/191583","targetHints":{"allow":["GET"]}}],"collection":[{"href":"https:\/\/diariodominicano.com\/index.php?rest_route=\/wp\/v2\/posts"}],"about":[{"href":"https:\/\/diariodominicano.com\/index.php?rest_route=\/wp\/v2\/types\/post"}],"author":[{"embeddable":true,"href":"https:\/\/diariodominicano.com\/index.php?rest_route=\/wp\/v2\/users\/3"}],"replies":[{"embeddable":true,"href":"https:\/\/diariodominicano.com\/index.php?rest_route=%2Fwp%2Fv2%2Fcomments&post=191583"}],"version-history":[{"count":0,"href":"https:\/\/diariodominicano.com\/index.php?rest_route=\/wp\/v2\/posts\/191583\/revisions"}],"wp:attachment":[{"href":"https:\/\/diariodominicano.com\/index.php?rest_route=%2Fwp%2Fv2%2Fmedia&parent=191583"}],"wp:term":[{"taxonomy":"category","embeddable":true,"href":"https:\/\/diariodominicano.com\/index.php?rest_route=%2Fwp%2Fv2%2Fcategories&post=191583"},{"taxonomy":"post_tag","embeddable":true,"href":"https:\/\/diariodominicano.com\/index.php?rest_route=%2Fwp%2Fv2%2Ftags&post=191583"}],"curies":[{"name":"wp","href":"https:\/\/api.w.org\/{rel}","templated":true}]}}